{"id":23341,"date":"2018-11-15T07:57:03","date_gmt":"2018-11-15T04:57:03","guid":{"rendered":"http:\/\/arantv.az\/?p=23341"},"modified":"2018-11-15T07:57:03","modified_gmt":"2018-11-15T04:57:03","slug":"m%c9%99n%c9%99-nagil-anlatmaya-niyy%c9%99t-yaxsi-ki-varimsana-qism%c9%99t","status":"publish","type":"post","link":"https:\/\/arantv.az\/?p=23341","title":{"rendered":"&#8220;M\u0259n\u0259 na\u011f\u0131l anlatma&#8221;ya niyy\u0259t, &#8220;Yax\u015f\u0131 ki var\u0131msan&#8221;a qism\u0259t"},"content":{"rendered":"<p>Son zamanlarda ad\u0131 g\u00fcnd\u0259md\u0259n d\u00fc\u015fm\u0259y\u0259n vokal ifa\u00e7\u0131s\u0131 C\u0259mil T\u00fcrkiy\u0259d\u0259ki yeni layih\u0259sinin gecikm\u0259 s\u0259b\u0259bini a\u00e7\u0131qlay\u0131b.<strong>ARANTV.AZ<\/strong>-a yenilikl\u0259rind\u0259n dan\u0131\u015fan C\u0259mil tezlikl\u0259 n\u00f6vb\u0259ti mahn\u0131s\u0131n\u0131n i\u015f\u0131q \u00fcz\u00fc g\u00f6r\u0259c\u0259yini bildirib: &#8220;\u201cM\u0259n\u0259 na\u011f\u0131l anlatma\u201d mahn\u0131s\u0131 bitm\u0259yib, yar\u0131m\u00e7\u0131q saxlad\u0131m. Planlar\u0131m d\u0259yi\u015fdi. O b\u0259st\u0259 ikinci plana ke\u00e7di. \u00c7\u0131x\u0131\u015f mahn\u0131m \u201cYax\u015f\u0131 ki, var\u0131msan\u201d olacaq. \u00c7ox q\u0259\u015f\u0259ng b\u0259st\u0259dir. M\u0259ni sev\u0259nl\u0259rim kimi sev\u0259n olmad\u0131.\u00c7ox az qal\u0131b. Sevil\u0259c\u0259yin\u0259 inan\u0131ram. \u015e\u0259rq mahn\u0131s\u0131na ox\u015fay\u0131r. Yeni imic \u00fcz\u0259rind\u0259 \u00e7al\u0131\u015f\u0131r\u0131q. Bu imicl\u0259 h\u0259r k\u0259si t\u0259\u0259cc\u00fcbl\u0259ndir\u0259m. D\u00fcnya ulduzlar\u0131 bel\u0259, m\u0259ni g\u00f6r\u00fcb, \u015foka d\u00fc\u015f\u0259c\u0259k. S\u00f6z\u00fcged\u0259n imicimi ilk d\u0259f\u0259 &#8220;Yax\u015f\u0131 ki var\u0131msan&#8221; mahn\u0131ma h\u0259sr edil\u0259n fotosessiyada g\u00f6r\u0259 bil\u0259c\u0259ksiniz&#8221;.<\/p>\n","protected":false},"excerpt":{"rendered":"<p>Son zamanlarda ad\u0131 g\u00fcnd\u0259md\u0259n d\u00fc\u015fm\u0259y\u0259n vokal ifa\u00e7\u0131s\u0131 C\u0259mil T\u00fcrkiy\u0259d\u0259ki yeni layih\u0259sinin gecikm\u0259 s\u0259b\u0259bini a\u00e7\u0131qlay\u0131b.ARANTV.AZ-a yenilikl\u0259rind\u0259n dan\u0131\u015fan C\u0259mil tezlikl\u0259 n\u00f6vb\u0259ti mahn\u0131s\u0131n\u0131n i\u015f\u0131q \u00fcz\u00fc g\u00f6r\u0259c\u0259yini bildirib: &#8220;\u201cM\u0259n\u0259 na\u011f\u0131l anlatma\u201d mahn\u0131s\u0131 bitm\u0259yib, yar\u0131m\u00e7\u0131q saxlad\u0131m. Planlar\u0131m d\u0259yi\u015fdi. O b\u0259st\u0259 ikinci plana ke\u00e7di. \u00c7\u0131x\u0131\u015f mahn\u0131m \u201cYax\u015f\u0131 ki, var\u0131msan\u201d olacaq. \u00c7ox q\u0259\u015f\u0259ng b\u0259st\u0259dir. M\u0259ni sev\u0259nl\u0259rim kimi sev\u0259n olmad\u0131.\u00c7ox az qal\u0131b. Sevil\u0259c\u0259yin\u0259 inan\u0131ram. \u015e\u0259rq mahn\u0131s\u0131na ox\u015fay\u0131r. Yeni imic \u00fcz\u0259rind\u0259 \u00e7al\u0131\u015f\u0131r\u0131q. Bu imicl\u0259 h\u0259r k\u0259si t\u0259\u0259cc\u00fcbl\u0259ndir\u0259m. D\u00fcnya ulduzlar\u0131 bel\u0259, m\u0259ni g\u00f6r\u00fcb, \u015foka d\u00fc\u015f\u0259c\u0259k. S\u00f6z\u00fcged\u0259n imicimi ilk d\u0259f\u0259 &#8220;Yax\u015f\u0131 ki var\u0131msan&#8221; mahn\u0131ma h\u0259sr edil\u0259n fotosessiyada g\u00f6r\u0259 bil\u0259c\u0259ksiniz&#8221;.<\/p>\n","protected":false},"author":2,"featured_media":23342,"comment_status":"closed","ping_status":"closed","sticky":false,"template":"","format":"standard","meta":{"om_disable_all_campaigns":false,"_monsterinsights_skip_tracking":false,"_monsterinsights_sitenote_active":false,"_monsterinsights_sitenote_note":"","_monsterinsights_sitenote_category":0},"categories":[20],"tags":[],"aioseo_notices":[],"gutentor_comment":0,"rttpg_featured_image_url":{"full":["https:\/\/arantv.az\/wp-content\/uploads\/2018\/11\/46204894_314504509277477_6272620176110256128_n.jpg",960,641,false],"landscape":["https:\/\/arantv.az\/wp-content\/uploads\/2018\/11\/46204894_314504509277477_6272620176110256128_n.jpg",960,641,false],"portraits":["https:\/\/arantv.az\/wp-content\/uploads\/2018\/11\/46204894_314504509277477_6272620176110256128_n.jpg",960,641,false],"thumbnail":["https:\/\/arantv.az\/wp-content\/uploads\/2018\/11\/46204894_314504509277477_6272620176110256128_n-150x150.jpg",150,150,true],"medium":["https:\/\/arantv.az\/wp-content\/uploads\/2018\/11\/46204894_314504509277477_6272620176110256128_n-300x200.jpg",300,200,true],"large":["https:\/\/arantv.az\/wp-content\/uploads\/2018\/11\/46204894_314504509277477_6272620176110256128_n.jpg",640,427,false],"1536x1536":["https:\/\/arantv.az\/wp-content\/uploads\/2018\/11\/46204894_314504509277477_6272620176110256128_n.jpg",960,641,false],"2048x2048":["https:\/\/arantv.az\/wp-content\/uploads\/2018\/11\/46204894_314504509277477_6272620176110256128_n.jpg",960,641,false],"post-thumbnail":["https:\/\/arantv.az\/wp-content\/uploads\/2018\/11\/46204894_314504509277477_6272620176110256128_n-240x172.jpg",240,172,true],"advps-thumb-one":["https:\/\/arantv.az\/wp-content\/uploads\/2018\/11\/46204894_314504509277477_6272620176110256128_n-960x620.jpg",960,620,true]},"rttpg_author":{"display_name":"V\u00fcsal Rafiqo\u011flu","author_link":"https:\/\/arantv.az\/?author=2"},"rttpg_comment":0,"rttpg_category":"<a href=\"https:\/\/arantv.az\/?cat=20\" rel=\"category\">\u015eou biznes<\/a>","rttpg_excerpt":"Son zamanlarda ad\u0131 g\u00fcnd\u0259md\u0259n d\u00fc\u015fm\u0259y\u0259n vokal ifa\u00e7\u0131s\u0131 C\u0259mil T\u00fcrkiy\u0259d\u0259ki yeni layih\u0259sinin gecikm\u0259 s\u0259b\u0259bini a\u00e7\u0131qlay\u0131b.ARANTV.AZ-a yenilikl\u0259rind\u0259n dan\u0131\u015fan C\u0259mil tezlikl\u0259 n\u00f6vb\u0259ti mahn\u0131s\u0131n\u0131n i\u015f\u0131q \u00fcz\u00fc g\u00f6r\u0259c\u0259yini bildirib: &#8220;\u201cM\u0259n\u0259 na\u011f\u0131l anlatma\u201d mahn\u0131s\u0131 bitm\u0259yib, yar\u0131m\u00e7\u0131q saxlad\u0131m. Planlar\u0131m d\u0259yi\u015fdi. O b\u0259st\u0259 ikinci plana ke\u00e7di. \u00c7\u0131x\u0131\u015f mahn\u0131m \u201cYax\u015f\u0131 ki, var\u0131msan\u201d olacaq. \u00c7ox q\u0259\u015f\u0259ng b\u0259st\u0259dir. M\u0259ni sev\u0259nl\u0259rim kimi sev\u0259n olmad\u0131.\u00c7ox az qal\u0131b. Sevil\u0259c\u0259yin\u0259&hellip;","_links":{"self":[{"href":"https:\/\/arantv.az\/index.php?rest_route=\/wp\/v2\/posts\/23341"}],"collection":[{"href":"https:\/\/arantv.az\/index.php?rest_route=\/wp\/v2\/posts"}],"about":[{"href":"https:\/\/arantv.az\/index.php?rest_route=\/wp\/v2\/types\/post"}],"author":[{"embeddable":true,"href":"https:\/\/arantv.az\/index.php?rest_route=\/wp\/v2\/users\/2"}],"replies":[{"embeddable":true,"href":"https:\/\/arantv.az\/index.php?rest_route=%2Fwp%2Fv2%2Fcomments&post=23341"}],"version-history":[{"count":0,"href":"https:\/\/arantv.az\/index.php?rest_route=\/wp\/v2\/posts\/23341\/revisions"}],"wp:featuredmedia":[{"embeddable":true,"href":"https:\/\/arantv.az\/index.php?rest_route=\/wp\/v2\/media\/23342"}],"wp:attachment":[{"href":"https:\/\/arantv.az\/index.php?rest_route=%2Fwp%2Fv2%2Fmedia&parent=23341"}],"wp:term":[{"taxonomy":"category","embeddable":true,"href":"https:\/\/arantv.az\/index.php?rest_route=%2Fwp%2Fv2%2Fcategories&post=23341"},{"taxonomy":"post_tag","embeddable":true,"href":"https:\/\/arantv.az\/index.php?rest_route=%2Fwp%2Fv2%2Ftags&post=23341"}],"curies":[{"name":"wp","href":"https:\/\/api.w.org\/{rel}","templated":true}]}}