{"id":233475,"date":"2020-11-09T13:08:49","date_gmt":"2020-11-09T10:08:49","guid":{"rendered":"http:\/\/arantv.az\/?p=233475"},"modified":"2020-11-09T13:08:49","modified_gmt":"2020-11-09T10:08:49","slug":"prezident-biz-artiq-erm%c9%99nistan-dovl%c9%99tin%c9%99-qarsi-m%c9%99hk%c9%99m%c9%99-iddialarina-hazirlasiriq","status":"publish","type":"post","link":"https:\/\/arantv.az\/?p=233475","title":{"rendered":"Prezident: \u201cBiz art\u0131q Erm\u0259nistan d\u00f6vl\u0259tin\u0259 qar\u015f\u0131 m\u0259hk\u0259m\u0259 iddialar\u0131na haz\u0131rla\u015f\u0131r\u0131q\u201d"},"content":{"rendered":"<p>\u201c\u0130lk n\u00f6vb\u0259d\u0259, bizim Erm\u0259nistan d\u00f6vl\u0259tinin Az\u0259rbaycana v\u0259 v\u0259t\u0259nda\u015flar\u0131m\u0131z\u0131n \u0259mlak\u0131na vurdu\u011fu ziyan\u0131 qiym\u0259tl\u0259ndirm\u0259y\u0259 ehtiyac\u0131m\u0131z olacaq\u201d.<\/p>\n<p>Bunu\u00a0Az\u0259rbaycan Respublikas\u0131n\u0131n Prezidenti \u0130lham \u018fliyev noyabr\u0131n 6-da \u201cBBC News\u201da m\u00fcsahib\u0259si zaman\u0131 deyib.<\/p>\n<p>D\u00f6vl\u0259t ba\u015f\u00e7\u0131s\u0131 bildirib ki, d\u00f6vl\u0259timiz\u0259, tarixi irsimiz\u0259 d\u0259ymi\u015f ziyan\u0131 qiym\u0259tl\u0259ndirm\u0259k \u00fc\u00e7\u00fcn beyn\u0259lxalq ekspertl\u0259ri d\u0259v\u0259t ed\u0259c\u0259yik:<\/p>\n<p>\u201c\u00c7\u00fcnki azad edilmi\u015f \u0259razil\u0259rd\u0259, dem\u0259k olar ki, h\u0259r \u015fey da\u011f\u0131d\u0131l\u0131b. M\u0259n d\u0259f\u0259l\u0259rl\u0259 demi\u015f\u0259m ki, on minl\u0259rl\u0259 insan\u0131n ya\u015fad\u0131\u011f\u0131 b\u00f6y\u00fck \u015f\u0259h\u0259r olan F\u00fczulid\u0259 biz bayraq sancmaq \u00fc\u00e7\u00fcn bina tapa bilm\u0259dik. Bel\u0259likl\u0259, biz onu dir\u0259y\u0259 taxd\u0131q. Ona g\u00f6r\u0259 d\u0259, biz, ilk n\u00f6vb\u0259d\u0259, d\u0259ymi\u015f ziyan\u0131 qiym\u0259tl\u0259ndir\u0259c\u0259yik.<\/p>\n<p>Biz ekologiyam\u0131za, infrastrukturumuza, evl\u0259rini itirmi\u015f m\u00fclki \u015f\u0259xsl\u0259rimiz\u0259 v\u0259 d\u00f6vl\u0259timiz\u0259, tarixi irsimiz\u0259 d\u0259ymi\u015f ziyan\u0131 qiym\u0259tl\u0259ndirm\u0259k \u00fc\u00e7\u00fcn beyn\u0259lxalq ekspertl\u0259ri d\u0259v\u0259t ed\u0259c\u0259yik. \u00c7\u00fcnki b\u00fct\u00fcn m\u0259scidl\u0259r, b\u00fct\u00fcn muzeyl\u0259r da\u011f\u0131d\u0131l\u0131b. Bu, birincisi.<\/p>\n<p>Bundan sonra, \u0259lb\u0259tt\u0259 ki, m\u0259hk\u0259m\u0259 iddialar\u0131 olacaq, Erm\u0259nistan d\u00f6vl\u0259tin\u0259 qar\u015f\u0131 m\u0259hk\u0259m\u0259 iddialar\u0131 v\u0259 biz art\u0131q buna haz\u0131rla\u015f\u0131r\u0131q. \u0130kincisi, bizim insanlar\u0131n orada ya\u015famas\u0131 \u00fc\u00e7\u00fcn az\u0131 ilkin \u015f\u0259rait yaratma\u011fa ehtiyac\u0131m\u0131z olacaq. Biz tikinti materiallar\u0131 t\u0259dar\u00fck etm\u0259li, infrastruktura investisiya yat\u0131rmal\u0131y\u0131q\u201d.<\/p>\n","protected":false},"excerpt":{"rendered":"<p>\u201c\u0130lk n\u00f6vb\u0259d\u0259, bizim Erm\u0259nistan d\u00f6vl\u0259tinin Az\u0259rbaycana v\u0259 v\u0259t\u0259nda\u015flar\u0131m\u0131z\u0131n \u0259mlak\u0131na vurdu\u011fu ziyan\u0131 qiym\u0259tl\u0259ndirm\u0259y\u0259 ehtiyac\u0131m\u0131z olacaq\u201d. Bunu\u00a0Az\u0259rbaycan Respublikas\u0131n\u0131n Prezidenti \u0130lham \u018fliyev noyabr\u0131n 6-da \u201cBBC News\u201da m\u00fcsahib\u0259si zaman\u0131 deyib. D\u00f6vl\u0259t ba\u015f\u00e7\u0131s\u0131 bildirib ki, d\u00f6vl\u0259timiz\u0259, tarixi irsimiz\u0259 d\u0259ymi\u015f ziyan\u0131 qiym\u0259tl\u0259ndirm\u0259k \u00fc\u00e7\u00fcn beyn\u0259lxalq ekspertl\u0259ri d\u0259v\u0259t ed\u0259c\u0259yik: \u201c\u00c7\u00fcnki azad edilmi\u015f \u0259razil\u0259rd\u0259, dem\u0259k olar ki, h\u0259r \u015fey da\u011f\u0131d\u0131l\u0131b. M\u0259n d\u0259f\u0259l\u0259rl\u0259 demi\u015f\u0259m ki, on minl\u0259rl\u0259 insan\u0131n ya\u015fad\u0131\u011f\u0131 b\u00f6y\u00fck \u015f\u0259h\u0259r olan F\u00fczulid\u0259 biz bayraq sancmaq \u00fc\u00e7\u00fcn bina tapa bilm\u0259dik. Bel\u0259likl\u0259, biz onu dir\u0259y\u0259 taxd\u0131q. Ona g\u00f6r\u0259 d\u0259, biz, ilk n\u00f6vb\u0259d\u0259, d\u0259ymi\u015f ziyan\u0131 qiym\u0259tl\u0259ndir\u0259c\u0259yik. Biz ekologiyam\u0131za, infrastrukturumuza, evl\u0259rini itirmi\u015f m\u00fclki&hellip;<\/p>\n","protected":false},"author":2,"featured_media":233476,"comment_status":"closed","ping_status":"closed","sticky":false,"template":"","format":"standard","meta":{"om_disable_all_campaigns":false,"_monsterinsights_skip_tracking":false,"_monsterinsights_sitenote_active":false,"_monsterinsights_sitenote_note":"","_monsterinsights_sitenote_category":0},"categories":[4],"tags":[],"aioseo_notices":[],"gutentor_comment":0,"rttpg_featured_image_url":{"full":["https:\/\/arantv.az\/wp-content\/uploads\/2020\/11\/16029166922674656365_1000x669.jpg",620,348,false],"landscape":["https:\/\/arantv.az\/wp-content\/uploads\/2020\/11\/16029166922674656365_1000x669.jpg",620,348,false],"portraits":["https:\/\/arantv.az\/wp-content\/uploads\/2020\/11\/16029166922674656365_1000x669.jpg",620,348,false],"thumbnail":["https:\/\/arantv.az\/wp-content\/uploads\/2020\/11\/16029166922674656365_1000x669-150x150.jpg",150,150,true],"medium":["https:\/\/arantv.az\/wp-content\/uploads\/2020\/11\/16029166922674656365_1000x669-300x168.jpg",300,168,true],"large":["https:\/\/arantv.az\/wp-content\/uploads\/2020\/11\/16029166922674656365_1000x669.jpg",620,348,false],"1536x1536":["https:\/\/arantv.az\/wp-content\/uploads\/2020\/11\/16029166922674656365_1000x669.jpg",620,348,false],"2048x2048":["https:\/\/arantv.az\/wp-content\/uploads\/2020\/11\/16029166922674656365_1000x669.jpg",620,348,false],"post-thumbnail":["https:\/\/arantv.az\/wp-content\/uploads\/2020\/11\/16029166922674656365_1000x669-240x172.jpg",240,172,true],"advps-thumb-one":["https:\/\/arantv.az\/wp-content\/uploads\/2020\/11\/16029166922674656365_1000x669.jpg",620,348,false]},"rttpg_author":{"display_name":"V\u00fcsal Rafiqo\u011flu","author_link":"https:\/\/arantv.az\/?author=2"},"rttpg_comment":0,"rttpg_category":"<a href=\"https:\/\/arantv.az\/?cat=4\" rel=\"category\">Siyas\u0259t<\/a>","rttpg_excerpt":"\u201c\u0130lk n\u00f6vb\u0259d\u0259, bizim Erm\u0259nistan d\u00f6vl\u0259tinin Az\u0259rbaycana v\u0259 v\u0259t\u0259nda\u015flar\u0131m\u0131z\u0131n \u0259mlak\u0131na vurdu\u011fu ziyan\u0131 qiym\u0259tl\u0259ndirm\u0259y\u0259 ehtiyac\u0131m\u0131z olacaq\u201d. Bunu\u00a0Az\u0259rbaycan Respublikas\u0131n\u0131n Prezidenti \u0130lham \u018fliyev noyabr\u0131n 6-da \u201cBBC News\u201da m\u00fcsahib\u0259si zaman\u0131 deyib. D\u00f6vl\u0259t ba\u015f\u00e7\u0131s\u0131 bildirib ki, d\u00f6vl\u0259timiz\u0259, tarixi irsimiz\u0259 d\u0259ymi\u015f ziyan\u0131 qiym\u0259tl\u0259ndirm\u0259k \u00fc\u00e7\u00fcn beyn\u0259lxalq ekspertl\u0259ri d\u0259v\u0259t ed\u0259c\u0259yik: \u201c\u00c7\u00fcnki azad edilmi\u015f \u0259razil\u0259rd\u0259, dem\u0259k olar ki, h\u0259r \u015fey da\u011f\u0131d\u0131l\u0131b. M\u0259n d\u0259f\u0259l\u0259rl\u0259 demi\u015f\u0259m ki,&hellip;","_links":{"self":[{"href":"https:\/\/arantv.az\/index.php?rest_route=\/wp\/v2\/posts\/233475"}],"collection":[{"href":"https:\/\/arantv.az\/index.php?rest_route=\/wp\/v2\/posts"}],"about":[{"href":"https:\/\/arantv.az\/index.php?rest_route=\/wp\/v2\/types\/post"}],"author":[{"embeddable":true,"href":"https:\/\/arantv.az\/index.php?rest_route=\/wp\/v2\/users\/2"}],"replies":[{"embeddable":true,"href":"https:\/\/arantv.az\/index.php?rest_route=%2Fwp%2Fv2%2Fcomments&post=233475"}],"version-history":[{"count":0,"href":"https:\/\/arantv.az\/index.php?rest_route=\/wp\/v2\/posts\/233475\/revisions"}],"wp:featuredmedia":[{"embeddable":true,"href":"https:\/\/arantv.az\/index.php?rest_route=\/wp\/v2\/media\/233476"}],"wp:attachment":[{"href":"https:\/\/arantv.az\/index.php?rest_route=%2Fwp%2Fv2%2Fmedia&parent=233475"}],"wp:term":[{"taxonomy":"category","embeddable":true,"href":"https:\/\/arantv.az\/index.php?rest_route=%2Fwp%2Fv2%2Fcategories&post=233475"},{"taxonomy":"post_tag","embeddable":true,"href":"https:\/\/arantv.az\/index.php?rest_route=%2Fwp%2Fv2%2Ftags&post=233475"}],"curies":[{"name":"wp","href":"https:\/\/api.w.org\/{rel}","templated":true}]}}