{"id":233483,"date":"2020-11-09T13:10:46","date_gmt":"2020-11-09T10:10:46","guid":{"rendered":"http:\/\/arantv.az\/?p=233483"},"modified":"2020-11-09T13:10:46","modified_gmt":"2020-11-09T10:10:46","slug":"prezident-qarabagdaki-erm%c9%99nil%c9%99r-bar%c9%99d%c9%99-onlar-qat-qat-yaxsi-yasayacaqlar","status":"publish","type":"post","link":"https:\/\/arantv.az\/?p=233483","title":{"rendered":"Prezident Qaraba\u011fdak\u0131 erm\u0259nil\u0259r bar\u0259d\u0259: \u201cOnlar qat-qat yax\u015f\u0131 ya\u015fayacaqlar\u201d"},"content":{"rendered":"<p>\u201c\u018fcn\u0259bi jurnalistl\u0259ri m\u00fc\u015fahid\u0259 ed\u0259nl\u0259rin yaln\u0131z bir m\u0259qs\u0259di var &#8211; onlar\u0131 qorumaq v\u0259 onlar\u0131n hara ged\u0259 bil\u0259c\u0259yi v\u0259 hara ged\u0259 bilm\u0259y\u0259c\u0259yi bar\u0259d\u0259 onlara m\u0259lumat verm\u0259k\u201d.<\/p>\n<p>Bunu Az\u0259rbaycan Respublikas\u0131n\u0131n Prezidenti \u0130lham \u018fliyev noyabr\u0131n 6-da \u201cBBC News\u201da m\u00fcsahib\u0259sind\u0259 jurnalistin h\u00f6kum\u0259tin m\u00fc\u015fahid\u0259\u00e7il\u0259ri olmadan s\u0259rb\u0259st, \u00f6z ist\u0259yin\u0259 g\u00f6r\u0259 h\u0259r\u0259k\u0259t edib, hadis\u0259l\u0259ri lent\u0259 almalar\u0131 il\u0259\u00a0ba\u011fl\u0131 sual\u0131n\u0131 cavabland\u0131rark\u0259n deyib:<\/p>\n<p>\u201cM\u0259n bu bar\u0259d\u0259 \u0259min deyil\u0259m. D\u00fc\u015f\u00fcn\u00fcr\u0259m ki, bel\u0259 bir imkan\u0131n olub-olmad\u0131\u011f\u0131n\u0131 s\u0259lahiyy\u0259tli orqanlarla d\u0259qiql\u0259\u015fdirm\u0259k laz\u0131md\u0131r. \u018fcn\u0259bi jurnalistl\u0259ri m\u00fc\u015fahid\u0259 ed\u0259nl\u0259rin yaln\u0131z bir m\u0259qs\u0259di var &#8211; onlar\u0131 qorumaq v\u0259 onlar\u0131n hara ged\u0259 bil\u0259c\u0259yi v\u0259 hara ged\u0259 bilm\u0259y\u0259c\u0259yi bar\u0259d\u0259 onlara m\u0259lumat verm\u0259k. Lakin gizl\u0259dil\u0259si bir \u015fey yoxdur.<\/p>\n<p>Siz bizim da\u011f\u0131d\u0131lm\u0131\u015f k\u0259ndl\u0259ri g\u00f6r\u0259 bil\u0259rsiniz. Siz G\u0259nc\u0259d\u0259 olmusunuz. Y\u0259qin ki, siz B\u0259rd\u0259y\u0259 d\u0259 ged\u0259 bil\u0259rsiniz. Buna g\u00f6r\u0259 bizim gizl\u0259dil\u0259si bir \u015feyimiz yoxdur. Biz \u00f6z torpa\u011f\u0131m\u0131zda vuru\u015furuq. Erm\u0259ni ordusu bizim torpa\u011f\u0131m\u0131zdad\u0131r, onlar t\u0259cav\u00fczkard\u0131r v\u0259 biz t\u0259cav\u00fcz\u00fcn qurban\u0131 olmu\u015fuq. Lakin bu g\u00fcn biz qisas\u0131m\u0131z\u0131 al\u0131r\u0131q.<\/p>\n<p>Bu g\u00fcn biz onlara yerini g\u00f6st\u0259ririk v\u0259 dediyim kimi, onlar qalan \u0259razil\u0259ri k\u00f6n\u00fcll\u00fc olaraq bo\u015faltmasalar, biz onlar\u0131 ax\u0131ra q\u0259d\u0259r qovaca\u011f\u0131q\u201d.<\/p>\n<p>Prezidentin cavab\u0131n\u0131n erm\u0259ni v\u0259t\u0259nda\u015flara \u00e7ox d\u0259h\u015f\u0259tli bir mesaj kimi s\u0259sl\u0259ndiyini vur\u011fulayan jurnalist\u0259 cavab olaraq \u0130lham \u018fliyev fikirl\u0259rin\u0259 bel\u0259 davam etdirib:<\/p>\n<p>\u201cXeyr, niy\u0259? Biz erm\u0259ni v\u0259t\u0259nda\u015flar\u0131 haqq\u0131nda art\u0131q dan\u0131\u015fd\u0131q. Bizim onlarla t\u0259maslarda he\u00e7 bir yanl\u0131\u015fl\u0131\u011f\u0131m\u0131z yoxdur. M\u0259n d\u0259f\u0259l\u0259rl\u0259 demi\u015f\u0259m v\u0259 dedikl\u0259rimin \u00fcst\u00fcnd\u0259 dururam. Biz \u0259razil\u0259rimizi i\u015f\u011fal etmi\u015f bu cinay\u0259tkar d\u0259st\u0259l\u0259rd\u0259n torpaqlar\u0131 azad etdikd\u0259n sonra Da\u011fl\u0131q Qaraba\u011fdak\u0131 erm\u0259nil\u0259r qat-qat yax\u015f\u0131 ya\u015fayacaqlar.<\/p>\n<p>Onlar\u0131n daha \u00e7ox m\u0259vacibl\u0259ri olacaq, \u00e7\u00fcnki Az\u0259rbaycandak\u0131 m\u0259vacibl\u0259r daha y\u00fcks\u0259kdir. Onlar\u0131n daha y\u00fcks\u0259k t\u0259qa\u00fcdl\u0259ri olacaq, \u00e7\u00fcnki Az\u0259rbaycanda t\u0259qa\u00fcd\u00fcn m\u0259bl\u0259\u011fi Erm\u0259nistandan \u00fc\u00e7 d\u0259f\u0259 \u00e7oxdur. Onlar sosial m\u00fcdafi\u0259 il\u0259 t\u0259min olunacaqlar. Biz bu \u0259razil\u0259r\u0259 b\u00f6y\u00fck s\u0259rmay\u0259l\u0259r yat\u0131raca\u011f\u0131q, onlar yoxsulluqdan xilas olacaqlar&#8230;\u201d<\/p>\n","protected":false},"excerpt":{"rendered":"<p>\u201c\u018fcn\u0259bi jurnalistl\u0259ri m\u00fc\u015fahid\u0259 ed\u0259nl\u0259rin yaln\u0131z bir m\u0259qs\u0259di var &#8211; onlar\u0131 qorumaq v\u0259 onlar\u0131n hara ged\u0259 bil\u0259c\u0259yi v\u0259 hara ged\u0259 bilm\u0259y\u0259c\u0259yi bar\u0259d\u0259 onlara m\u0259lumat verm\u0259k\u201d. Bunu Az\u0259rbaycan Respublikas\u0131n\u0131n Prezidenti \u0130lham \u018fliyev noyabr\u0131n 6-da \u201cBBC News\u201da m\u00fcsahib\u0259sind\u0259 jurnalistin h\u00f6kum\u0259tin m\u00fc\u015fahid\u0259\u00e7il\u0259ri olmadan s\u0259rb\u0259st, \u00f6z ist\u0259yin\u0259 g\u00f6r\u0259 h\u0259r\u0259k\u0259t edib, hadis\u0259l\u0259ri lent\u0259 almalar\u0131 il\u0259\u00a0ba\u011fl\u0131 sual\u0131n\u0131 cavabland\u0131rark\u0259n deyib: \u201cM\u0259n bu bar\u0259d\u0259 \u0259min deyil\u0259m. D\u00fc\u015f\u00fcn\u00fcr\u0259m ki, bel\u0259 bir imkan\u0131n olub-olmad\u0131\u011f\u0131n\u0131 s\u0259lahiyy\u0259tli orqanlarla d\u0259qiql\u0259\u015fdirm\u0259k laz\u0131md\u0131r. \u018fcn\u0259bi jurnalistl\u0259ri m\u00fc\u015fahid\u0259 ed\u0259nl\u0259rin yaln\u0131z bir m\u0259qs\u0259di var &#8211; onlar\u0131 qorumaq v\u0259 onlar\u0131n hara ged\u0259 bil\u0259c\u0259yi v\u0259 hara ged\u0259 bilm\u0259y\u0259c\u0259yi bar\u0259d\u0259 onlara m\u0259lumat&hellip;<\/p>\n","protected":false},"author":2,"featured_media":233484,"comment_status":"closed","ping_status":"closed","sticky":false,"template":"","format":"standard","meta":{"om_disable_all_campaigns":false,"_monsterinsights_skip_tracking":false,"_monsterinsights_sitenote_active":false,"_monsterinsights_sitenote_note":"","_monsterinsights_sitenote_category":0},"categories":[4],"tags":[],"aioseo_notices":[],"gutentor_comment":0,"rttpg_featured_image_url":{"full":["https:\/\/arantv.az\/wp-content\/uploads\/2020\/11\/prezident.jpg",620,349,false],"landscape":["https:\/\/arantv.az\/wp-content\/uploads\/2020\/11\/prezident.jpg",620,349,false],"portraits":["https:\/\/arantv.az\/wp-content\/uploads\/2020\/11\/prezident.jpg",620,349,false],"thumbnail":["https:\/\/arantv.az\/wp-content\/uploads\/2020\/11\/prezident-150x150.jpg",150,150,true],"medium":["https:\/\/arantv.az\/wp-content\/uploads\/2020\/11\/prezident-300x169.jpg",300,169,true],"large":["https:\/\/arantv.az\/wp-content\/uploads\/2020\/11\/prezident.jpg",620,349,false],"1536x1536":["https:\/\/arantv.az\/wp-content\/uploads\/2020\/11\/prezident.jpg",620,349,false],"2048x2048":["https:\/\/arantv.az\/wp-content\/uploads\/2020\/11\/prezident.jpg",620,349,false],"post-thumbnail":["https:\/\/arantv.az\/wp-content\/uploads\/2020\/11\/prezident-240x172.jpg",240,172,true],"advps-thumb-one":["https:\/\/arantv.az\/wp-content\/uploads\/2020\/11\/prezident.jpg",620,349,false]},"rttpg_author":{"display_name":"V\u00fcsal Rafiqo\u011flu","author_link":"https:\/\/arantv.az\/?author=2"},"rttpg_comment":0,"rttpg_category":"<a href=\"https:\/\/arantv.az\/?cat=4\" rel=\"category\">Siyas\u0259t<\/a>","rttpg_excerpt":"\u201c\u018fcn\u0259bi jurnalistl\u0259ri m\u00fc\u015fahid\u0259 ed\u0259nl\u0259rin yaln\u0131z bir m\u0259qs\u0259di var &#8211; onlar\u0131 qorumaq v\u0259 onlar\u0131n hara ged\u0259 bil\u0259c\u0259yi v\u0259 hara ged\u0259 bilm\u0259y\u0259c\u0259yi bar\u0259d\u0259 onlara m\u0259lumat verm\u0259k\u201d. Bunu Az\u0259rbaycan Respublikas\u0131n\u0131n Prezidenti \u0130lham \u018fliyev noyabr\u0131n 6-da \u201cBBC News\u201da m\u00fcsahib\u0259sind\u0259 jurnalistin h\u00f6kum\u0259tin m\u00fc\u015fahid\u0259\u00e7il\u0259ri olmadan s\u0259rb\u0259st, \u00f6z ist\u0259yin\u0259 g\u00f6r\u0259 h\u0259r\u0259k\u0259t edib, hadis\u0259l\u0259ri lent\u0259 almalar\u0131 il\u0259\u00a0ba\u011fl\u0131 sual\u0131n\u0131 cavabland\u0131rark\u0259n deyib: \u201cM\u0259n bu bar\u0259d\u0259&hellip;","_links":{"self":[{"href":"https:\/\/arantv.az\/index.php?rest_route=\/wp\/v2\/posts\/233483"}],"collection":[{"href":"https:\/\/arantv.az\/index.php?rest_route=\/wp\/v2\/posts"}],"about":[{"href":"https:\/\/arantv.az\/index.php?rest_route=\/wp\/v2\/types\/post"}],"author":[{"embeddable":true,"href":"https:\/\/arantv.az\/index.php?rest_route=\/wp\/v2\/users\/2"}],"replies":[{"embeddable":true,"href":"https:\/\/arantv.az\/index.php?rest_route=%2Fwp%2Fv2%2Fcomments&post=233483"}],"version-history":[{"count":0,"href":"https:\/\/arantv.az\/index.php?rest_route=\/wp\/v2\/posts\/233483\/revisions"}],"wp:featuredmedia":[{"embeddable":true,"href":"https:\/\/arantv.az\/index.php?rest_route=\/wp\/v2\/media\/233484"}],"wp:attachment":[{"href":"https:\/\/arantv.az\/index.php?rest_route=%2Fwp%2Fv2%2Fmedia&parent=233483"}],"wp:term":[{"taxonomy":"category","embeddable":true,"href":"https:\/\/arantv.az\/index.php?rest_route=%2Fwp%2Fv2%2Fcategories&post=233483"},{"taxonomy":"post_tag","embeddable":true,"href":"https:\/\/arantv.az\/index.php?rest_route=%2Fwp%2Fv2%2Ftags&post=233483"}],"curies":[{"name":"wp","href":"https:\/\/api.w.org\/{rel}","templated":true}]}}