{"id":233487,"date":"2020-11-09T13:11:41","date_gmt":"2020-11-09T10:11:41","guid":{"rendered":"http:\/\/arantv.az\/?p=233487"},"modified":"2020-11-09T13:11:41","modified_gmt":"2020-11-09T10:11:41","slug":"bilal-%c9%99liyev-arzum-budur-bayragimizi-isa-bulagina-sancmaq-m%c9%99n%c9%99-qism%c9%99t-olsun","status":"publish","type":"post","link":"https:\/\/arantv.az\/?p=233487","title":{"rendered":"Bilal \u018fliyev: \u201cArzum budur, bayra\u011f\u0131m\u0131z\u0131 \u0130sa bula\u011f\u0131na sancmaq m\u0259n\u0259 qism\u0259t olsun\u201d"},"content":{"rendered":"<p>\u201c\u015eu\u015fan\u0131n azad olunmas\u0131 il\u0259 ba\u011fl\u0131 xalq\u0131m\u0131z\u0131 t\u0259brik edir\u0259m. Arzum budur, bayra\u011f\u0131m\u0131z\u0131 \u0130sa bula\u011f\u0131na sancmaq m\u0259n\u0259 qism\u0259t olsun\u201d.<\/p>\n<p>Bu s\u00f6zl\u0259ri Az\u0259rbaycan\u0131n Xalq artisti Bilal \u018fliyev AzTV-nin efirind\u0259 yay\u0131mlanan \u201cQaraba\u011f s\u0259das\u0131\u201d verili\u015find\u0259 qonaq olark\u0259n deyib.<\/p>\n<p>B.\u018fliyev bildirib ki, sevincinin h\u0259ddi-h\u00fcdudu yoxdur:<\/p>\n<p>\u201c\u00dc\u00e7r\u0259ngli Az\u0259rbaycan bayra\u011f\u0131n\u0131n Qaraba\u011f\u0131n h\u0259r bir gu\u015f\u0259sind\u0259 q\u00fcrurla dal\u011falanmas\u0131n\u0131 arzu edir\u0259m. \u018fhd etdim ki, Allah\u0131n evini ziyar\u0259t edim. Bir bayraq ald\u0131m v\u0259 onu evd\u0259 bir g\u00fcn \u00fc\u00e7\u00fcn saxlad\u0131m. \u018fhd etdim ki, bu \u00fc\u00e7r\u0259ngli bayra\u011f\u0131 Allah\u0131n evin\u0259 ziyar\u0259t\u0259 apar\u0131m. Orada Allahdan dil\u0259yim o idi ki, biz\u0259 bu bayra\u011f\u0131 Qaraba\u011fda, \u015eu\u015fada \u0130sa bula\u011f\u0131n\u0131n \u00fcst\u00fcnd\u0259n as\u0131m. Bu g\u00fcn \u015eu\u015fa art\u0131q azadd\u0131r. Allah m\u0259n\u0259 n\u0259sib etsin ki, bu bayra\u011f\u0131 \u0130sa bula\u011f\u0131n\u0131n \u00fcz\u0259rin\u0259 sanc\u0131m\u201d.<\/p>\n","protected":false},"excerpt":{"rendered":"<p>\u201c\u015eu\u015fan\u0131n azad olunmas\u0131 il\u0259 ba\u011fl\u0131 xalq\u0131m\u0131z\u0131 t\u0259brik edir\u0259m. Arzum budur, bayra\u011f\u0131m\u0131z\u0131 \u0130sa bula\u011f\u0131na sancmaq m\u0259n\u0259 qism\u0259t olsun\u201d. Bu s\u00f6zl\u0259ri Az\u0259rbaycan\u0131n Xalq artisti Bilal \u018fliyev AzTV-nin efirind\u0259 yay\u0131mlanan \u201cQaraba\u011f s\u0259das\u0131\u201d verili\u015find\u0259 qonaq olark\u0259n deyib. B.\u018fliyev bildirib ki, sevincinin h\u0259ddi-h\u00fcdudu yoxdur: \u201c\u00dc\u00e7r\u0259ngli Az\u0259rbaycan bayra\u011f\u0131n\u0131n Qaraba\u011f\u0131n h\u0259r bir gu\u015f\u0259sind\u0259 q\u00fcrurla dal\u011falanmas\u0131n\u0131 arzu edir\u0259m. \u018fhd etdim ki, Allah\u0131n evini ziyar\u0259t edim. Bir bayraq ald\u0131m v\u0259 onu evd\u0259 bir g\u00fcn \u00fc\u00e7\u00fcn saxlad\u0131m. \u018fhd etdim ki, bu \u00fc\u00e7r\u0259ngli bayra\u011f\u0131 Allah\u0131n evin\u0259 ziyar\u0259t\u0259 apar\u0131m. Orada Allahdan dil\u0259yim o idi ki, biz\u0259 bu bayra\u011f\u0131 Qaraba\u011fda, \u015eu\u015fada \u0130sa bula\u011f\u0131n\u0131n&hellip;<\/p>\n","protected":false},"author":2,"featured_media":233488,"comment_status":"closed","ping_status":"closed","sticky":false,"template":"","format":"standard","meta":{"om_disable_all_campaigns":false,"_monsterinsights_skip_tracking":false,"_monsterinsights_sitenote_active":false,"_monsterinsights_sitenote_note":"","_monsterinsights_sitenote_category":0},"categories":[26],"tags":[],"aioseo_notices":[],"gutentor_comment":0,"rttpg_featured_image_url":{"full":["https:\/\/arantv.az\/wp-content\/uploads\/2020\/11\/1573820682908_O1guWL1A.jpg",620,446,false],"landscape":["https:\/\/arantv.az\/wp-content\/uploads\/2020\/11\/1573820682908_O1guWL1A.jpg",620,446,false],"portraits":["https:\/\/arantv.az\/wp-content\/uploads\/2020\/11\/1573820682908_O1guWL1A.jpg",620,446,false],"thumbnail":["https:\/\/arantv.az\/wp-content\/uploads\/2020\/11\/1573820682908_O1guWL1A-150x150.jpg",150,150,true],"medium":["https:\/\/arantv.az\/wp-content\/uploads\/2020\/11\/1573820682908_O1guWL1A-300x216.jpg",300,216,true],"large":["https:\/\/arantv.az\/wp-content\/uploads\/2020\/11\/1573820682908_O1guWL1A.jpg",620,446,false],"1536x1536":["https:\/\/arantv.az\/wp-content\/uploads\/2020\/11\/1573820682908_O1guWL1A.jpg",620,446,false],"2048x2048":["https:\/\/arantv.az\/wp-content\/uploads\/2020\/11\/1573820682908_O1guWL1A.jpg",620,446,false],"post-thumbnail":["https:\/\/arantv.az\/wp-content\/uploads\/2020\/11\/1573820682908_O1guWL1A-240x172.jpg",240,172,true],"advps-thumb-one":["https:\/\/arantv.az\/wp-content\/uploads\/2020\/11\/1573820682908_O1guWL1A.jpg",620,446,false]},"rttpg_author":{"display_name":"V\u00fcsal Rafiqo\u011flu","author_link":"https:\/\/arantv.az\/?author=2"},"rttpg_comment":0,"rttpg_category":"<a href=\"https:\/\/arantv.az\/?cat=26\" rel=\"category\">Sosial<\/a>","rttpg_excerpt":"\u201c\u015eu\u015fan\u0131n azad olunmas\u0131 il\u0259 ba\u011fl\u0131 xalq\u0131m\u0131z\u0131 t\u0259brik edir\u0259m. Arzum budur, bayra\u011f\u0131m\u0131z\u0131 \u0130sa bula\u011f\u0131na sancmaq m\u0259n\u0259 qism\u0259t olsun\u201d. Bu s\u00f6zl\u0259ri Az\u0259rbaycan\u0131n Xalq artisti Bilal \u018fliyev AzTV-nin efirind\u0259 yay\u0131mlanan \u201cQaraba\u011f s\u0259das\u0131\u201d verili\u015find\u0259 qonaq olark\u0259n deyib. B.\u018fliyev bildirib ki, sevincinin h\u0259ddi-h\u00fcdudu yoxdur: \u201c\u00dc\u00e7r\u0259ngli Az\u0259rbaycan bayra\u011f\u0131n\u0131n Qaraba\u011f\u0131n h\u0259r bir gu\u015f\u0259sind\u0259 q\u00fcrurla dal\u011falanmas\u0131n\u0131 arzu edir\u0259m. \u018fhd etdim ki, Allah\u0131n evini&hellip;","_links":{"self":[{"href":"https:\/\/arantv.az\/index.php?rest_route=\/wp\/v2\/posts\/233487"}],"collection":[{"href":"https:\/\/arantv.az\/index.php?rest_route=\/wp\/v2\/posts"}],"about":[{"href":"https:\/\/arantv.az\/index.php?rest_route=\/wp\/v2\/types\/post"}],"author":[{"embeddable":true,"href":"https:\/\/arantv.az\/index.php?rest_route=\/wp\/v2\/users\/2"}],"replies":[{"embeddable":true,"href":"https:\/\/arantv.az\/index.php?rest_route=%2Fwp%2Fv2%2Fcomments&post=233487"}],"version-history":[{"count":0,"href":"https:\/\/arantv.az\/index.php?rest_route=\/wp\/v2\/posts\/233487\/revisions"}],"wp:featuredmedia":[{"embeddable":true,"href":"https:\/\/arantv.az\/index.php?rest_route=\/wp\/v2\/media\/233488"}],"wp:attachment":[{"href":"https:\/\/arantv.az\/index.php?rest_route=%2Fwp%2Fv2%2Fmedia&parent=233487"}],"wp:term":[{"taxonomy":"category","embeddable":true,"href":"https:\/\/arantv.az\/index.php?rest_route=%2Fwp%2Fv2%2Fcategories&post=233487"},{"taxonomy":"post_tag","embeddable":true,"href":"https:\/\/arantv.az\/index.php?rest_route=%2Fwp%2Fv2%2Ftags&post=233487"}],"curies":[{"name":"wp","href":"https:\/\/api.w.org\/{rel}","templated":true}]}}