{"id":233491,"date":"2020-11-09T13:12:32","date_gmt":"2020-11-09T10:12:32","guid":{"rendered":"http:\/\/arantv.az\/?p=233491"},"modified":"2020-11-09T13:12:32","modified_gmt":"2020-11-09T10:12:32","slug":"fransa-m%c9%99tbuatindan-az%c9%99rbaycana-senzura-foto","status":"publish","type":"post","link":"https:\/\/arantv.az\/?p=233491","title":{"rendered":"Fransa m\u0259tbuat\u0131ndan Az\u0259rbaycana senzura &#8211; FOTO"},"content":{"rendered":"<p>Az\u0259rbaycan\u0131n Parisd\u0259ki s\u0259firi R\u0259hman Mustafayev Fransa x\u0259b\u0259r agentliyi \u201cAgence France Presse\u201din ( AFP) onunla m\u00fcsahib\u0259sini yay\u0131mlamad\u0131\u011f\u0131n\u0131 bildirib.<\/p>\n<p>\u201cTwitter\u201d hesab\u0131nda Mustafayev AFP v\u0259 m\u00fcsahib\u0259sinin yay\u0131mlanmas\u0131n\u0131 r\u0259dd ed\u0259n (m\u00fcxbir) Didye\u00a0Lauras\u0131 q\u0131nay\u0131b:<\/p>\n<p>\u201cBiz\u0259 s\u00f6z verm\u0259kd\u0259n v\u0259 m\u0259qal\u0259l\u0259rimizi d\u0259rc etm\u0259kd\u0259n imtina ed\u0259n Le Figaro v\u0259 dig\u0259r K\u0130V-i q\u0131nay\u0131ram. Fransada s\u00f6z azadl\u0131\u011f\u0131 bel\u0259 \u201ci\u015fl\u0259yir\u201d.<\/p>\n<p>S\u0259fir Lauras\u0131n ona v\u0259 Olivye\u00a0adl\u0131 birin\u0259 g\u00f6nd\u0259rdiyi m\u0259ktubun \u015f\u0259klini d\u0259 payla\u015f\u0131b. M\u0259ktubda \u201cS\u00f6hb\u0259tin m\u0259zmunu n\u0259z\u0259r\u0259 al\u0131naraq hesabat verm\u0259m\u0259y\u0259 q\u0259rar verdik. Ad\u0131 \u00e7\u0259kil\u0259n ittihamlar t\u0259sdiql\u0259nm\u0259di\u201d, &#8211; dey\u0259 qeyd olunub.<\/p>\n<div>\n<blockquote class=\"twitter-tweet\">\n<p dir=\"ltr\" lang=\"fr\">Honte \u00e0 AFP et Didier Lauras qui a d\u00e9nonc\u00e9 \u00e0 publier mon interview. Honte \u00e0 La Figaro et tous les autres media qui syst\u00e9matiquement refusent \u00e0 nous donner parole et publier nos tribunes. Voil\u00e0 comment \u00ab fonctionne \u00bb la libert\u00e9 d\u2019expression en France!!\u00a0<a href=\"https:\/\/t.co\/Cu19gwmrHu\">pic.twitter.com\/Cu19gwmrHu<\/a><\/p>\n<p>\u2014 Rahman Mustafayev (@rahman2609m)\u00a0<a href=\"https:\/\/twitter.com\/rahman2609m\/status\/1325540468785033217?ref_src=twsrc%5Etfw\">November 8, 2020<\/a><\/p><\/blockquote>\n<\/div>\n","protected":false},"excerpt":{"rendered":"<p>Az\u0259rbaycan\u0131n Parisd\u0259ki s\u0259firi R\u0259hman Mustafayev Fransa x\u0259b\u0259r agentliyi \u201cAgence France Presse\u201din ( AFP) onunla m\u00fcsahib\u0259sini yay\u0131mlamad\u0131\u011f\u0131n\u0131 bildirib. \u201cTwitter\u201d hesab\u0131nda Mustafayev AFP v\u0259 m\u00fcsahib\u0259sinin yay\u0131mlanmas\u0131n\u0131 r\u0259dd ed\u0259n (m\u00fcxbir) Didye\u00a0Lauras\u0131 q\u0131nay\u0131b: \u201cBiz\u0259 s\u00f6z verm\u0259kd\u0259n v\u0259 m\u0259qal\u0259l\u0259rimizi d\u0259rc etm\u0259kd\u0259n imtina ed\u0259n Le Figaro v\u0259 dig\u0259r K\u0130V-i q\u0131nay\u0131ram. Fransada s\u00f6z azadl\u0131\u011f\u0131 bel\u0259 \u201ci\u015fl\u0259yir\u201d. S\u0259fir Lauras\u0131n ona v\u0259 Olivye\u00a0adl\u0131 birin\u0259 g\u00f6nd\u0259rdiyi m\u0259ktubun \u015f\u0259klini d\u0259 payla\u015f\u0131b. M\u0259ktubda \u201cS\u00f6hb\u0259tin m\u0259zmunu n\u0259z\u0259r\u0259 al\u0131naraq hesabat verm\u0259m\u0259y\u0259 q\u0259rar verdik. Ad\u0131 \u00e7\u0259kil\u0259n ittihamlar t\u0259sdiql\u0259nm\u0259di\u201d, &#8211; dey\u0259 qeyd olunub. Honte \u00e0 AFP et Didier Lauras qui a d\u00e9nonc\u00e9 \u00e0 publier mon interview.&hellip;<\/p>\n","protected":false},"author":2,"featured_media":233492,"comment_status":"closed","ping_status":"closed","sticky":false,"template":"","format":"standard","meta":{"om_disable_all_campaigns":false,"_monsterinsights_skip_tracking":false,"_monsterinsights_sitenote_active":false,"_monsterinsights_sitenote_note":"","_monsterinsights_sitenote_category":0},"categories":[4],"tags":[],"aioseo_notices":[],"gutentor_comment":0,"rttpg_featured_image_url":{"full":["https:\/\/arantv.az\/wp-content\/uploads\/2020\/11\/thumbs_b_c_2d577ad06e1574325fe82943e2beab74.jpg",620,349,false],"landscape":["https:\/\/arantv.az\/wp-content\/uploads\/2020\/11\/thumbs_b_c_2d577ad06e1574325fe82943e2beab74.jpg",620,349,false],"portraits":["https:\/\/arantv.az\/wp-content\/uploads\/2020\/11\/thumbs_b_c_2d577ad06e1574325fe82943e2beab74.jpg",620,349,false],"thumbnail":["https:\/\/arantv.az\/wp-content\/uploads\/2020\/11\/thumbs_b_c_2d577ad06e1574325fe82943e2beab74-150x150.jpg",150,150,true],"medium":["https:\/\/arantv.az\/wp-content\/uploads\/2020\/11\/thumbs_b_c_2d577ad06e1574325fe82943e2beab74-300x169.jpg",300,169,true],"large":["https:\/\/arantv.az\/wp-content\/uploads\/2020\/11\/thumbs_b_c_2d577ad06e1574325fe82943e2beab74.jpg",620,349,false],"1536x1536":["https:\/\/arantv.az\/wp-content\/uploads\/2020\/11\/thumbs_b_c_2d577ad06e1574325fe82943e2beab74.jpg",620,349,false],"2048x2048":["https:\/\/arantv.az\/wp-content\/uploads\/2020\/11\/thumbs_b_c_2d577ad06e1574325fe82943e2beab74.jpg",620,349,false],"post-thumbnail":["https:\/\/arantv.az\/wp-content\/uploads\/2020\/11\/thumbs_b_c_2d577ad06e1574325fe82943e2beab74-240x172.jpg",240,172,true],"advps-thumb-one":["https:\/\/arantv.az\/wp-content\/uploads\/2020\/11\/thumbs_b_c_2d577ad06e1574325fe82943e2beab74.jpg",620,349,false]},"rttpg_author":{"display_name":"V\u00fcsal Rafiqo\u011flu","author_link":"https:\/\/arantv.az\/?author=2"},"rttpg_comment":0,"rttpg_category":"<a href=\"https:\/\/arantv.az\/?cat=4\" rel=\"category\">Siyas\u0259t<\/a>","rttpg_excerpt":"Az\u0259rbaycan\u0131n Parisd\u0259ki s\u0259firi R\u0259hman Mustafayev Fransa x\u0259b\u0259r agentliyi \u201cAgence France Presse\u201din ( AFP) onunla m\u00fcsahib\u0259sini yay\u0131mlamad\u0131\u011f\u0131n\u0131 bildirib. \u201cTwitter\u201d hesab\u0131nda Mustafayev AFP v\u0259 m\u00fcsahib\u0259sinin yay\u0131mlanmas\u0131n\u0131 r\u0259dd ed\u0259n (m\u00fcxbir) Didye\u00a0Lauras\u0131 q\u0131nay\u0131b: \u201cBiz\u0259 s\u00f6z verm\u0259kd\u0259n v\u0259 m\u0259qal\u0259l\u0259rimizi d\u0259rc etm\u0259kd\u0259n imtina ed\u0259n Le Figaro v\u0259 dig\u0259r K\u0130V-i q\u0131nay\u0131ram. Fransada s\u00f6z azadl\u0131\u011f\u0131 bel\u0259 \u201ci\u015fl\u0259yir\u201d. S\u0259fir Lauras\u0131n ona v\u0259 Olivye\u00a0adl\u0131 birin\u0259&hellip;","_links":{"self":[{"href":"https:\/\/arantv.az\/index.php?rest_route=\/wp\/v2\/posts\/233491"}],"collection":[{"href":"https:\/\/arantv.az\/index.php?rest_route=\/wp\/v2\/posts"}],"about":[{"href":"https:\/\/arantv.az\/index.php?rest_route=\/wp\/v2\/types\/post"}],"author":[{"embeddable":true,"href":"https:\/\/arantv.az\/index.php?rest_route=\/wp\/v2\/users\/2"}],"replies":[{"embeddable":true,"href":"https:\/\/arantv.az\/index.php?rest_route=%2Fwp%2Fv2%2Fcomments&post=233491"}],"version-history":[{"count":0,"href":"https:\/\/arantv.az\/index.php?rest_route=\/wp\/v2\/posts\/233491\/revisions"}],"wp:featuredmedia":[{"embeddable":true,"href":"https:\/\/arantv.az\/index.php?rest_route=\/wp\/v2\/media\/233492"}],"wp:attachment":[{"href":"https:\/\/arantv.az\/index.php?rest_route=%2Fwp%2Fv2%2Fmedia&parent=233491"}],"wp:term":[{"taxonomy":"category","embeddable":true,"href":"https:\/\/arantv.az\/index.php?rest_route=%2Fwp%2Fv2%2Fcategories&post=233491"},{"taxonomy":"post_tag","embeddable":true,"href":"https:\/\/arantv.az\/index.php?rest_route=%2Fwp%2Fv2%2Ftags&post=233491"}],"curies":[{"name":"wp","href":"https:\/\/api.w.org\/{rel}","templated":true}]}}