{"id":233495,"date":"2020-11-09T13:14:26","date_gmt":"2020-11-09T10:14:26","guid":{"rendered":"http:\/\/arantv.az\/?p=233495"},"modified":"2020-11-09T13:14:26","modified_gmt":"2020-11-09T10:14:26","slug":"bayram-s%c9%99f%c9%99rov-susa-x%c9%99b%c9%99rinin-mustulugunu-kim%c9%99-ver%c9%99c%c9%99yini-aciqladi-gor%c9%99k-n%c9%99-ist%c9%99y%c9%99c%c9%99k","status":"publish","type":"post","link":"https:\/\/arantv.az\/?p=233495","title":{"rendered":"Bayram S\u0259f\u0259rov \u015eu\u015fa x\u0259b\u0259rinin mu\u015ftulu\u011funu kim\u0259 ver\u0259c\u0259yini a\u00e7\u0131qlad\u0131: \u201cG\u00f6r\u0259k, n\u0259 ist\u0259y\u0259c\u0259k\u201d"},"content":{"rendered":"<p>\u201cS\u00f6z\u00fcn d\u00fcz\u00fc, bir ne\u00e7\u0259 g\u00fcnd\u00fcr c\u0259bh\u0259d\u0259n yax\u015f\u0131 x\u0259b\u0259rl\u0259r g\u0259lir, \u015eu\u015fan\u0131n azad olundu\u011fu bar\u0259d\u0259 fikirl\u0259r s\u0259sl\u0259ndirilirdi. Amma c\u0259nab Prezidentimizin r\u0259smi \u015f\u0259kild\u0259 elan etm\u0259si tamam ba\u015fqa hiss oldu. M\u0259n prezidentimizin m\u00fcjd\u0259sini e\u015fid\u0259n kimi a\u011flad\u0131m. Ali Ba\u015f Komandan\u0131m\u0131z\u0131, Az\u0259rbaycan Ordusunu Allah qorusun. B\u00fct\u00fcn torpaqlar\u0131m\u0131z azad olunsun!\u201d .<\/p>\n<p>Bu s\u00f6zl\u0259ri Modern.az-a \u015eu\u015fan\u0131n icra ba\u015f\u00e7\u0131s\u0131 Bayram S\u0259f\u0259rov deyib.<\/p>\n<p>\u201cEl\u0259 siz\u0259 a\u00e7\u0131qlamamda demi\u015fdim ki, \u015eu\u015fan\u0131n azad olundu\u011fu bar\u0259d\u0259 r\u0259smi x\u0259b\u0259ri m\u0259n\u0259 ilk \u00e7atd\u0131ran \u015f\u0259xs\u0259 mu\u015ftulu\u011fum olacaq. D\u00fczd\u00fcr, Prezidentin m\u00fcraci\u0259tini \u00f6z\u00fcm canl\u0131 izl\u0259dim. Amma h\u0259min anda ilk z\u0259ng edib, t\u0259brik ed\u0259n \u015fu\u015fal\u0131 ke\u00e7mi\u015f d\u00f6y\u00fc\u015f\u00e7\u00fc F\u0259xr\u0259ddin S\u0259f\u0259rov oldu. El\u0259 mu\u015ftuluq da ona d\u00fc\u015f\u00fcr. G\u00f6r\u0259k, n\u0259 ist\u0259s\u0259, g\u00f6r\u00fc\u015f\u0259nd\u0259 onun \u00fc\u00e7\u00fcn ed\u0259c\u0259y\u0259m.<\/p>\n<p>\u015eu\u015fal\u0131lar d\u00fcn\u0259nd\u0259n z\u0259ng edirl\u0259r ki, n\u0259 vaxt k\u00f6\u00e7\u00fcr\u00fck? Ham\u0131 \u015eu\u015faya k\u00f6\u00e7m\u0259k ist\u0259yir. Prezidentimizin g\u00f6st\u0259ri\u015fi il\u0259 tez bir zamanda do\u011fma torpaqlar\u0131m\u0131za qay\u0131daca\u011f\u0131m\u0131z g\u00fcn\u00fc g\u00f6zl\u0259yirik. \u0130nan\u0131ram ki, m\u00f6ht\u0259r\u0259m Prezidentimiz \u015eu\u015fan\u0131 abadla\u015fd\u0131racaq, m\u00f6ht\u0259\u015f\u0259m bir \u015f\u0259h\u0259r\u0259 \u00e7evir\u0259c\u0259k\u201d, &#8211; dey\u0259 B.S\u0259f\u0259rov bildirib.<\/p>\n<p>O, \u015eu\u015fa h\u0259sr\u0259ti il\u0259 d\u00fcnyadan k\u00f6\u00e7\u0259n ziyal\u0131lar\u0131, \u015fu\u015fal\u0131lar\u0131 da xat\u0131rlay\u0131b:<\/p>\n<p>\u201cKa\u015f \u015eu\u015fa h\u0259sr\u0259ti il\u0259 d\u00fcnyadan k\u00f6\u00e7\u0259n b\u00fct\u00fcn az\u0259rbaycanl\u0131lar bu g\u00fcn\u00fc g\u00f6r\u0259 bil\u0259ydi. O q\u0259d\u0259r insan \u015eu\u015fa d\u0259rdind\u0259n \u00f6ld\u00fc ki&#8230; M\u0259rhum b\u0259st\u0259kar\u0131m\u0131z S\u00fcleyman \u018fl\u0259sg\u0259rovla sa\u011fl\u0131\u011f\u0131nda \u015eu\u015fa haqq\u0131nda \u00e7ox s\u00f6hb\u0259t edirdik. M\u0259n bilir\u0259m ki, o \u015eu\u015fas\u0131zl\u0131\u011fa d\u00f6z\u0259 bilm\u0259di.<\/p>\n<p>Sayt\u0131n\u0131z vasit\u0259sil\u0259, Az\u0259rbaycan xalq\u0131na m\u00fcraci\u0259t etm\u0259k ist\u0259yir\u0259m. \u015eu\u015fan\u0131, Qaraba\u011f\u0131 azad ed\u0259n Ali Ba\u015f Komandan\u0131m\u0131z\u0131 \u00f6m\u00fcrl\u00fck prezidentimiz se\u00e7\u0259k. Bunu se\u00e7ki, referendum v\u0259 ya ba\u015fqa h\u0259r hans\u0131sa formada ed\u0259 bil\u0259rik. Prezidentimiz biz\u0259 t\u0259k torpa\u011f\u0131m\u0131z\u0131 deyil, namusumuzu da qaytard\u0131.<\/p>\n<p>Bunlar el\u0259 bir hissl\u0259rdir ki, s\u00f6zl\u0259 ifad\u0259 ed\u0259 bilmir\u0259m. M\u0259n h\u0259mi\u015f\u0259 demi\u015f\u0259m ki, h\u0259r \u015feyim var, eyni zamanda he\u00e7 n\u0259yim yoxdur. \u0130ndi tamamland\u0131. M\u00f6ht\u0259r\u0259m prezidentimiz, var olsun, o tamamlad\u0131. H\u0259r yerd\u0259 biz\u0259 qa\u00e7q\u0131n, k\u00f6\u00e7k\u00fcn kimi bax\u0131l\u0131rd\u0131. Erm\u0259nil\u0259r bel\u0259 bizi a\u015fa\u011f\u0131lay\u0131rd\u0131lar. Haqq-\u0259dal\u0259t \u00f6z yerini tapd\u0131\u201d.<\/p>\n","protected":false},"excerpt":{"rendered":"<p>\u201cS\u00f6z\u00fcn d\u00fcz\u00fc, bir ne\u00e7\u0259 g\u00fcnd\u00fcr c\u0259bh\u0259d\u0259n yax\u015f\u0131 x\u0259b\u0259rl\u0259r g\u0259lir, \u015eu\u015fan\u0131n azad olundu\u011fu bar\u0259d\u0259 fikirl\u0259r s\u0259sl\u0259ndirilirdi. Amma c\u0259nab Prezidentimizin r\u0259smi \u015f\u0259kild\u0259 elan etm\u0259si tamam ba\u015fqa hiss oldu. M\u0259n prezidentimizin m\u00fcjd\u0259sini e\u015fid\u0259n kimi a\u011flad\u0131m. Ali Ba\u015f Komandan\u0131m\u0131z\u0131, Az\u0259rbaycan Ordusunu Allah qorusun. B\u00fct\u00fcn torpaqlar\u0131m\u0131z azad olunsun!\u201d . Bu s\u00f6zl\u0259ri Modern.az-a \u015eu\u015fan\u0131n icra ba\u015f\u00e7\u0131s\u0131 Bayram S\u0259f\u0259rov deyib. \u201cEl\u0259 siz\u0259 a\u00e7\u0131qlamamda demi\u015fdim ki, \u015eu\u015fan\u0131n azad olundu\u011fu bar\u0259d\u0259 r\u0259smi x\u0259b\u0259ri m\u0259n\u0259 ilk \u00e7atd\u0131ran \u015f\u0259xs\u0259 mu\u015ftulu\u011fum olacaq. D\u00fczd\u00fcr, Prezidentin m\u00fcraci\u0259tini \u00f6z\u00fcm canl\u0131 izl\u0259dim. Amma h\u0259min anda ilk z\u0259ng edib, t\u0259brik ed\u0259n \u015fu\u015fal\u0131 ke\u00e7mi\u015f d\u00f6y\u00fc\u015f\u00e7\u00fc F\u0259xr\u0259ddin S\u0259f\u0259rov oldu.&hellip;<\/p>\n","protected":false},"author":2,"featured_media":233496,"comment_status":"closed","ping_status":"closed","sticky":false,"template":"","format":"standard","meta":{"om_disable_all_campaigns":false,"_monsterinsights_skip_tracking":false,"_monsterinsights_sitenote_active":false,"_monsterinsights_sitenote_note":"","_monsterinsights_sitenote_category":0},"categories":[26],"tags":[],"aioseo_notices":[],"gutentor_comment":0,"rttpg_featured_image_url":{"full":["https:\/\/arantv.az\/wp-content\/uploads\/2020\/11\/bayram.jpg",620,387,false],"landscape":["https:\/\/arantv.az\/wp-content\/uploads\/2020\/11\/bayram.jpg",620,387,false],"portraits":["https:\/\/arantv.az\/wp-content\/uploads\/2020\/11\/bayram.jpg",620,387,false],"thumbnail":["https:\/\/arantv.az\/wp-content\/uploads\/2020\/11\/bayram-150x150.jpg",150,150,true],"medium":["https:\/\/arantv.az\/wp-content\/uploads\/2020\/11\/bayram-300x187.jpg",300,187,true],"large":["https:\/\/arantv.az\/wp-content\/uploads\/2020\/11\/bayram.jpg",620,387,false],"1536x1536":["https:\/\/arantv.az\/wp-content\/uploads\/2020\/11\/bayram.jpg",620,387,false],"2048x2048":["https:\/\/arantv.az\/wp-content\/uploads\/2020\/11\/bayram.jpg",620,387,false],"post-thumbnail":["https:\/\/arantv.az\/wp-content\/uploads\/2020\/11\/bayram-240x172.jpg",240,172,true],"advps-thumb-one":["https:\/\/arantv.az\/wp-content\/uploads\/2020\/11\/bayram.jpg",620,387,false]},"rttpg_author":{"display_name":"V\u00fcsal Rafiqo\u011flu","author_link":"https:\/\/arantv.az\/?author=2"},"rttpg_comment":0,"rttpg_category":"<a href=\"https:\/\/arantv.az\/?cat=26\" rel=\"category\">Sosial<\/a>","rttpg_excerpt":"\u201cS\u00f6z\u00fcn d\u00fcz\u00fc, bir ne\u00e7\u0259 g\u00fcnd\u00fcr c\u0259bh\u0259d\u0259n yax\u015f\u0131 x\u0259b\u0259rl\u0259r g\u0259lir, \u015eu\u015fan\u0131n azad olundu\u011fu bar\u0259d\u0259 fikirl\u0259r s\u0259sl\u0259ndirilirdi. Amma c\u0259nab Prezidentimizin r\u0259smi \u015f\u0259kild\u0259 elan etm\u0259si tamam ba\u015fqa hiss oldu. M\u0259n prezidentimizin m\u00fcjd\u0259sini e\u015fid\u0259n kimi a\u011flad\u0131m. Ali Ba\u015f Komandan\u0131m\u0131z\u0131, Az\u0259rbaycan Ordusunu Allah qorusun. B\u00fct\u00fcn torpaqlar\u0131m\u0131z azad olunsun!\u201d . Bu s\u00f6zl\u0259ri Modern.az-a \u015eu\u015fan\u0131n icra ba\u015f\u00e7\u0131s\u0131 Bayram S\u0259f\u0259rov deyib. \u201cEl\u0259 siz\u0259&hellip;","_links":{"self":[{"href":"https:\/\/arantv.az\/index.php?rest_route=\/wp\/v2\/posts\/233495"}],"collection":[{"href":"https:\/\/arantv.az\/index.php?rest_route=\/wp\/v2\/posts"}],"about":[{"href":"https:\/\/arantv.az\/index.php?rest_route=\/wp\/v2\/types\/post"}],"author":[{"embeddable":true,"href":"https:\/\/arantv.az\/index.php?rest_route=\/wp\/v2\/users\/2"}],"replies":[{"embeddable":true,"href":"https:\/\/arantv.az\/index.php?rest_route=%2Fwp%2Fv2%2Fcomments&post=233495"}],"version-history":[{"count":0,"href":"https:\/\/arantv.az\/index.php?rest_route=\/wp\/v2\/posts\/233495\/revisions"}],"wp:featuredmedia":[{"embeddable":true,"href":"https:\/\/arantv.az\/index.php?rest_route=\/wp\/v2\/media\/233496"}],"wp:attachment":[{"href":"https:\/\/arantv.az\/index.php?rest_route=%2Fwp%2Fv2%2Fmedia&parent=233495"}],"wp:term":[{"taxonomy":"category","embeddable":true,"href":"https:\/\/arantv.az\/index.php?rest_route=%2Fwp%2Fv2%2Fcategories&post=233495"},{"taxonomy":"post_tag","embeddable":true,"href":"https:\/\/arantv.az\/index.php?rest_route=%2Fwp%2Fv2%2Ftags&post=233495"}],"curies":[{"name":"wp","href":"https:\/\/api.w.org\/{rel}","templated":true}]}}