{"id":23351,"date":"2018-11-15T08:36:24","date_gmt":"2018-11-15T05:36:24","guid":{"rendered":"http:\/\/arantv.az\/?p=23351"},"modified":"2018-11-15T08:36:24","modified_gmt":"2018-11-15T05:36:24","slug":"ilin-favoriti-2018in-kecirtm%c9%99-tarixi-b%c9%99lli-oldu","status":"publish","type":"post","link":"https:\/\/arantv.az\/?p=23351","title":{"rendered":"&#8220;\u0130lin Favoriti 2018&#8243;in ke\u00e7irtm\u0259  tarixi b\u0259lli oldu"},"content":{"rendered":"<p>M\u00fckafatland\u0131rma m\u0259rasiminin vaxt\u0131 b\u0259lli olub. <strong>ARANTV.AZ<\/strong>-\u0131n verdiyi m\u0259lumata g\u00f6r\u0259, \u015eou Prodak\u015fn\u0131n t\u0259\u015fkilat\u00e7\u0131l\u0131\u011f\u0131 il\u0259 \u201c\u0130L\u0130N FAVOR\u0130T\u0130\u201d M\u00dcKAFATI t\u0259qdim olunacaq. M\u00fckafat \u201c\u015eou Biznes\u201d n\u00fcmay\u0259nd\u0259l\u0259rin\u0259, Maqazin verli\u015fl\u0259rin\u0259, \u015eou Biznesl\u0259 \u0259m\u0259kda\u015fl\u0131q ed\u0259nl\u0259r\u0259, Sayt v\u0259 internet portallar\u0131na, \u201c\u015eou-biznes\u201d yazarlar\u0131na, Apar\u0131c\u0131lara, Modelyerl\u0259r\u0259, Modell\u0259r\u0259, v\u0259 s. \u201c\u0130L\u0130N FAVOR\u0130T\u0130\u201d M\u00dcKAFATI t\u0259qdim olunacaq. Qeyd ed\u0259k ki, m\u00fckafat\u0131n t\u0259qdimetm\u0259 m\u0259rasimi dekabr ay\u0131n\u0131n 7-d\u0259 ba\u015f tutacaq.<\/p>\n","protected":false},"excerpt":{"rendered":"<p>M\u00fckafatland\u0131rma m\u0259rasiminin vaxt\u0131 b\u0259lli olub. ARANTV.AZ-\u0131n verdiyi m\u0259lumata g\u00f6r\u0259, \u015eou Prodak\u015fn\u0131n t\u0259\u015fkilat\u00e7\u0131l\u0131\u011f\u0131 il\u0259 \u201c\u0130L\u0130N FAVOR\u0130T\u0130\u201d M\u00dcKAFATI t\u0259qdim olunacaq. M\u00fckafat \u201c\u015eou Biznes\u201d n\u00fcmay\u0259nd\u0259l\u0259rin\u0259, Maqazin verli\u015fl\u0259rin\u0259, \u015eou Biznesl\u0259 \u0259m\u0259kda\u015fl\u0131q ed\u0259nl\u0259r\u0259, Sayt v\u0259 internet portallar\u0131na, \u201c\u015eou-biznes\u201d yazarlar\u0131na, Apar\u0131c\u0131lara, Modelyerl\u0259r\u0259, Modell\u0259r\u0259, v\u0259 s. \u201c\u0130L\u0130N FAVOR\u0130T\u0130\u201d M\u00dcKAFATI t\u0259qdim olunacaq. Qeyd ed\u0259k ki, m\u00fckafat\u0131n t\u0259qdimetm\u0259 m\u0259rasimi dekabr ay\u0131n\u0131n 7-d\u0259 ba\u015f tutacaq.<\/p>\n","protected":false},"author":2,"featured_media":23352,"comment_status":"closed","ping_status":"closed","sticky":false,"template":"","format":"standard","meta":{"om_disable_all_campaigns":false,"_monsterinsights_skip_tracking":false,"_monsterinsights_sitenote_active":false,"_monsterinsights_sitenote_note":"","_monsterinsights_sitenote_category":0},"categories":[20],"tags":[],"aioseo_notices":[],"gutentor_comment":0,"rttpg_featured_image_url":{"full":["https:\/\/arantv.az\/wp-content\/uploads\/2018\/11\/46403305_487957595027218_7771984385741422592_n.jpg",960,720,false],"landscape":["https:\/\/arantv.az\/wp-content\/uploads\/2018\/11\/46403305_487957595027218_7771984385741422592_n.jpg",960,720,false],"portraits":["https:\/\/arantv.az\/wp-content\/uploads\/2018\/11\/46403305_487957595027218_7771984385741422592_n.jpg",960,720,false],"thumbnail":["https:\/\/arantv.az\/wp-content\/uploads\/2018\/11\/46403305_487957595027218_7771984385741422592_n-150x150.jpg",150,150,true],"medium":["https:\/\/arantv.az\/wp-content\/uploads\/2018\/11\/46403305_487957595027218_7771984385741422592_n-300x225.jpg",300,225,true],"large":["https:\/\/arantv.az\/wp-content\/uploads\/2018\/11\/46403305_487957595027218_7771984385741422592_n.jpg",640,480,false],"1536x1536":["https:\/\/arantv.az\/wp-content\/uploads\/2018\/11\/46403305_487957595027218_7771984385741422592_n.jpg",960,720,false],"2048x2048":["https:\/\/arantv.az\/wp-content\/uploads\/2018\/11\/46403305_487957595027218_7771984385741422592_n.jpg",960,720,false],"post-thumbnail":["https:\/\/arantv.az\/wp-content\/uploads\/2018\/11\/46403305_487957595027218_7771984385741422592_n-240x172.jpg",240,172,true],"advps-thumb-one":["https:\/\/arantv.az\/wp-content\/uploads\/2018\/11\/46403305_487957595027218_7771984385741422592_n-960x620.jpg",960,620,true]},"rttpg_author":{"display_name":"V\u00fcsal Rafiqo\u011flu","author_link":"https:\/\/arantv.az\/?author=2"},"rttpg_comment":0,"rttpg_category":"<a href=\"https:\/\/arantv.az\/?cat=20\" rel=\"category\">\u015eou biznes<\/a>","rttpg_excerpt":"M\u00fckafatland\u0131rma m\u0259rasiminin vaxt\u0131 b\u0259lli olub. ARANTV.AZ-\u0131n verdiyi m\u0259lumata g\u00f6r\u0259, \u015eou Prodak\u015fn\u0131n t\u0259\u015fkilat\u00e7\u0131l\u0131\u011f\u0131 il\u0259 \u201c\u0130L\u0130N FAVOR\u0130T\u0130\u201d M\u00dcKAFATI t\u0259qdim olunacaq. M\u00fckafat \u201c\u015eou Biznes\u201d n\u00fcmay\u0259nd\u0259l\u0259rin\u0259, Maqazin verli\u015fl\u0259rin\u0259, \u015eou Biznesl\u0259 \u0259m\u0259kda\u015fl\u0131q ed\u0259nl\u0259r\u0259, Sayt v\u0259 internet portallar\u0131na, \u201c\u015eou-biznes\u201d yazarlar\u0131na, Apar\u0131c\u0131lara, Modelyerl\u0259r\u0259, Modell\u0259r\u0259, v\u0259 s. \u201c\u0130L\u0130N FAVOR\u0130T\u0130\u201d M\u00dcKAFATI t\u0259qdim olunacaq. Qeyd ed\u0259k ki, m\u00fckafat\u0131n t\u0259qdimetm\u0259 m\u0259rasimi dekabr ay\u0131n\u0131n 7-d\u0259 ba\u015f tutacaq.","_links":{"self":[{"href":"https:\/\/arantv.az\/index.php?rest_route=\/wp\/v2\/posts\/23351"}],"collection":[{"href":"https:\/\/arantv.az\/index.php?rest_route=\/wp\/v2\/posts"}],"about":[{"href":"https:\/\/arantv.az\/index.php?rest_route=\/wp\/v2\/types\/post"}],"author":[{"embeddable":true,"href":"https:\/\/arantv.az\/index.php?rest_route=\/wp\/v2\/users\/2"}],"replies":[{"embeddable":true,"href":"https:\/\/arantv.az\/index.php?rest_route=%2Fwp%2Fv2%2Fcomments&post=23351"}],"version-history":[{"count":0,"href":"https:\/\/arantv.az\/index.php?rest_route=\/wp\/v2\/posts\/23351\/revisions"}],"wp:featuredmedia":[{"embeddable":true,"href":"https:\/\/arantv.az\/index.php?rest_route=\/wp\/v2\/media\/23352"}],"wp:attachment":[{"href":"https:\/\/arantv.az\/index.php?rest_route=%2Fwp%2Fv2%2Fmedia&parent=23351"}],"wp:term":[{"taxonomy":"category","embeddable":true,"href":"https:\/\/arantv.az\/index.php?rest_route=%2Fwp%2Fv2%2Fcategories&post=23351"},{"taxonomy":"post_tag","embeddable":true,"href":"https:\/\/arantv.az\/index.php?rest_route=%2Fwp%2Fv2%2Ftags&post=23351"}],"curies":[{"name":"wp","href":"https:\/\/api.w.org\/{rel}","templated":true}]}}