{"id":23359,"date":"2018-11-15T08:55:44","date_gmt":"2018-11-15T05:55:44","guid":{"rendered":"http:\/\/arantv.az\/?p=23359"},"modified":"2018-11-15T08:55:44","modified_gmt":"2018-11-15T05:55:44","slug":"amea-nin-r%c9%99yas%c9%99t-hey%c9%99tinin-novb%c9%99ti-iclasi-kecirilib","status":"publish","type":"post","link":"https:\/\/arantv.az\/?p=23359","title":{"rendered":"AMEA-n\u0131n R\u0259yas\u0259t Hey\u0259tinin n\u00f6vb\u0259ti iclas\u0131 ke\u00e7irilib"},"content":{"rendered":"<p><strong>ARANTV.AZ<\/strong> x\u0259b\u0259r verir ki, Milli Elml\u0259r Akademiyas\u0131 R\u0259yas\u0259t Hey\u0259tinin n\u00f6vb\u0259ti iclas\u0131 ke\u00e7irilib. \u0130clasda yeni t\u0259klifl\u0259r s\u0259sl\u0259ndirilib, m\u0259ruz\u0259l\u0259r dinl\u0259nilib.<\/p>\n<p>\u0130clasda \u0259vv\u0259lc\u0259 Milli Elml\u0259r Akademiyas\u0131n\u0131n prezidenti Akif \u018flizad\u0259 g\u00fcnd\u0259likd\u0259ki m\u0259s\u0259l\u0259l\u0259rl\u0259 ba\u011fl\u0131 m\u0259lumat verdi. Sonra Prezident \u0130lham \u018fliyevin S\u0259r\u0259ncam\u0131na \u0259sas\u0259n AMEA-n\u0131n \u0130qtisadiyyat \u0130nstitutunun\u00a060 illik\u00a0yubileyi m\u00fcnasib\u0259til\u0259 t\u0259ltif olunan \u0259m\u0259kda\u015flara m\u00fckafatlar\u0131 t\u0259qdim edildi.\u00a0 \u0130clasda Akademiyan\u0131n Biologiya v\u0259 Tibb Elml\u0259ri B\u00f6lm\u0259sinin akademik-katibi, akademik \u018fhliman \u018fmiraslanov \u201cAz\u0259rbaycan faunas\u0131\u201d Milli \u0130nformasiya Sisteminin yarad\u0131lmas\u0131 t\u0259kilifini ir\u0259li s\u00fcrd\u00fc. Akademik Kamal Abdullayev is\u0259 &#8220;T\u00fcrkologiya&#8221; jurnal\u0131n\u0131n 2016-2018-ci ill\u0259r \u00fczr\u0259 f\u0259aliyy\u0259ti haqq\u0131nda m\u0259ruz\u0259 etdi. Jurnal\u0131n f\u0259aiyy\u0259ti auditoriya t\u0259r\u0259find\u0259n y\u00fcks\u0259k qiym\u0259tl\u0259ndirildi. Milli Elml\u0259r Akademiyas\u0131n\u0131n Yer Elml\u0259ri b\u00f6lm\u0259sinin akademik katibi, akademik F\u0259xr\u0259ddin Q\u0259dirov \u201cAb\u015feron yar\u0131madas\u0131n\u0131n m\u00fcasir geodinamik \u015f\u0259raiti: t\u0259hl\u00fck\u0259li geoloji prosesl\u0259rin modell\u0259\u015fdirilm\u0259si v\u0259 monitorinqi\u201d adl\u0131 elmi m\u0259ruz\u0259ni t\u0259qdim etdi. T\u0259dbird\u0259 AMEA R\u0259yas\u0259t Hey\u0259ti n\u0259zdind\u0259 Strateji Ara\u015fd\u0131rmalar M\u0259rk\u0259zinin \u018fsasnam\u0259sinin t\u0259sdiqi, el\u0259c\u0259 d\u0259 m\u0259rk\u0259zin elmi t\u0259dqiqat, texnoloji layih\u0259l\u0259rinin f\u0259aliyy\u0259t istiqam\u0259tl\u0259rini m\u00fc\u0259yy\u0259nl\u0259\u015fdirm\u0259k, hesabatlar\u0131 q\u0259bul etm\u0259k v\u0259 qiym\u0259tl\u0259ndirm\u0259k m\u0259qs\u0259dil\u0259 Elmi-texniki \u015euran\u0131n yarad\u0131lmas\u0131 v\u0259 t\u0259rkibinin t\u0259sdiqi il\u0259 ba\u011fl\u0131 q\u0259rar q\u0259bul olundu.\u00a0 Sonda kadr m\u0259s\u0259l\u0259l\u0259rin\u0259 bax\u0131ld\u0131.<\/p>\n","protected":false},"excerpt":{"rendered":"<p>ARANTV.AZ x\u0259b\u0259r verir ki, Milli Elml\u0259r Akademiyas\u0131 R\u0259yas\u0259t Hey\u0259tinin n\u00f6vb\u0259ti iclas\u0131 ke\u00e7irilib. \u0130clasda yeni t\u0259klifl\u0259r s\u0259sl\u0259ndirilib, m\u0259ruz\u0259l\u0259r dinl\u0259nilib. \u0130clasda \u0259vv\u0259lc\u0259 Milli Elml\u0259r Akademiyas\u0131n\u0131n prezidenti Akif \u018flizad\u0259 g\u00fcnd\u0259likd\u0259ki m\u0259s\u0259l\u0259l\u0259rl\u0259 ba\u011fl\u0131 m\u0259lumat verdi. Sonra Prezident \u0130lham \u018fliyevin S\u0259r\u0259ncam\u0131na \u0259sas\u0259n AMEA-n\u0131n \u0130qtisadiyyat \u0130nstitutunun\u00a060 illik\u00a0yubileyi m\u00fcnasib\u0259til\u0259 t\u0259ltif olunan \u0259m\u0259kda\u015flara m\u00fckafatlar\u0131 t\u0259qdim edildi.\u00a0 \u0130clasda Akademiyan\u0131n Biologiya v\u0259 Tibb Elml\u0259ri B\u00f6lm\u0259sinin akademik-katibi, akademik \u018fhliman \u018fmiraslanov \u201cAz\u0259rbaycan faunas\u0131\u201d Milli \u0130nformasiya Sisteminin yarad\u0131lmas\u0131 t\u0259kilifini ir\u0259li s\u00fcrd\u00fc. Akademik Kamal Abdullayev is\u0259 &#8220;T\u00fcrkologiya&#8221; jurnal\u0131n\u0131n 2016-2018-ci ill\u0259r \u00fczr\u0259 f\u0259aliyy\u0259ti haqq\u0131nda m\u0259ruz\u0259 etdi. Jurnal\u0131n f\u0259aiyy\u0259ti auditoriya t\u0259r\u0259find\u0259n y\u00fcks\u0259k qiym\u0259tl\u0259ndirildi. Milli Elml\u0259r Akademiyas\u0131n\u0131n&hellip;<\/p>\n","protected":false},"author":2,"featured_media":23360,"comment_status":"closed","ping_status":"closed","sticky":false,"template":"","format":"standard","meta":{"om_disable_all_campaigns":false,"_monsterinsights_skip_tracking":false,"_monsterinsights_sitenote_active":false,"_monsterinsights_sitenote_note":"","_monsterinsights_sitenote_category":0},"categories":[1],"tags":[],"aioseo_notices":[],"gutentor_comment":0,"rttpg_featured_image_url":{"full":["https:\/\/arantv.az\/wp-content\/uploads\/2018\/11\/b8njlvhig801it8rnmo02m0rl0amea.jpg",1000,585,false],"landscape":["https:\/\/arantv.az\/wp-content\/uploads\/2018\/11\/b8njlvhig801it8rnmo02m0rl0amea.jpg",1000,585,false],"portraits":["https:\/\/arantv.az\/wp-content\/uploads\/2018\/11\/b8njlvhig801it8rnmo02m0rl0amea.jpg",1000,585,false],"thumbnail":["https:\/\/arantv.az\/wp-content\/uploads\/2018\/11\/b8njlvhig801it8rnmo02m0rl0amea-150x150.jpg",150,150,true],"medium":["https:\/\/arantv.az\/wp-content\/uploads\/2018\/11\/b8njlvhig801it8rnmo02m0rl0amea-300x176.jpg",300,176,true],"large":["https:\/\/arantv.az\/wp-content\/uploads\/2018\/11\/b8njlvhig801it8rnmo02m0rl0amea.jpg",640,374,false],"1536x1536":["https:\/\/arantv.az\/wp-content\/uploads\/2018\/11\/b8njlvhig801it8rnmo02m0rl0amea.jpg",1000,585,false],"2048x2048":["https:\/\/arantv.az\/wp-content\/uploads\/2018\/11\/b8njlvhig801it8rnmo02m0rl0amea.jpg",1000,585,false],"post-thumbnail":["https:\/\/arantv.az\/wp-content\/uploads\/2018\/11\/b8njlvhig801it8rnmo02m0rl0amea-240x172.jpg",240,172,true],"advps-thumb-one":["https:\/\/arantv.az\/wp-content\/uploads\/2018\/11\/b8njlvhig801it8rnmo02m0rl0amea.jpg",1000,585,false]},"rttpg_author":{"display_name":"V\u00fcsal Rafiqo\u011flu","author_link":"https:\/\/arantv.az\/?author=2"},"rttpg_comment":0,"rttpg_category":"<a href=\"https:\/\/arantv.az\/?cat=1\" rel=\"category\">C\u0259miyy\u0259t<\/a>","rttpg_excerpt":"ARANTV.AZ x\u0259b\u0259r verir ki, Milli Elml\u0259r Akademiyas\u0131 R\u0259yas\u0259t Hey\u0259tinin n\u00f6vb\u0259ti iclas\u0131 ke\u00e7irilib. \u0130clasda yeni t\u0259klifl\u0259r s\u0259sl\u0259ndirilib, m\u0259ruz\u0259l\u0259r dinl\u0259nilib. \u0130clasda \u0259vv\u0259lc\u0259 Milli Elml\u0259r Akademiyas\u0131n\u0131n prezidenti Akif \u018flizad\u0259 g\u00fcnd\u0259likd\u0259ki m\u0259s\u0259l\u0259l\u0259rl\u0259 ba\u011fl\u0131 m\u0259lumat verdi. Sonra Prezident \u0130lham \u018fliyevin S\u0259r\u0259ncam\u0131na \u0259sas\u0259n AMEA-n\u0131n \u0130qtisadiyyat \u0130nstitutunun\u00a060 illik\u00a0yubileyi m\u00fcnasib\u0259til\u0259 t\u0259ltif olunan \u0259m\u0259kda\u015flara m\u00fckafatlar\u0131 t\u0259qdim edildi.\u00a0 \u0130clasda Akademiyan\u0131n Biologiya v\u0259 Tibb Elml\u0259ri B\u00f6lm\u0259sinin&hellip;","_links":{"self":[{"href":"https:\/\/arantv.az\/index.php?rest_route=\/wp\/v2\/posts\/23359"}],"collection":[{"href":"https:\/\/arantv.az\/index.php?rest_route=\/wp\/v2\/posts"}],"about":[{"href":"https:\/\/arantv.az\/index.php?rest_route=\/wp\/v2\/types\/post"}],"author":[{"embeddable":true,"href":"https:\/\/arantv.az\/index.php?rest_route=\/wp\/v2\/users\/2"}],"replies":[{"embeddable":true,"href":"https:\/\/arantv.az\/index.php?rest_route=%2Fwp%2Fv2%2Fcomments&post=23359"}],"version-history":[{"count":0,"href":"https:\/\/arantv.az\/index.php?rest_route=\/wp\/v2\/posts\/23359\/revisions"}],"wp:featuredmedia":[{"embeddable":true,"href":"https:\/\/arantv.az\/index.php?rest_route=\/wp\/v2\/media\/23360"}],"wp:attachment":[{"href":"https:\/\/arantv.az\/index.php?rest_route=%2Fwp%2Fv2%2Fmedia&parent=23359"}],"wp:term":[{"taxonomy":"category","embeddable":true,"href":"https:\/\/arantv.az\/index.php?rest_route=%2Fwp%2Fv2%2Fcategories&post=23359"},{"taxonomy":"post_tag","embeddable":true,"href":"https:\/\/arantv.az\/index.php?rest_route=%2Fwp%2Fv2%2Ftags&post=23359"}],"curies":[{"name":"wp","href":"https:\/\/api.w.org\/{rel}","templated":true}]}}