{"id":23362,"date":"2018-11-15T08:57:01","date_gmt":"2018-11-15T05:57:01","guid":{"rendered":"http:\/\/arantv.az\/?p=23362"},"modified":"2018-11-15T08:57:01","modified_gmt":"2018-11-15T05:57:01","slug":"moskvada-x%c9%99z%c9%99r-dialoqu-2018-beyn%c9%99lxalq-iqtisadi-forumu-kecirilib","status":"publish","type":"post","link":"https:\/\/arantv.az\/?p=23362","title":{"rendered":"Moskvada \u201cX\u0259z\u0259r dialoqu 2018\u201d beyn\u0259lxalq iqtisadi forumu ke\u00e7irilib"},"content":{"rendered":"<p><strong>ARANTV.AZ<\/strong> x\u0259b\u0259r verir ki, Moskvada \u201cX\u0259z\u0259r dialoqu 2018\u201d beyn\u0259lxalq iqtisadi forumu ke\u00e7irilib. Moskva D\u00f6vl\u0259t Beyn\u0259lxalq \u018flaq\u0259l\u0259r \u0130nstitutunda ke\u00e7iril\u0259n t\u0259dbird\u0259 X\u0259z\u0259ryan\u0131 \u00f6lk\u0259l\u0259rin \u0259m\u0259kda\u015fl\u0131\u011f\u0131na dair m\u00fczakir\u0259l\u0259r apar\u0131l\u0131b.<\/p>\n<p>Rusiya Xarici \u0130\u015fl\u0259r Nazirliyinin, T\u0259bii Ehtiyatlar v\u0259 Ekologiya Nazirliyinin, Rusiya Elml\u0259r Akademiyas\u0131n\u0131n d\u0259st\u0259yi il\u0259 ke\u00e7iril\u0259n t\u0259dbir ali t\u0259hsil oca\u011f\u0131n\u0131n Beyn\u0259lxalq Enerji Siyas\u0259ti v\u0259 Diplomatiya \u0130nstitutu t\u0259r\u0259find\u0259n \u201cX\u0259z\u0259rin elmi v\u0259 innovasiyalar\u0131\u201d \u015euras\u0131 il\u0259 birg\u0259 t\u0259\u015fkil edilib. X\u0259z\u0259ryan\u0131 \u00f6lk\u0259l\u0259r aras\u0131nda \u0259m\u0259kda\u015fl\u0131qdan dan\u0131\u015fan, forumun Proqram Komit\u0259sinin h\u0259ms\u0259drl\u0259ri, Moskva D\u00f6vl\u0259t Beyn\u0259lxalq M\u00fcnasib\u0259tl\u0259r \u0130nstitutunun rektoru Anatoli Torkunov qeyd etdi ki, Az\u0259rbaycan R\u0259hb\u0259rliyi x\u0259z\u0259rin h\u00fcquqi statusina dair konvensiyan\u0131n haz\u0131rlanmas\u0131nda m\u00fch\u00fcm v\u0259 vacib rol oynad\u0131.<\/p>\n<p>Forumun \u0259sas sessiyas\u0131nda X\u0259z\u0259r d\u0259nizinin h\u00fcquqi statusu haqq\u0131nda 2018-ci ilin avqustunda imzalanan Konvensiya \u0259sas\u0131nda beyn\u0259lxalq \u0259m\u0259kda\u015fl\u0131\u011f\u0131n inki\u015faf\u0131 m\u0259s\u0259l\u0259l\u0259ri m\u00fczakir\u0259 edildi. \u00c7\u0131x\u0131\u015f ed\u0259n Rusiya D\u00f6vl\u0259t Dumas\u0131n\u0131n deputat\u0131 Dmitri Savelyev dedi ki, Rusiya il\u0259 Az\u0259rbaycan aras\u0131nda b\u00fct\u00fcn istiqam\u0259tl\u0259r \u00fczr\u0259 \u0259m\u0259kda\u015fl\u0131q u\u011furla davam edir v\u0259 X\u0259z\u0259r x\u0259z\u0259ryan\u0131 \u00f6lk\u0259l\u0259rin m\u00f6hk\u0259ml\u0259nm\u0259sind\u0259 \u0259n m\u00fch\u00fcm al\u0259tl\u0259rd\u0259n biridir.<\/p>\n<p>Qeyd ed\u0259k ki, forumun i\u015find\u0259 X\u0259z\u0259r regionu \u00f6lk\u0259l\u0259rinin d\u00f6vl\u0259t orqanlar\u0131n\u0131n r\u0259hb\u0259rl\u0259ri v\u0259 apar\u0131c\u0131 ekspertl\u0259ri, X\u0259z\u0259ryan\u0131 d\u00f6vl\u0259tl\u0259rin s\u0259firl\u0259ri, \u0259n iri korporasiyalar\u0131n v\u0259 analitik m\u0259rk\u0259zl\u0259rin n\u00fcmay\u0259nd\u0259l\u0259ri i\u015ftirak edirdi.<\/p>\n<p>&nbsp;<\/p>\n","protected":false},"excerpt":{"rendered":"<p>ARANTV.AZ x\u0259b\u0259r verir ki, Moskvada \u201cX\u0259z\u0259r dialoqu 2018\u201d beyn\u0259lxalq iqtisadi forumu ke\u00e7irilib. Moskva D\u00f6vl\u0259t Beyn\u0259lxalq \u018flaq\u0259l\u0259r \u0130nstitutunda ke\u00e7iril\u0259n t\u0259dbird\u0259 X\u0259z\u0259ryan\u0131 \u00f6lk\u0259l\u0259rin \u0259m\u0259kda\u015fl\u0131\u011f\u0131na dair m\u00fczakir\u0259l\u0259r apar\u0131l\u0131b. Rusiya Xarici \u0130\u015fl\u0259r Nazirliyinin, T\u0259bii Ehtiyatlar v\u0259 Ekologiya Nazirliyinin, Rusiya Elml\u0259r Akademiyas\u0131n\u0131n d\u0259st\u0259yi il\u0259 ke\u00e7iril\u0259n t\u0259dbir ali t\u0259hsil oca\u011f\u0131n\u0131n Beyn\u0259lxalq Enerji Siyas\u0259ti v\u0259 Diplomatiya \u0130nstitutu t\u0259r\u0259find\u0259n \u201cX\u0259z\u0259rin elmi v\u0259 innovasiyalar\u0131\u201d \u015euras\u0131 il\u0259 birg\u0259 t\u0259\u015fkil edilib. X\u0259z\u0259ryan\u0131 \u00f6lk\u0259l\u0259r aras\u0131nda \u0259m\u0259kda\u015fl\u0131qdan dan\u0131\u015fan, forumun Proqram Komit\u0259sinin h\u0259ms\u0259drl\u0259ri, Moskva D\u00f6vl\u0259t Beyn\u0259lxalq M\u00fcnasib\u0259tl\u0259r \u0130nstitutunun rektoru Anatoli Torkunov qeyd etdi ki, Az\u0259rbaycan R\u0259hb\u0259rliyi x\u0259z\u0259rin h\u00fcquqi statusina dair konvensiyan\u0131n haz\u0131rlanmas\u0131nda m\u00fch\u00fcm v\u0259&hellip;<\/p>\n","protected":false},"author":2,"featured_media":23363,"comment_status":"closed","ping_status":"closed","sticky":false,"template":"","format":"standard","meta":{"om_disable_all_campaigns":false,"_monsterinsights_skip_tracking":false,"_monsterinsights_sitenote_active":false,"_monsterinsights_sitenote_note":"","_monsterinsights_sitenote_category":0},"categories":[19],"tags":[],"aioseo_notices":[],"gutentor_comment":0,"rttpg_featured_image_url":{"full":["https:\/\/arantv.az\/wp-content\/uploads\/2018\/11\/b8njlvhig801it8rnmo02m0rl0xez.jpg",892,669,false],"landscape":["https:\/\/arantv.az\/wp-content\/uploads\/2018\/11\/b8njlvhig801it8rnmo02m0rl0xez.jpg",892,669,false],"portraits":["https:\/\/arantv.az\/wp-content\/uploads\/2018\/11\/b8njlvhig801it8rnmo02m0rl0xez.jpg",892,669,false],"thumbnail":["https:\/\/arantv.az\/wp-content\/uploads\/2018\/11\/b8njlvhig801it8rnmo02m0rl0xez-150x150.jpg",150,150,true],"medium":["https:\/\/arantv.az\/wp-content\/uploads\/2018\/11\/b8njlvhig801it8rnmo02m0rl0xez-300x225.jpg",300,225,true],"large":["https:\/\/arantv.az\/wp-content\/uploads\/2018\/11\/b8njlvhig801it8rnmo02m0rl0xez.jpg",640,480,false],"1536x1536":["https:\/\/arantv.az\/wp-content\/uploads\/2018\/11\/b8njlvhig801it8rnmo02m0rl0xez.jpg",892,669,false],"2048x2048":["https:\/\/arantv.az\/wp-content\/uploads\/2018\/11\/b8njlvhig801it8rnmo02m0rl0xez.jpg",892,669,false],"post-thumbnail":["https:\/\/arantv.az\/wp-content\/uploads\/2018\/11\/b8njlvhig801it8rnmo02m0rl0xez-240x172.jpg",240,172,true],"advps-thumb-one":["https:\/\/arantv.az\/wp-content\/uploads\/2018\/11\/b8njlvhig801it8rnmo02m0rl0xez-892x620.jpg",892,620,true]},"rttpg_author":{"display_name":"V\u00fcsal Rafiqo\u011flu","author_link":"https:\/\/arantv.az\/?author=2"},"rttpg_comment":0,"rttpg_category":"<a href=\"https:\/\/arantv.az\/?cat=19\" rel=\"category\">G\u00fcnd\u0259m<\/a>","rttpg_excerpt":"ARANTV.AZ x\u0259b\u0259r verir ki, Moskvada \u201cX\u0259z\u0259r dialoqu 2018\u201d beyn\u0259lxalq iqtisadi forumu ke\u00e7irilib. Moskva D\u00f6vl\u0259t Beyn\u0259lxalq \u018flaq\u0259l\u0259r \u0130nstitutunda ke\u00e7iril\u0259n t\u0259dbird\u0259 X\u0259z\u0259ryan\u0131 \u00f6lk\u0259l\u0259rin \u0259m\u0259kda\u015fl\u0131\u011f\u0131na dair m\u00fczakir\u0259l\u0259r apar\u0131l\u0131b. Rusiya Xarici \u0130\u015fl\u0259r Nazirliyinin, T\u0259bii Ehtiyatlar v\u0259 Ekologiya Nazirliyinin, Rusiya Elml\u0259r Akademiyas\u0131n\u0131n d\u0259st\u0259yi il\u0259 ke\u00e7iril\u0259n t\u0259dbir ali t\u0259hsil oca\u011f\u0131n\u0131n Beyn\u0259lxalq Enerji Siyas\u0259ti v\u0259 Diplomatiya \u0130nstitutu t\u0259r\u0259find\u0259n \u201cX\u0259z\u0259rin elmi v\u0259 innovasiyalar\u0131\u201d&hellip;","_links":{"self":[{"href":"https:\/\/arantv.az\/index.php?rest_route=\/wp\/v2\/posts\/23362"}],"collection":[{"href":"https:\/\/arantv.az\/index.php?rest_route=\/wp\/v2\/posts"}],"about":[{"href":"https:\/\/arantv.az\/index.php?rest_route=\/wp\/v2\/types\/post"}],"author":[{"embeddable":true,"href":"https:\/\/arantv.az\/index.php?rest_route=\/wp\/v2\/users\/2"}],"replies":[{"embeddable":true,"href":"https:\/\/arantv.az\/index.php?rest_route=%2Fwp%2Fv2%2Fcomments&post=23362"}],"version-history":[{"count":0,"href":"https:\/\/arantv.az\/index.php?rest_route=\/wp\/v2\/posts\/23362\/revisions"}],"wp:featuredmedia":[{"embeddable":true,"href":"https:\/\/arantv.az\/index.php?rest_route=\/wp\/v2\/media\/23363"}],"wp:attachment":[{"href":"https:\/\/arantv.az\/index.php?rest_route=%2Fwp%2Fv2%2Fmedia&parent=23362"}],"wp:term":[{"taxonomy":"category","embeddable":true,"href":"https:\/\/arantv.az\/index.php?rest_route=%2Fwp%2Fv2%2Fcategories&post=23362"},{"taxonomy":"post_tag","embeddable":true,"href":"https:\/\/arantv.az\/index.php?rest_route=%2Fwp%2Fv2%2Ftags&post=23362"}],"curies":[{"name":"wp","href":"https:\/\/api.w.org\/{rel}","templated":true}]}}