{"id":23391,"date":"2018-11-15T09:22:15","date_gmt":"2018-11-15T06:22:15","guid":{"rendered":"http:\/\/arantv.az\/?p=23391"},"modified":"2018-11-15T09:22:15","modified_gmt":"2018-11-15T06:22:15","slug":"v%c9%99killikl%c9%99-bagli-avropa-surasi-avropa-ittifaqi-v%c9%99-dig%c9%99r-beyn%c9%99lxalq-t%c9%99skilatlarla-%c9%99m%c9%99kdasliqdan-m%c9%99mnunluq-duyuruq-%c9%99dliyy%c9%99-nazirinin-muavini","status":"publish","type":"post","link":"https:\/\/arantv.az\/?p=23391","title":{"rendered":"&#8220;V\u0259killikl\u0259 ba\u011fl\u0131 Avropa \u015euras\u0131, Avropa \u0130ttifaq\u0131 v\u0259 dig\u0259r beyn\u0259lxalq t\u0259\u015fkilatlarla \u0259m\u0259kda\u015fl\u0131qdan m\u0259mnunluq duyuruq&#8221; &#8211; \u018fdliyy\u0259 nazirinin m\u00fcavini"},"content":{"rendered":"<div class=\"fulltext\"><b>&#8220;Bel\u0259 bir m\u00fcdrik k\u0259lam var: &#8220;\u018fdal\u0259t olmayan \u00f6lk\u0259d\u0259 v\u0259kill\u0259r d\u0259 yoxdur&#8221;. V\u0259kill\u0259rin f\u0259aliyy\u0259ti qanunun aliliyin\u0259, insan h\u00fcquqlar\u0131n\u0131n t\u0259min edilm\u0259sin\u0259 xidm\u0259t edir. Onlar\u0131n m\u00fcst\u0259qil v\u0259 azad \u015f\u0259kild\u0259 f\u0259aliyy\u0259ti m\u0259hz bu m\u0259s\u0259l\u0259l\u0259rl\u0259 \u0259laq\u0259dard\u0131r&#8221;.<\/p>\n<p>ARANTV.AZ-\u0131n x\u0259b\u0259rin\u0259 g\u00f6r\u0259, bunu Az\u0259rbaycan \u0259dliyy\u0259 nazirinin m\u00fcavini Az\u0259r C\u0259f\u0259rov Bak\u0131da &#8220;V\u0259kill\u0259rin rolu v\u0259 m\u00fcst\u0259qiliyi: m\u00fcqayis\u0259li perspektivl\u0259r&#8221; m\u00f6vzusunda ke\u00e7iril\u0259n beyn\u0259lxalq konfransda deyib.<\/p>\n<p>Nazir m\u00fcavini qeyd edib ki, Az\u0259rbaycanda v\u0259killik f\u0259aliyy\u0259ti d\u00f6vl\u0259tin diqq\u0259t m\u0259rk\u0259zind\u0259dir: &#8220;Bu sah\u0259ni t\u0259nziml\u0259y\u0259n qanunvericilik daim t\u0259kmill\u0259\u015fdirilir. V\u0259killik institunun g\u00fccl\u0259ndirilm\u0259si, m\u00fcst\u0259qilliyinin t\u0259min edilm\u0259si, f\u0259aliyy\u0259tinin s\u0259m\u0259r\u0259liliyinin art\u0131r\u0131lmas\u0131, V\u0259kill\u0259r Kollegiyas\u0131n\u0131n maddi-texniki t\u0259minat\u0131n\u0131n yax\u015f\u0131la\u015fd\u0131r\u0131lmas\u0131, v\u0259kill\u0259rin pe\u015f\u0259karl\u0131\u011f\u0131n\u0131n v\u0259 g\u00f6st\u0259rdikl\u0259ri h\u00fcquqi yard\u0131m\u0131n s\u0259viyy\u0259sinin y\u00fcks\u0259ldilm\u0259si \u00fc\u00e7\u00fcn t\u0259dbirl\u0259r g\u00f6r\u00fcl\u00fcr. Bir m\u00fcdd\u0259t \u00f6nc\u0259 Prezident \u0130lham \u018fliyevin \u00f6lk\u0259d\u0259 v\u0259killiyin inki\u015faf\u0131 il\u0259 ba\u011fl\u0131 \u0259lav\u0259 t\u0259dbirl\u0259r haqq\u0131nda s\u0259r\u0259ncam\u0131na \u0259sas\u0259n, V\u0259kill\u0259r Kollegiyas\u0131n\u0131n maddi-texniki t\u0259minat\u0131 daha da yax\u015f\u0131la\u015fd\u0131r\u0131l\u0131b, h\u00fcquqi yard\u0131m art\u0131r\u0131l\u0131b v\u0259 dig\u0259r t\u0259dbirl\u0259r h\u0259yata ke\u00e7irilib. Bu sah\u0259d\u0259 Avropa \u015euras\u0131, Avropa \u0130ttifaq\u0131 v\u0259 dig\u0259r beyn\u0259lxalq t\u0259\u015fkilatlarla \u0259m\u0259kda\u015fl\u0131qdan m\u0259mnunluq duyuruq&#8221;.<\/p>\n<p>A.C\u0259f\u0259rov vur\u011fulay\u0131b ki, v\u0259killiyin inki\u015faf\u0131, c\u0259miyy\u0259td\u0259 rolu v\u0259 n\u00fcfuzunun art\u0131r\u0131lmas\u0131 prosesi davam etdirilir, lakin bu proses yaln\u0131z t\u0259\u015fkilati, institusional t\u0259dbirl\u0259rl\u0259 deyil, daim pe\u015f\u0259karl\u0131\u011f\u0131n y\u00fcks\u0259ldilm\u0259si il\u0259 m\u00fc\u015fahid\u0259 olunmal\u0131d\u0131r.<\/b><\/div>\n<div>report<\/div>\n<p><center><\/p>\n<div class=\"addthis_toolbox addthis_default_style addthis_32x32_style\"><\/div>\n<p><\/center><\/p>\n","protected":false},"excerpt":{"rendered":"<p>&#8220;Bel\u0259 bir m\u00fcdrik k\u0259lam var: &#8220;\u018fdal\u0259t olmayan \u00f6lk\u0259d\u0259 v\u0259kill\u0259r d\u0259 yoxdur&#8221;. V\u0259kill\u0259rin f\u0259aliyy\u0259ti qanunun aliliyin\u0259, insan h\u00fcquqlar\u0131n\u0131n t\u0259min edilm\u0259sin\u0259 xidm\u0259t edir. Onlar\u0131n m\u00fcst\u0259qil v\u0259 azad \u015f\u0259kild\u0259 f\u0259aliyy\u0259ti m\u0259hz bu m\u0259s\u0259l\u0259l\u0259rl\u0259 \u0259laq\u0259dard\u0131r&#8221;. ARANTV.AZ-\u0131n x\u0259b\u0259rin\u0259 g\u00f6r\u0259, bunu Az\u0259rbaycan \u0259dliyy\u0259 nazirinin m\u00fcavini Az\u0259r C\u0259f\u0259rov Bak\u0131da &#8220;V\u0259kill\u0259rin rolu v\u0259 m\u00fcst\u0259qiliyi: m\u00fcqayis\u0259li perspektivl\u0259r&#8221; m\u00f6vzusunda ke\u00e7iril\u0259n beyn\u0259lxalq konfransda deyib. Nazir m\u00fcavini qeyd edib ki, Az\u0259rbaycanda v\u0259killik f\u0259aliyy\u0259ti d\u00f6vl\u0259tin diqq\u0259t m\u0259rk\u0259zind\u0259dir: &#8220;Bu sah\u0259ni t\u0259nziml\u0259y\u0259n qanunvericilik daim t\u0259kmill\u0259\u015fdirilir. V\u0259killik institunun g\u00fccl\u0259ndirilm\u0259si, m\u00fcst\u0259qilliyinin t\u0259min edilm\u0259si, f\u0259aliyy\u0259tinin s\u0259m\u0259r\u0259liliyinin art\u0131r\u0131lmas\u0131, V\u0259kill\u0259r Kollegiyas\u0131n\u0131n maddi-texniki t\u0259minat\u0131n\u0131n yax\u015f\u0131la\u015fd\u0131r\u0131lmas\u0131, v\u0259kill\u0259rin pe\u015f\u0259karl\u0131\u011f\u0131n\u0131n v\u0259 g\u00f6st\u0259rdikl\u0259ri h\u00fcquqi yard\u0131m\u0131n&hellip;<\/p>\n","protected":false},"author":2,"featured_media":23392,"comment_status":"closed","ping_status":"closed","sticky":false,"template":"","format":"standard","meta":{"om_disable_all_campaigns":false,"_monsterinsights_skip_tracking":false,"_monsterinsights_sitenote_active":false,"_monsterinsights_sitenote_note":"","_monsterinsights_sitenote_category":0},"categories":[1],"tags":[],"aioseo_notices":[],"gutentor_comment":0,"rttpg_featured_image_url":{"full":["https:\/\/arantv.az\/wp-content\/uploads\/2018\/11\/1542262630_0001.jpg",200,298,false],"landscape":["https:\/\/arantv.az\/wp-content\/uploads\/2018\/11\/1542262630_0001.jpg",200,298,false],"portraits":["https:\/\/arantv.az\/wp-content\/uploads\/2018\/11\/1542262630_0001.jpg",200,298,false],"thumbnail":["https:\/\/arantv.az\/wp-content\/uploads\/2018\/11\/1542262630_0001-150x150.jpg",150,150,true],"medium":["https:\/\/arantv.az\/wp-content\/uploads\/2018\/11\/1542262630_0001.jpg",200,298,false],"large":["https:\/\/arantv.az\/wp-content\/uploads\/2018\/11\/1542262630_0001.jpg",200,298,false],"1536x1536":["https:\/\/arantv.az\/wp-content\/uploads\/2018\/11\/1542262630_0001.jpg",200,298,false],"2048x2048":["https:\/\/arantv.az\/wp-content\/uploads\/2018\/11\/1542262630_0001.jpg",200,298,false],"post-thumbnail":["https:\/\/arantv.az\/wp-content\/uploads\/2018\/11\/1542262630_0001-200x172.jpg",200,172,true],"advps-thumb-one":["https:\/\/arantv.az\/wp-content\/uploads\/2018\/11\/1542262630_0001.jpg",200,298,false]},"rttpg_author":{"display_name":"V\u00fcsal Rafiqo\u011flu","author_link":"https:\/\/arantv.az\/?author=2"},"rttpg_comment":0,"rttpg_category":"<a href=\"https:\/\/arantv.az\/?cat=1\" rel=\"category\">C\u0259miyy\u0259t<\/a>","rttpg_excerpt":"&#8220;Bel\u0259 bir m\u00fcdrik k\u0259lam var: &#8220;\u018fdal\u0259t olmayan \u00f6lk\u0259d\u0259 v\u0259kill\u0259r d\u0259 yoxdur&#8221;. V\u0259kill\u0259rin f\u0259aliyy\u0259ti qanunun aliliyin\u0259, insan h\u00fcquqlar\u0131n\u0131n t\u0259min edilm\u0259sin\u0259 xidm\u0259t edir. Onlar\u0131n m\u00fcst\u0259qil v\u0259 azad \u015f\u0259kild\u0259 f\u0259aliyy\u0259ti m\u0259hz bu m\u0259s\u0259l\u0259l\u0259rl\u0259 \u0259laq\u0259dard\u0131r&#8221;. ARANTV.AZ-\u0131n x\u0259b\u0259rin\u0259 g\u00f6r\u0259, bunu Az\u0259rbaycan \u0259dliyy\u0259 nazirinin m\u00fcavini Az\u0259r C\u0259f\u0259rov Bak\u0131da &#8220;V\u0259kill\u0259rin rolu v\u0259 m\u00fcst\u0259qiliyi: m\u00fcqayis\u0259li perspektivl\u0259r&#8221; m\u00f6vzusunda ke\u00e7iril\u0259n beyn\u0259lxalq konfransda deyib. Nazir m\u00fcavini&hellip;","_links":{"self":[{"href":"https:\/\/arantv.az\/index.php?rest_route=\/wp\/v2\/posts\/23391"}],"collection":[{"href":"https:\/\/arantv.az\/index.php?rest_route=\/wp\/v2\/posts"}],"about":[{"href":"https:\/\/arantv.az\/index.php?rest_route=\/wp\/v2\/types\/post"}],"author":[{"embeddable":true,"href":"https:\/\/arantv.az\/index.php?rest_route=\/wp\/v2\/users\/2"}],"replies":[{"embeddable":true,"href":"https:\/\/arantv.az\/index.php?rest_route=%2Fwp%2Fv2%2Fcomments&post=23391"}],"version-history":[{"count":0,"href":"https:\/\/arantv.az\/index.php?rest_route=\/wp\/v2\/posts\/23391\/revisions"}],"wp:featuredmedia":[{"embeddable":true,"href":"https:\/\/arantv.az\/index.php?rest_route=\/wp\/v2\/media\/23392"}],"wp:attachment":[{"href":"https:\/\/arantv.az\/index.php?rest_route=%2Fwp%2Fv2%2Fmedia&parent=23391"}],"wp:term":[{"taxonomy":"category","embeddable":true,"href":"https:\/\/arantv.az\/index.php?rest_route=%2Fwp%2Fv2%2Fcategories&post=23391"},{"taxonomy":"post_tag","embeddable":true,"href":"https:\/\/arantv.az\/index.php?rest_route=%2Fwp%2Fv2%2Ftags&post=23391"}],"curies":[{"name":"wp","href":"https:\/\/api.w.org\/{rel}","templated":true}]}}