{"id":23394,"date":"2018-11-15T09:23:23","date_gmt":"2018-11-15T06:23:23","guid":{"rendered":"http:\/\/arantv.az\/?p=23394"},"modified":"2018-11-15T09:23:23","modified_gmt":"2018-11-15T06:23:23","slug":"bu-gun-milli-m%c9%99clisd%c9%99-budc%c9%99-muzakir%c9%99l%c9%99ri-sona-catacaq","status":"publish","type":"post","link":"https:\/\/arantv.az\/?p=23394","title":{"rendered":"Bu g\u00fcn Milli M\u0259clisd\u0259 b\u00fcdc\u0259 m\u00fczakir\u0259l\u0259ri sona \u00e7atacaq"},"content":{"rendered":"<p><b>Bu g\u00fcn Milli M\u0259clisin n\u00f6vb\u0259ti plenar iclas\u0131 ke\u00e7iril\u0259c\u0259k.<\/p>\n<p>ARANTV.AZ-\u0131n m\u0259lumat\u0131na g\u00f6r\u0259, \u00fcmumilikd\u0259 noyabr\u0131n 13, 14 v\u0259 15-d\u0259 ke\u00e7iril\u0259n iclaslar\u0131n g\u00fcnd\u0259liyin\u0259 11 m\u0259s\u0259l\u0259 daxildir.<\/p>\n<p>Bel\u0259 ki, iclaslarda &#8220;Az\u0259rbaycan Respublikas\u0131n\u0131n 2019-cu il d\u00f6vl\u0259t b\u00fcdc\u0259si haqq\u0131nda&#8221; qanun layih\u0259si, &#8220;Sosial t\u0259minat\u0131 v\u0259 m\u00fcdafi\u0259ni h\u0259yata ke\u00e7ir\u0259n m\u00fcvafiq icra hakimiyy\u0259ti orqan\u0131n\u0131n 2019-cu il b\u00fcdc\u0259si haqq\u0131nda&#8221; qanun layih\u0259si, &#8220;\u0130\u015fsizlikd\u0259n s\u0131\u011forta fondunun 2019-cu il d\u00f6vl\u0259t b\u00fcdc\u0259si haqq\u0131nda&#8221; qanun layih\u0259si, &#8220;Az\u0259rbaycan Respublikas\u0131nda 2019-cu il \u00fc\u00e7\u00fcn ya\u015fay\u0131\u015f minimumu haqq\u0131nda&#8221; qanun layih\u0259si, &#8220;Az\u0259rbaycan Respublikas\u0131nda 2019-cu il \u00fc\u00e7\u00fcn ehtiyac meyar\u0131n\u0131n h\u0259ddi haqq\u0131nda&#8221; qanun layih\u0259si, Az\u0259rbaycan Respublikas\u0131 Milli M\u0259clisin 2019-cu il \u00fc\u00e7\u00fcn x\u0259rcl\u0259r smetas\u0131 haqq\u0131nda, Hesablama Palatas\u0131n\u0131n 2019-cu il \u00fc\u00e7\u00fcn x\u0259rcl\u0259r smetas\u0131 haqq\u0131nda, Az\u0259rbaycan Respublikas\u0131 1996-c\u0131 il 17 may tarixli 74-IQ n\u00f6mr\u0259li Qanunu il\u0259 t\u0259sdiq edilmi\u015f &#8220;Az\u0259rbaycan Respublikas\u0131 Milli M\u0259clisinin Daxili Nizamnam\u0259si&#8221;nd\u0259 d\u0259yi\u015fiklik edilm\u0259si haqq\u0131nda qanun layih\u0259si, &#8220;Az\u0259rbaycan Respublikas\u0131 Milli M\u0259clisi deputat\u0131n\u0131n statusu haqq\u0131nda&#8221; qanuna d\u0259yi\u015fiklik, &#8220;Az\u0259rbaycan Respublikas\u0131 Milli M\u0259clisi deputat\u0131n\u0131n etik davran\u0131\u015f qaydalar\u0131 haqq\u0131nda&#8221; qanuna d\u0259yi\u015fiklik, &#8220;Notariat haqq\u0131nda&#8221; qanuna d\u0259yi\u015fiklik m\u00fczakir\u0259y\u0259 \u00e7\u0131xar\u0131l\u0131r.<\/b>\u00a0trend<\/p>\n","protected":false},"excerpt":{"rendered":"<p>Bu g\u00fcn Milli M\u0259clisin n\u00f6vb\u0259ti plenar iclas\u0131 ke\u00e7iril\u0259c\u0259k. ARANTV.AZ-\u0131n m\u0259lumat\u0131na g\u00f6r\u0259, \u00fcmumilikd\u0259 noyabr\u0131n 13, 14 v\u0259 15-d\u0259 ke\u00e7iril\u0259n iclaslar\u0131n g\u00fcnd\u0259liyin\u0259 11 m\u0259s\u0259l\u0259 daxildir. Bel\u0259 ki, iclaslarda &#8220;Az\u0259rbaycan Respublikas\u0131n\u0131n 2019-cu il d\u00f6vl\u0259t b\u00fcdc\u0259si haqq\u0131nda&#8221; qanun layih\u0259si, &#8220;Sosial t\u0259minat\u0131 v\u0259 m\u00fcdafi\u0259ni h\u0259yata ke\u00e7ir\u0259n m\u00fcvafiq icra hakimiyy\u0259ti orqan\u0131n\u0131n 2019-cu il b\u00fcdc\u0259si haqq\u0131nda&#8221; qanun layih\u0259si, &#8220;\u0130\u015fsizlikd\u0259n s\u0131\u011forta fondunun 2019-cu il d\u00f6vl\u0259t b\u00fcdc\u0259si haqq\u0131nda&#8221; qanun layih\u0259si, &#8220;Az\u0259rbaycan Respublikas\u0131nda 2019-cu il \u00fc\u00e7\u00fcn ya\u015fay\u0131\u015f minimumu haqq\u0131nda&#8221; qanun layih\u0259si, &#8220;Az\u0259rbaycan Respublikas\u0131nda 2019-cu il \u00fc\u00e7\u00fcn ehtiyac meyar\u0131n\u0131n h\u0259ddi haqq\u0131nda&#8221; qanun layih\u0259si, Az\u0259rbaycan Respublikas\u0131 Milli M\u0259clisin 2019-cu il \u00fc\u00e7\u00fcn x\u0259rcl\u0259r&hellip;<\/p>\n","protected":false},"author":2,"featured_media":23395,"comment_status":"closed","ping_status":"closed","sticky":false,"template":"","format":"standard","meta":{"om_disable_all_campaigns":false,"_monsterinsights_skip_tracking":false,"_monsterinsights_sitenote_active":false,"_monsterinsights_sitenote_note":"","_monsterinsights_sitenote_category":0},"categories":[19],"tags":[],"aioseo_notices":[],"gutentor_comment":0,"rttpg_featured_image_url":{"full":["https:\/\/arantv.az\/wp-content\/uploads\/2018\/11\/1542262345_0001.jpg",450,337,false],"landscape":["https:\/\/arantv.az\/wp-content\/uploads\/2018\/11\/1542262345_0001.jpg",450,337,false],"portraits":["https:\/\/arantv.az\/wp-content\/uploads\/2018\/11\/1542262345_0001.jpg",450,337,false],"thumbnail":["https:\/\/arantv.az\/wp-content\/uploads\/2018\/11\/1542262345_0001-150x150.jpg",150,150,true],"medium":["https:\/\/arantv.az\/wp-content\/uploads\/2018\/11\/1542262345_0001-300x225.jpg",300,225,true],"large":["https:\/\/arantv.az\/wp-content\/uploads\/2018\/11\/1542262345_0001.jpg",450,337,false],"1536x1536":["https:\/\/arantv.az\/wp-content\/uploads\/2018\/11\/1542262345_0001.jpg",450,337,false],"2048x2048":["https:\/\/arantv.az\/wp-content\/uploads\/2018\/11\/1542262345_0001.jpg",450,337,false],"post-thumbnail":["https:\/\/arantv.az\/wp-content\/uploads\/2018\/11\/1542262345_0001-240x172.jpg",240,172,true],"advps-thumb-one":["https:\/\/arantv.az\/wp-content\/uploads\/2018\/11\/1542262345_0001.jpg",450,337,false]},"rttpg_author":{"display_name":"V\u00fcsal Rafiqo\u011flu","author_link":"https:\/\/arantv.az\/?author=2"},"rttpg_comment":0,"rttpg_category":"<a href=\"https:\/\/arantv.az\/?cat=19\" rel=\"category\">G\u00fcnd\u0259m<\/a>","rttpg_excerpt":"Bu g\u00fcn Milli M\u0259clisin n\u00f6vb\u0259ti plenar iclas\u0131 ke\u00e7iril\u0259c\u0259k. ARANTV.AZ-\u0131n m\u0259lumat\u0131na g\u00f6r\u0259, \u00fcmumilikd\u0259 noyabr\u0131n 13, 14 v\u0259 15-d\u0259 ke\u00e7iril\u0259n iclaslar\u0131n g\u00fcnd\u0259liyin\u0259 11 m\u0259s\u0259l\u0259 daxildir. Bel\u0259 ki, iclaslarda &#8220;Az\u0259rbaycan Respublikas\u0131n\u0131n 2019-cu il d\u00f6vl\u0259t b\u00fcdc\u0259si haqq\u0131nda&#8221; qanun layih\u0259si, &#8220;Sosial t\u0259minat\u0131 v\u0259 m\u00fcdafi\u0259ni h\u0259yata ke\u00e7ir\u0259n m\u00fcvafiq icra hakimiyy\u0259ti orqan\u0131n\u0131n 2019-cu il b\u00fcdc\u0259si haqq\u0131nda&#8221; qanun layih\u0259si, &#8220;\u0130\u015fsizlikd\u0259n s\u0131\u011forta fondunun 2019-cu&hellip;","_links":{"self":[{"href":"https:\/\/arantv.az\/index.php?rest_route=\/wp\/v2\/posts\/23394"}],"collection":[{"href":"https:\/\/arantv.az\/index.php?rest_route=\/wp\/v2\/posts"}],"about":[{"href":"https:\/\/arantv.az\/index.php?rest_route=\/wp\/v2\/types\/post"}],"author":[{"embeddable":true,"href":"https:\/\/arantv.az\/index.php?rest_route=\/wp\/v2\/users\/2"}],"replies":[{"embeddable":true,"href":"https:\/\/arantv.az\/index.php?rest_route=%2Fwp%2Fv2%2Fcomments&post=23394"}],"version-history":[{"count":0,"href":"https:\/\/arantv.az\/index.php?rest_route=\/wp\/v2\/posts\/23394\/revisions"}],"wp:featuredmedia":[{"embeddable":true,"href":"https:\/\/arantv.az\/index.php?rest_route=\/wp\/v2\/media\/23395"}],"wp:attachment":[{"href":"https:\/\/arantv.az\/index.php?rest_route=%2Fwp%2Fv2%2Fmedia&parent=23394"}],"wp:term":[{"taxonomy":"category","embeddable":true,"href":"https:\/\/arantv.az\/index.php?rest_route=%2Fwp%2Fv2%2Fcategories&post=23394"},{"taxonomy":"post_tag","embeddable":true,"href":"https:\/\/arantv.az\/index.php?rest_route=%2Fwp%2Fv2%2Ftags&post=23394"}],"curies":[{"name":"wp","href":"https:\/\/api.w.org\/{rel}","templated":true}]}}