{"id":23513,"date":"2018-11-16T08:44:18","date_gmt":"2018-11-16T05:44:18","guid":{"rendered":"http:\/\/arantv.az\/?p=23513"},"modified":"2018-11-16T08:44:18","modified_gmt":"2018-11-16T05:44:18","slug":"fransa-az%c9%99rbaycan-dostlari-assosiasiyasinin-numay%c9%99nd%c9%99-hey%c9%99ti-cocuq-m%c9%99rcanlida-olub","status":"publish","type":"post","link":"https:\/\/arantv.az\/?p=23513","title":{"rendered":"\u201cFransa Az\u0259rbaycan Dostlar\u0131 Assosiasiyas\u0131\u201dn\u0131n n\u00fcmay\u0259nd\u0259 hey\u0259ti Cocuq M\u0259rcanl\u0131da olub"},"content":{"rendered":"<p><strong>ARANTV.AZ<\/strong> x\u0259b\u0259r verir ki, Az\u0259rbaycan\u0131n Erm\u0259nsitan\u0131n i\u015f\u011fal\u0131 alt\u0131nda olan torpaqlar\u0131 tezlikl\u0259 \u00f6z sahibl\u0259rin\u0259 ,- Az\u0259rbaycana qaytar\u0131lmal\u0131d\u0131r.\u00a0 C\u0259bray\u0131l rayonunun Cocuq M\u0259rcanl\u0131 k\u0259ndin\u0259 s\u0259f\u0259r ed\u0259n \u201cFransa Az\u0259rbaycan Dostlar\u0131 Assosiasiyas\u0131\u201dn\u0131n n\u00fcmay\u0259nd\u0259 hey\u0259tinin \u00fczvl\u0259ri bel\u0259 deyib.<\/p>\n<p>\u201cFransa Az\u0259rbaycan Dostlar\u0131 Assosiasiyas\u0131\u201d bir qrup fransal\u0131 ictimai-siyasi f\u0259allla Erm\u0259nistan\u0131n i\u015f\u011fal\u0131ndan azad edil\u0259n C\u0259bray\u0131l rayonunun Cocuq M\u0259rcanl\u0131 k\u0259ndin\u0259 s\u0259f\u0259r edib. Qonaqlar d\u00f6vl\u0259t ba\u015f\u00e7\u0131s\u0131n\u0131n siyasi irad\u0259si il\u0259 yenid\u0259n brpa edil\u0259n k\u0259ndd\u0259 yarad\u0131lan \u015f\u0259raitl\u0259 tan\u0131\u015f olublar. Cocuq M\u0259rcanl\u0131da in\u015fa edilmi\u015f \u015eu\u015fa m\u0259scidinin b\u0259nz\u0259ri olan m\u0259scid\u0259 v\u0259 dig\u0259r infrastruktur obyektl\u0259rin\u0259 ba\u015f \u00e7\u0259kib, yerli icma n\u00fcmay\u0259nd\u0259l\u0259ri il\u0259 g\u00f6r\u00fc\u015f\u00fcbl\u0259r. Az\u0259rbaycan\u0131n Dostlar\u0131 Assosiasiyas\u0131n\u0131n Prezidenti Jan-Fransua Mansel Cocuq M\u0259rcanl\u0131da apar\u0131lan i\u015fl\u0259ri y\u00fcks\u0259k qiym\u0259tl\u0259ndirib. Bildirib ki,\u00a0az\u0259rbaycanl\u0131 m\u0259cburi k\u00f6\u00e7k\u00fcnl\u0259rin m\u0259ruz qald\u0131\u011f\u0131 humanitar faci\u0259nin d\u00fcnya ictimaiyy\u0259tin\u0259 \u00e7atd\u0131r\u0131lmas\u0131 \u00fc\u00e7\u00fcn m\u00fch\u00fcm t\u0259dbirl\u0259r g\u00f6r\u00fclm\u0259lidir. Assosisasiya v\u0259 onun \u00fczvl\u0259ri d\u0259 bu sah\u0259d\u0259 m\u0259qs\u0259dy\u00f6nl\u00fc i\u015f apar\u0131r.<\/p>\n<p>O da bildirilib ki, burada i\u015f yerl\u0259rinin yarad\u0131lmas\u0131 m\u0259qs\u0259dil\u0259 yerli v\u0259 xarici t\u0259\u015fkilatlar t\u0259r\u0259find\u0259n layih\u0259l\u0259r h\u0259yata ke\u00e7irilir. C\u0259bray\u0131l rayonun icra hakimiyy\u0259tinin ba\u015f\u00e7\u0131s\u0131 Kamal H\u0259s\u0259nov k\u0259nd\u0259 qay\u0131tm\u0131\u015f \u0259halinin sosial-iqtisadi v\u0259ziyy\u0259ti, m\u0259\u015f\u011fullu\u011fun t\u0259min edilm\u0259si sah\u0259sind\u0259 h\u0259yata ke\u00e7iril\u0259n t\u0259dbirl\u0259r\u00a0 bar\u0259d\u0259 s\u00f6z a\u00e7\u0131b. Cocuq M\u0259rcanl\u0131 sakini Oqtay H\u0259ziyevin evind\u0259 olan qonaqlara\u00a0 bildirilib ki, ulu \u00f6nd\u0259r Heyd\u0259r \u018fliyevin r\u0259hb\u0259rliyi il\u0259 h\u0259l\u0259 1994-c\u00fc ild\u0259 apar\u0131lan u\u011furlu Horadiz \u0259m\u0259liyyat\u0131ndan sonra k\u0259nd\u00a0 i\u015f\u011faldan azad edils\u0259 d\u0259, i\u015f\u011fal\u00e7\u0131 q\u00fcvv\u0259l\u0259rin yax\u0131n m\u0259saf\u0259d\u0259ki m\u00f6vqel\u0259rind\u0259n daim at\u0259\u015f\u0259 tutulurdu. Amma bu g\u00fcn insanlar \u00f6z evl\u0259rind\u0259 ya\u015fay\u0131r, g\u00fcnd\u0259lik t\u0259s\u0259rr\u00fcfat qay\u011f\u0131lar\u0131 il\u0259 m\u0259\u015f\u011ful olurlar.<\/p>\n","protected":false},"excerpt":{"rendered":"<p>ARANTV.AZ x\u0259b\u0259r verir ki, Az\u0259rbaycan\u0131n Erm\u0259nsitan\u0131n i\u015f\u011fal\u0131 alt\u0131nda olan torpaqlar\u0131 tezlikl\u0259 \u00f6z sahibl\u0259rin\u0259 ,- Az\u0259rbaycana qaytar\u0131lmal\u0131d\u0131r.\u00a0 C\u0259bray\u0131l rayonunun Cocuq M\u0259rcanl\u0131 k\u0259ndin\u0259 s\u0259f\u0259r ed\u0259n \u201cFransa Az\u0259rbaycan Dostlar\u0131 Assosiasiyas\u0131\u201dn\u0131n n\u00fcmay\u0259nd\u0259 hey\u0259tinin \u00fczvl\u0259ri bel\u0259 deyib. \u201cFransa Az\u0259rbaycan Dostlar\u0131 Assosiasiyas\u0131\u201d bir qrup fransal\u0131 ictimai-siyasi f\u0259allla Erm\u0259nistan\u0131n i\u015f\u011fal\u0131ndan azad edil\u0259n C\u0259bray\u0131l rayonunun Cocuq M\u0259rcanl\u0131 k\u0259ndin\u0259 s\u0259f\u0259r edib. Qonaqlar d\u00f6vl\u0259t ba\u015f\u00e7\u0131s\u0131n\u0131n siyasi irad\u0259si il\u0259 yenid\u0259n brpa edil\u0259n k\u0259ndd\u0259 yarad\u0131lan \u015f\u0259raitl\u0259 tan\u0131\u015f olublar. Cocuq M\u0259rcanl\u0131da in\u015fa edilmi\u015f \u015eu\u015fa m\u0259scidinin b\u0259nz\u0259ri olan m\u0259scid\u0259 v\u0259 dig\u0259r infrastruktur obyektl\u0259rin\u0259 ba\u015f \u00e7\u0259kib, yerli icma n\u00fcmay\u0259nd\u0259l\u0259ri il\u0259 g\u00f6r\u00fc\u015f\u00fcbl\u0259r. Az\u0259rbaycan\u0131n Dostlar\u0131 Assosiasiyas\u0131n\u0131n Prezidenti&hellip;<\/p>\n","protected":false},"author":2,"featured_media":23514,"comment_status":"closed","ping_status":"closed","sticky":false,"template":"","format":"standard","meta":{"om_disable_all_campaigns":false,"_monsterinsights_skip_tracking":false,"_monsterinsights_sitenote_active":false,"_monsterinsights_sitenote_note":"","_monsterinsights_sitenote_category":0},"categories":[2],"tags":[],"aioseo_notices":[],"gutentor_comment":0,"rttpg_featured_image_url":{"full":["https:\/\/arantv.az\/wp-content\/uploads\/2018\/11\/dvd1hlchn5rsepd4btipb80v57fr.jpg",1000,665,false],"landscape":["https:\/\/arantv.az\/wp-content\/uploads\/2018\/11\/dvd1hlchn5rsepd4btipb80v57fr.jpg",1000,665,false],"portraits":["https:\/\/arantv.az\/wp-content\/uploads\/2018\/11\/dvd1hlchn5rsepd4btipb80v57fr.jpg",1000,665,false],"thumbnail":["https:\/\/arantv.az\/wp-content\/uploads\/2018\/11\/dvd1hlchn5rsepd4btipb80v57fr-150x150.jpg",150,150,true],"medium":["https:\/\/arantv.az\/wp-content\/uploads\/2018\/11\/dvd1hlchn5rsepd4btipb80v57fr-300x200.jpg",300,200,true],"large":["https:\/\/arantv.az\/wp-content\/uploads\/2018\/11\/dvd1hlchn5rsepd4btipb80v57fr.jpg",640,426,false],"1536x1536":["https:\/\/arantv.az\/wp-content\/uploads\/2018\/11\/dvd1hlchn5rsepd4btipb80v57fr.jpg",1000,665,false],"2048x2048":["https:\/\/arantv.az\/wp-content\/uploads\/2018\/11\/dvd1hlchn5rsepd4btipb80v57fr.jpg",1000,665,false],"post-thumbnail":["https:\/\/arantv.az\/wp-content\/uploads\/2018\/11\/dvd1hlchn5rsepd4btipb80v57fr-240x172.jpg",240,172,true],"advps-thumb-one":["https:\/\/arantv.az\/wp-content\/uploads\/2018\/11\/dvd1hlchn5rsepd4btipb80v57fr-1000x620.jpg",1000,620,true]},"rttpg_author":{"display_name":"V\u00fcsal Rafiqo\u011flu","author_link":"https:\/\/arantv.az\/?author=2"},"rttpg_comment":0,"rttpg_category":"<a href=\"https:\/\/arantv.az\/?cat=2\" rel=\"category\">Region X\u0259b\u0259rl\u0259ri<\/a>","rttpg_excerpt":"ARANTV.AZ x\u0259b\u0259r verir ki, Az\u0259rbaycan\u0131n Erm\u0259nsitan\u0131n i\u015f\u011fal\u0131 alt\u0131nda olan torpaqlar\u0131 tezlikl\u0259 \u00f6z sahibl\u0259rin\u0259 ,- Az\u0259rbaycana qaytar\u0131lmal\u0131d\u0131r.\u00a0 C\u0259bray\u0131l rayonunun Cocuq M\u0259rcanl\u0131 k\u0259ndin\u0259 s\u0259f\u0259r ed\u0259n \u201cFransa Az\u0259rbaycan Dostlar\u0131 Assosiasiyas\u0131\u201dn\u0131n n\u00fcmay\u0259nd\u0259 hey\u0259tinin \u00fczvl\u0259ri bel\u0259 deyib. \u201cFransa Az\u0259rbaycan Dostlar\u0131 Assosiasiyas\u0131\u201d bir qrup fransal\u0131 ictimai-siyasi f\u0259allla Erm\u0259nistan\u0131n i\u015f\u011fal\u0131ndan azad edil\u0259n C\u0259bray\u0131l rayonunun Cocuq M\u0259rcanl\u0131 k\u0259ndin\u0259 s\u0259f\u0259r edib. Qonaqlar d\u00f6vl\u0259t ba\u015f\u00e7\u0131s\u0131n\u0131n&hellip;","_links":{"self":[{"href":"https:\/\/arantv.az\/index.php?rest_route=\/wp\/v2\/posts\/23513"}],"collection":[{"href":"https:\/\/arantv.az\/index.php?rest_route=\/wp\/v2\/posts"}],"about":[{"href":"https:\/\/arantv.az\/index.php?rest_route=\/wp\/v2\/types\/post"}],"author":[{"embeddable":true,"href":"https:\/\/arantv.az\/index.php?rest_route=\/wp\/v2\/users\/2"}],"replies":[{"embeddable":true,"href":"https:\/\/arantv.az\/index.php?rest_route=%2Fwp%2Fv2%2Fcomments&post=23513"}],"version-history":[{"count":0,"href":"https:\/\/arantv.az\/index.php?rest_route=\/wp\/v2\/posts\/23513\/revisions"}],"wp:featuredmedia":[{"embeddable":true,"href":"https:\/\/arantv.az\/index.php?rest_route=\/wp\/v2\/media\/23514"}],"wp:attachment":[{"href":"https:\/\/arantv.az\/index.php?rest_route=%2Fwp%2Fv2%2Fmedia&parent=23513"}],"wp:term":[{"taxonomy":"category","embeddable":true,"href":"https:\/\/arantv.az\/index.php?rest_route=%2Fwp%2Fv2%2Fcategories&post=23513"},{"taxonomy":"post_tag","embeddable":true,"href":"https:\/\/arantv.az\/index.php?rest_route=%2Fwp%2Fv2%2Ftags&post=23513"}],"curies":[{"name":"wp","href":"https:\/\/api.w.org\/{rel}","templated":true}]}}