{"id":23562,"date":"2018-11-16T14:10:03","date_gmt":"2018-11-16T11:10:03","guid":{"rendered":"http:\/\/arantv.az\/?p=23562"},"modified":"2018-11-16T14:10:03","modified_gmt":"2018-11-16T11:10:03","slug":"pensiya-yasi-tamam-olanlara-sms-l%c9%99-m%c9%99lumat-gond%c9%99ril%c9%99c%c9%99k","status":"publish","type":"post","link":"https:\/\/arantv.az\/?p=23562","title":{"rendered":"Pensiya ya\u015f\u0131 tamam olanlara SMS-l\u0259 m\u0259lumat g\u00f6nd\u0259ril\u0259c\u0259k"},"content":{"rendered":"<p>\u018fm\u0259k v\u0259 \u018fhalinin Sosial M\u00fcdafi\u0259si Nazirliyin\u0259 \u0259m\u0259k pensiyalar\u0131n\u0131n elektronla\u015fmas\u0131, \u0259m\u0259k pensiyas\u0131n\u0131n hesablanmas\u0131n\u0131n avtomatla\u015fd\u0131r\u0131lmas\u0131 il\u0259 ba\u011fl\u0131 g\u00f6st\u0259ri\u015f verilib. H\u0259min tap\u015f\u0131r\u0131\u011fa uy\u011fun olaraq nazirlik t\u0259r\u0259find\u0259n t\u0259klifl\u0259r haz\u0131rlan\u0131b.<\/p>\n<p><strong>ARANTV.AZ<\/strong>-\u0131n x\u0259b\u0259rin\u0259 g\u00f6r\u0259, bunu \u0259m\u0259k v\u0259 \u0259halinin sosial m\u00fcdafi\u0259si nazirinin yeni m\u00fcavini\u00a0<strong>Anar \u018fliyev<\/strong>\u00a0Milli M\u0259clisin (MM) \u018fm\u0259k v\u0259 sosial siyas\u0259t komit\u0259sinin bu g\u00fcn ke\u00e7iril\u0259n iclas\u0131nda \u201c\u018fm\u0259k pensiyalar haqq\u0131nda\u201d qanuna d\u0259yi\u015fiklik layih\u0259sinin m\u00fczakir\u0259si zaman\u0131 deyib.<\/p>\n<p>O\u00a0xat\u0131rlad\u0131b ki, \u00f6lk\u0259d\u0259 2006-c\u0131 il yanvar\u0131n 1-d\u0259n sonra f\u0259rdi u\u00e7ot sistemi t\u0259tbiq olunub.<\/p>\n<div id=\"AdributorNativeVideo0\" class=\"AdributorNativeVideo\"><\/div>\n<p>Onun s\u00f6zl\u0259rin\u0259 g\u00f6r\u0259, h\u0259min d\u00f6vrd\u0259n indiy\u0259d\u0259k b\u00fct\u00fcn s\u0131\u011forta haqq\u0131 \u00f6d\u0259y\u0259nl\u0259rin u\u00e7otu D\u00f6vl\u0259t Sosial M\u00fcdafi\u0259 Fondu (DSMF) t\u0259r\u0259find\u0259n h\u0259yata ke\u00e7irilir:<\/p>\n<p>\u201cLakin 2006-c\u0131 il tarixin\u0259 q\u0259d\u0259r elektron u\u00e7ot sistemi olmay\u0131b. V\u0259t\u0259nda\u015flar pensiya t\u0259yinat\u0131 il\u0259 ba\u011fl\u0131 m\u00fcraci\u0259t ed\u0259rk\u0259n pensiya stajlar\u0131n\u0131n t\u0259sdiq edilm\u0259si \u00fc\u00e7\u00fcn bir s\u0131ra s\u0259n\u0259dl\u0259rl\u0259 m\u00fcraci\u0259t etm\u0259li olurdular v\u0259 onlar \u0259m\u0259k kitab\u00e7alar\u0131 il\u0259 ba\u011fl\u0131 m\u0259lumat\u0131 arxivd\u0259n \u00e7\u0131xararaq g\u0259tirirdil\u0259r. Bu da uzun m\u00fcdd\u0259t \u00e7\u0259kirdi, bir \u00e7ox hallarda \u0259sasl\u0131 v\u0259 \u0259sass\u0131z m\u00fcbahis\u0259l\u0259r\u0259 s\u0259b\u0259b olurdu, eyni zamanda, sui-istifad\u0259 hallar\u0131 ba\u015f verirdi.<\/p>\n<p>T\u0259klifimizin mahiyy\u0259ti ondan ibar\u0259tdir ki, 2006-c\u0131 ilin 1 yanvar tarixind\u0259n \u0259vv\u0259lki d\u00f6vr\u0259 aid olan 25 il s\u0131\u011forta staj\u0131n\u0131 avtomatik olaraq ham\u0131 \u00fc\u00e7\u00fcn hesablamaq ist\u0259yirik. 2006-c\u0131 il yanvar\u0131n 1-d\u0259k olan s\u0131\u011forta staj\u0131 25 il, 2019-ci ild\u0259n etibar\u0259n is\u0259 h\u0259r t\u0259qvim ili \u00fc\u00e7\u00fcn bir il azald\u0131lmaqla hesablan\u0131r.<\/p>\n<p>Bunun n\u0259tic\u0259sind\u0259 biz pensiyalar\u0131 tam avtomatla\u015fd\u0131r\u0131lm\u0131\u015f \u015f\u0259kild\u0259 t\u0259yin etm\u0259k imkan\u0131na malik olaca\u011f\u0131q. Y\u0259ni \u015f\u0259xsin pensiya ya\u015f\u0131 tamam olduqda onun telefonuna SMS vasit\u0259sil\u0259 m\u0259lumat g\u00f6nd\u0259ril\u0259c\u0259k ki, siz pensiya ya\u015f\u0131na \u00e7atm\u0131s\u0131n\u0131z, m\u00fc\u0259yy\u0259n edil\u0259n m\u0259bl\u0259\u011f, pensiya kart\u0131n\u0131n hans\u0131 \u00fcnvandan g\u00f6t\u00fcr\u00fclm\u0259si il\u0259 ba\u011fl\u0131 m\u0259lumat veril\u0259c\u0259k\u201d.<\/p>\n<p>A.\u018fliyev hesab edir ki, bununla da pensiyalar\u0131n tam avtomatla\u015fd\u0131r\u0131lmas\u0131na nail olmaq m\u00fcmk\u00fcnd\u00fcr:<\/p>\n<p>\u201cBurada d\u00f6vl\u0259t qulluq\u00e7ular\u0131 v\u0259 g\u00fcz\u0259\u015ftli \u015f\u0259rtl\u0259rl\u0259 pensiyaya \u00e7\u0131xanlarla ba\u011fl\u0131 istisna var. \u00c7\u00fcnki onlar\u0131n hesablamalar\u0131 bir q\u0259d\u0259r f\u0259rqlidir, tam avtomatla\u015fd\u0131r\u0131lma m\u00fcmk\u00fcn deyil\u201d.oxu.az<\/p>\n","protected":false},"excerpt":{"rendered":"<p>\u018fm\u0259k v\u0259 \u018fhalinin Sosial M\u00fcdafi\u0259si Nazirliyin\u0259 \u0259m\u0259k pensiyalar\u0131n\u0131n elektronla\u015fmas\u0131, \u0259m\u0259k pensiyas\u0131n\u0131n hesablanmas\u0131n\u0131n avtomatla\u015fd\u0131r\u0131lmas\u0131 il\u0259 ba\u011fl\u0131 g\u00f6st\u0259ri\u015f verilib. H\u0259min tap\u015f\u0131r\u0131\u011fa uy\u011fun olaraq nazirlik t\u0259r\u0259find\u0259n t\u0259klifl\u0259r haz\u0131rlan\u0131b. ARANTV.AZ-\u0131n x\u0259b\u0259rin\u0259 g\u00f6r\u0259, bunu \u0259m\u0259k v\u0259 \u0259halinin sosial m\u00fcdafi\u0259si nazirinin yeni m\u00fcavini\u00a0Anar \u018fliyev\u00a0Milli M\u0259clisin (MM) \u018fm\u0259k v\u0259 sosial siyas\u0259t komit\u0259sinin bu g\u00fcn ke\u00e7iril\u0259n iclas\u0131nda \u201c\u018fm\u0259k pensiyalar haqq\u0131nda\u201d qanuna d\u0259yi\u015fiklik layih\u0259sinin m\u00fczakir\u0259si zaman\u0131 deyib. O\u00a0xat\u0131rlad\u0131b ki, \u00f6lk\u0259d\u0259 2006-c\u0131 il yanvar\u0131n 1-d\u0259n sonra f\u0259rdi u\u00e7ot sistemi t\u0259tbiq olunub. Onun s\u00f6zl\u0259rin\u0259 g\u00f6r\u0259, h\u0259min d\u00f6vrd\u0259n indiy\u0259d\u0259k b\u00fct\u00fcn s\u0131\u011forta haqq\u0131 \u00f6d\u0259y\u0259nl\u0259rin u\u00e7otu D\u00f6vl\u0259t Sosial M\u00fcdafi\u0259 Fondu (DSMF) t\u0259r\u0259find\u0259n h\u0259yata ke\u00e7irilir:&hellip;<\/p>\n","protected":false},"author":2,"featured_media":23563,"comment_status":"closed","ping_status":"closed","sticky":false,"template":"","format":"standard","meta":{"om_disable_all_campaigns":false,"_monsterinsights_skip_tracking":false,"_monsterinsights_sitenote_active":false,"_monsterinsights_sitenote_note":"","_monsterinsights_sitenote_category":0},"categories":[1],"tags":[],"aioseo_notices":[],"gutentor_comment":0,"rttpg_featured_image_url":{"full":["https:\/\/arantv.az\/wp-content\/uploads\/2018\/11\/sms.jpg",620,349,false],"landscape":["https:\/\/arantv.az\/wp-content\/uploads\/2018\/11\/sms.jpg",620,349,false],"portraits":["https:\/\/arantv.az\/wp-content\/uploads\/2018\/11\/sms.jpg",620,349,false],"thumbnail":["https:\/\/arantv.az\/wp-content\/uploads\/2018\/11\/sms-150x150.jpg",150,150,true],"medium":["https:\/\/arantv.az\/wp-content\/uploads\/2018\/11\/sms-300x169.jpg",300,169,true],"large":["https:\/\/arantv.az\/wp-content\/uploads\/2018\/11\/sms.jpg",620,349,false],"1536x1536":["https:\/\/arantv.az\/wp-content\/uploads\/2018\/11\/sms.jpg",620,349,false],"2048x2048":["https:\/\/arantv.az\/wp-content\/uploads\/2018\/11\/sms.jpg",620,349,false],"post-thumbnail":["https:\/\/arantv.az\/wp-content\/uploads\/2018\/11\/sms-240x172.jpg",240,172,true],"advps-thumb-one":["https:\/\/arantv.az\/wp-content\/uploads\/2018\/11\/sms.jpg",620,349,false]},"rttpg_author":{"display_name":"V\u00fcsal Rafiqo\u011flu","author_link":"https:\/\/arantv.az\/?author=2"},"rttpg_comment":0,"rttpg_category":"<a href=\"https:\/\/arantv.az\/?cat=1\" rel=\"category\">C\u0259miyy\u0259t<\/a>","rttpg_excerpt":"\u018fm\u0259k v\u0259 \u018fhalinin Sosial M\u00fcdafi\u0259si Nazirliyin\u0259 \u0259m\u0259k pensiyalar\u0131n\u0131n elektronla\u015fmas\u0131, \u0259m\u0259k pensiyas\u0131n\u0131n hesablanmas\u0131n\u0131n avtomatla\u015fd\u0131r\u0131lmas\u0131 il\u0259 ba\u011fl\u0131 g\u00f6st\u0259ri\u015f verilib. H\u0259min tap\u015f\u0131r\u0131\u011fa uy\u011fun olaraq nazirlik t\u0259r\u0259find\u0259n t\u0259klifl\u0259r haz\u0131rlan\u0131b. ARANTV.AZ-\u0131n x\u0259b\u0259rin\u0259 g\u00f6r\u0259, bunu \u0259m\u0259k v\u0259 \u0259halinin sosial m\u00fcdafi\u0259si nazirinin yeni m\u00fcavini\u00a0Anar \u018fliyev\u00a0Milli M\u0259clisin (MM) \u018fm\u0259k v\u0259 sosial siyas\u0259t komit\u0259sinin bu g\u00fcn ke\u00e7iril\u0259n iclas\u0131nda \u201c\u018fm\u0259k pensiyalar haqq\u0131nda\u201d qanuna d\u0259yi\u015fiklik layih\u0259sinin&hellip;","_links":{"self":[{"href":"https:\/\/arantv.az\/index.php?rest_route=\/wp\/v2\/posts\/23562"}],"collection":[{"href":"https:\/\/arantv.az\/index.php?rest_route=\/wp\/v2\/posts"}],"about":[{"href":"https:\/\/arantv.az\/index.php?rest_route=\/wp\/v2\/types\/post"}],"author":[{"embeddable":true,"href":"https:\/\/arantv.az\/index.php?rest_route=\/wp\/v2\/users\/2"}],"replies":[{"embeddable":true,"href":"https:\/\/arantv.az\/index.php?rest_route=%2Fwp%2Fv2%2Fcomments&post=23562"}],"version-history":[{"count":0,"href":"https:\/\/arantv.az\/index.php?rest_route=\/wp\/v2\/posts\/23562\/revisions"}],"wp:featuredmedia":[{"embeddable":true,"href":"https:\/\/arantv.az\/index.php?rest_route=\/wp\/v2\/media\/23563"}],"wp:attachment":[{"href":"https:\/\/arantv.az\/index.php?rest_route=%2Fwp%2Fv2%2Fmedia&parent=23562"}],"wp:term":[{"taxonomy":"category","embeddable":true,"href":"https:\/\/arantv.az\/index.php?rest_route=%2Fwp%2Fv2%2Fcategories&post=23562"},{"taxonomy":"post_tag","embeddable":true,"href":"https:\/\/arantv.az\/index.php?rest_route=%2Fwp%2Fv2%2Ftags&post=23562"}],"curies":[{"name":"wp","href":"https:\/\/api.w.org\/{rel}","templated":true}]}}