{"id":23565,"date":"2018-11-16T14:12:46","date_gmt":"2018-11-16T11:12:46","guid":{"rendered":"http:\/\/arantv.az\/?p=23565"},"modified":"2018-11-16T14:12:46","modified_gmt":"2018-11-16T11:12:46","slug":"qacqinlarla-bagli-m%c9%99s%c9%99l%c9%99y%c9%99-aydinliq-g%c9%99tirildi","status":"publish","type":"post","link":"https:\/\/arantv.az\/?p=23565","title":{"rendered":"Qa\u00e7q\u0131nlarla ba\u011fl\u0131 m\u0259s\u0259l\u0259y\u0259 ayd\u0131nl\u0131q g\u0259tirildi"},"content":{"rendered":"<p>Qa\u00e7q\u0131n v\u0259 m\u0259cburi k\u00f6\u00e7k\u00fcnl\u0259r \u0259m\u0259k kitab\u00e7alar\u0131n\u0131 itiribl\u0259r. \u018fm\u0259k kitab\u00e7as\u0131 da qanunvericilikd\u0259 \u0259sas s\u0259n\u0259d kimi \u00f6z \u0259ksini tap\u0131b. Ona g\u00f6r\u0259 d\u0259 bunun \u00fc\u00e7\u00fcn m\u0259hk\u0259m\u0259y\u0259 m\u00fcraci\u0259t edirl\u0259r. Onlar m\u0259hk\u0259m\u0259y\u0259 m\u00fcraci\u0259t ed\u0259nd\u0259 birinci instansiya m\u0259hk\u0259m\u0259sinin q\u0259rar\u0131 il\u0259 m\u0259s\u0259l\u0259 yekunla\u015fm\u0131rd\u0131. Lakin indi bu m\u0259s\u0259l\u0259 nazirin m\u00fcvafiq \u0259mri il\u0259 t\u0259nziml\u0259nir. Birinci instansiya m\u0259hk\u0259m\u0259sinin q\u0259rar\u0131 n\u0259z\u0259r\u0259 al\u0131n\u0131r.<\/p>\n<p><strong>ARANTV.AZ\u00a0<\/strong>\u00a0x\u0259b\u0259r verir ki, bu fikirl\u0259ri \u018fm\u0259k v\u0259 \u018fhalinin Sosial M\u00fcdafi\u0259si Nazirliyinin Sosial s\u0131\u011forta v\u0259 pensiya siyas\u0259ti \u015f\u00f6b\u0259sinin m\u00fcdiri\u00a0<strong>\u00c7ingiz \u018fliyev\u00a0<\/strong>Milli M\u0259clisin \u018fm\u0259k v\u0259 sosial siyas\u0259t komit\u0259sinin bu g\u00fcn ke\u00e7iril\u0259n iclas\u0131nda \u201c\u018fm\u0259k pensiyalar\u0131 haqq\u0131nda\u201d qanuna d\u0259yi\u015fiklik layih\u0259sinin m\u00fczakir\u0259si zaman\u0131 deyib.<\/p>\n<p>Onun s\u00f6zl\u0259rin\u0259 g\u00f6r\u0259, 2006-c\u0131 ilin yanvar\u0131n 1-n\u0259 kimi sosial s\u0131\u011forta staj\u0131 qanunun 7-ci madd\u0259sind\u0259 qeyd edil\u0259n ya\u015fa \u00e7atanlara m\u00fcnasib\u0259td\u0259 \u0259halinin b\u00fct\u00fcn t\u0259b\u0259q\u0259l\u0259rini, o c\u00fcml\u0259d\u0259n qa\u00e7q\u0131n v\u0259 m\u0259cburi k\u00f6\u00e7k\u00fcnl\u0259ri \u0259hat\u0259 edir.<\/p>\n<div id=\"AdributorNativeVideo0\" class=\"AdributorNativeVideo\"><\/div>\n<p>O, qeyd edib ki, bu, \u00e7ox \u00f6n\u0259mlidir:<\/p>\n<p>\u201c13 il \u0259rzind\u0259 f\u0259rdi hesab\u0131nda pensiya kapital\u0131 olan v\u0259 pensiya ya\u015f\u0131na \u00e7atan \u015f\u0259xsl\u0259rin ham\u0131s\u0131na 25 il sosial s\u0131\u011forta yaln\u0131z 2006-c\u0131 ilin yanvar\u0131n 1-n\u0259 q\u0259d\u0259r olan d\u00f6vr \u00fc\u00e7\u00fcn t\u0259qdim edilir. Bu tarixd\u0259n sonra f\u0259rdi u\u00e7ot apar\u0131ld\u0131\u011f\u0131ndan kim f\u0259rdi u\u00e7ot d\u00f6vr\u00fcnd\u0259 i\u015fl\u0259yibs\u0259, pensiya kapital\u0131 qazan\u0131l\u0131r. T\u0259qdim olunan sosial s\u0131\u011forta staj\u0131na \u0259lav\u0259 olunacaq\u201d.oxu.az<\/p>\n","protected":false},"excerpt":{"rendered":"<p>Qa\u00e7q\u0131n v\u0259 m\u0259cburi k\u00f6\u00e7k\u00fcnl\u0259r \u0259m\u0259k kitab\u00e7alar\u0131n\u0131 itiribl\u0259r. \u018fm\u0259k kitab\u00e7as\u0131 da qanunvericilikd\u0259 \u0259sas s\u0259n\u0259d kimi \u00f6z \u0259ksini tap\u0131b. Ona g\u00f6r\u0259 d\u0259 bunun \u00fc\u00e7\u00fcn m\u0259hk\u0259m\u0259y\u0259 m\u00fcraci\u0259t edirl\u0259r. Onlar m\u0259hk\u0259m\u0259y\u0259 m\u00fcraci\u0259t ed\u0259nd\u0259 birinci instansiya m\u0259hk\u0259m\u0259sinin q\u0259rar\u0131 il\u0259 m\u0259s\u0259l\u0259 yekunla\u015fm\u0131rd\u0131. Lakin indi bu m\u0259s\u0259l\u0259 nazirin m\u00fcvafiq \u0259mri il\u0259 t\u0259nziml\u0259nir. Birinci instansiya m\u0259hk\u0259m\u0259sinin q\u0259rar\u0131 n\u0259z\u0259r\u0259 al\u0131n\u0131r. ARANTV.AZ\u00a0\u00a0x\u0259b\u0259r verir ki, bu fikirl\u0259ri \u018fm\u0259k v\u0259 \u018fhalinin Sosial M\u00fcdafi\u0259si Nazirliyinin Sosial s\u0131\u011forta v\u0259 pensiya siyas\u0259ti \u015f\u00f6b\u0259sinin m\u00fcdiri\u00a0\u00c7ingiz \u018fliyev\u00a0Milli M\u0259clisin \u018fm\u0259k v\u0259 sosial siyas\u0259t komit\u0259sinin bu g\u00fcn ke\u00e7iril\u0259n iclas\u0131nda \u201c\u018fm\u0259k pensiyalar\u0131 haqq\u0131nda\u201d qanuna d\u0259yi\u015fiklik layih\u0259sinin m\u00fczakir\u0259si zaman\u0131 deyib. Onun&hellip;<\/p>\n","protected":false},"author":2,"featured_media":23566,"comment_status":"closed","ping_status":"closed","sticky":false,"template":"","format":"standard","meta":{"om_disable_all_campaigns":false,"_monsterinsights_skip_tracking":false,"_monsterinsights_sitenote_active":false,"_monsterinsights_sitenote_note":"","_monsterinsights_sitenote_category":0},"categories":[1],"tags":[],"aioseo_notices":[],"gutentor_comment":0,"rttpg_featured_image_url":{"full":["https:\/\/arantv.az\/wp-content\/uploads\/2018\/11\/sujet-esas-shekil-ulviyye.jpg",620,389,false],"landscape":["https:\/\/arantv.az\/wp-content\/uploads\/2018\/11\/sujet-esas-shekil-ulviyye.jpg",620,389,false],"portraits":["https:\/\/arantv.az\/wp-content\/uploads\/2018\/11\/sujet-esas-shekil-ulviyye.jpg",620,389,false],"thumbnail":["https:\/\/arantv.az\/wp-content\/uploads\/2018\/11\/sujet-esas-shekil-ulviyye-150x150.jpg",150,150,true],"medium":["https:\/\/arantv.az\/wp-content\/uploads\/2018\/11\/sujet-esas-shekil-ulviyye-300x188.jpg",300,188,true],"large":["https:\/\/arantv.az\/wp-content\/uploads\/2018\/11\/sujet-esas-shekil-ulviyye.jpg",620,389,false],"1536x1536":["https:\/\/arantv.az\/wp-content\/uploads\/2018\/11\/sujet-esas-shekil-ulviyye.jpg",620,389,false],"2048x2048":["https:\/\/arantv.az\/wp-content\/uploads\/2018\/11\/sujet-esas-shekil-ulviyye.jpg",620,389,false],"post-thumbnail":["https:\/\/arantv.az\/wp-content\/uploads\/2018\/11\/sujet-esas-shekil-ulviyye-240x172.jpg",240,172,true],"advps-thumb-one":["https:\/\/arantv.az\/wp-content\/uploads\/2018\/11\/sujet-esas-shekil-ulviyye.jpg",620,389,false]},"rttpg_author":{"display_name":"V\u00fcsal Rafiqo\u011flu","author_link":"https:\/\/arantv.az\/?author=2"},"rttpg_comment":0,"rttpg_category":"<a href=\"https:\/\/arantv.az\/?cat=1\" rel=\"category\">C\u0259miyy\u0259t<\/a>","rttpg_excerpt":"Qa\u00e7q\u0131n v\u0259 m\u0259cburi k\u00f6\u00e7k\u00fcnl\u0259r \u0259m\u0259k kitab\u00e7alar\u0131n\u0131 itiribl\u0259r. \u018fm\u0259k kitab\u00e7as\u0131 da qanunvericilikd\u0259 \u0259sas s\u0259n\u0259d kimi \u00f6z \u0259ksini tap\u0131b. Ona g\u00f6r\u0259 d\u0259 bunun \u00fc\u00e7\u00fcn m\u0259hk\u0259m\u0259y\u0259 m\u00fcraci\u0259t edirl\u0259r. Onlar m\u0259hk\u0259m\u0259y\u0259 m\u00fcraci\u0259t ed\u0259nd\u0259 birinci instansiya m\u0259hk\u0259m\u0259sinin q\u0259rar\u0131 il\u0259 m\u0259s\u0259l\u0259 yekunla\u015fm\u0131rd\u0131. Lakin indi bu m\u0259s\u0259l\u0259 nazirin m\u00fcvafiq \u0259mri il\u0259 t\u0259nziml\u0259nir. Birinci instansiya m\u0259hk\u0259m\u0259sinin q\u0259rar\u0131 n\u0259z\u0259r\u0259 al\u0131n\u0131r. ARANTV.AZ\u00a0\u00a0x\u0259b\u0259r verir ki, bu&hellip;","_links":{"self":[{"href":"https:\/\/arantv.az\/index.php?rest_route=\/wp\/v2\/posts\/23565"}],"collection":[{"href":"https:\/\/arantv.az\/index.php?rest_route=\/wp\/v2\/posts"}],"about":[{"href":"https:\/\/arantv.az\/index.php?rest_route=\/wp\/v2\/types\/post"}],"author":[{"embeddable":true,"href":"https:\/\/arantv.az\/index.php?rest_route=\/wp\/v2\/users\/2"}],"replies":[{"embeddable":true,"href":"https:\/\/arantv.az\/index.php?rest_route=%2Fwp%2Fv2%2Fcomments&post=23565"}],"version-history":[{"count":0,"href":"https:\/\/arantv.az\/index.php?rest_route=\/wp\/v2\/posts\/23565\/revisions"}],"wp:featuredmedia":[{"embeddable":true,"href":"https:\/\/arantv.az\/index.php?rest_route=\/wp\/v2\/media\/23566"}],"wp:attachment":[{"href":"https:\/\/arantv.az\/index.php?rest_route=%2Fwp%2Fv2%2Fmedia&parent=23565"}],"wp:term":[{"taxonomy":"category","embeddable":true,"href":"https:\/\/arantv.az\/index.php?rest_route=%2Fwp%2Fv2%2Fcategories&post=23565"},{"taxonomy":"post_tag","embeddable":true,"href":"https:\/\/arantv.az\/index.php?rest_route=%2Fwp%2Fv2%2Ftags&post=23565"}],"curies":[{"name":"wp","href":"https:\/\/api.w.org\/{rel}","templated":true}]}}