{"id":23571,"date":"2018-11-16T14:22:57","date_gmt":"2018-11-16T11:22:57","guid":{"rendered":"http:\/\/arantv.az\/?p=23571"},"modified":"2018-11-16T14:22:57","modified_gmt":"2018-11-16T11:22:57","slug":"ilham-%c9%99liyev-sumqayit-s%c9%99h%c9%99rin%c9%99-s%c9%99f%c9%99r%c9%99-g%c9%99lib","status":"publish","type":"post","link":"https:\/\/arantv.az\/?p=23571","title":{"rendered":"\u0130lham \u018fliyev Sumqay\u0131t \u015f\u0259h\u0259rin\u0259 s\u0259f\u0259r\u0259 g\u0259lib"},"content":{"rendered":"<p><strong>ARANTV.AZ<\/strong> x\u0259b\u0259r verir ki, Az\u0259rbaycan Respublikas\u0131n\u0131n Prezidenti \u0130lham \u018fliyev noyabr\u0131n 16-da Sumqay\u0131t \u015f\u0259h\u0259rin\u0259 s\u0259f\u0259r\u0259 g\u0259lib.<\/p>\n<p>D\u00f6vl\u0259timizin ba\u015f\u00e7\u0131s\u0131 \u00fcmummilli lider Heyd\u0259r \u018fliyevin \u015f\u0259h\u0259rin m\u0259rk\u0259zind\u0259 ucald\u0131lm\u0131\u015f abid\u0259sini ziyar\u0259t ed\u0259r\u0259k \u00f6n\u00fcn\u0259 g\u00fcl d\u0259st\u0259si qoydu.<\/p>\n<p>Sumqay\u0131t \u015e\u0259h\u0259r \u0130cra Hakimiyy\u0259tinin ba\u015f\u00e7\u0131s\u0131 Zakir F\u0259r\u0259cov \u015f\u0259h\u0259rd\u0259 g\u00f6r\u00fcl\u0259n i\u015fl\u0259r haqq\u0131nda d\u00f6vl\u0259timizin ba\u015f\u00e7\u0131s\u0131na m\u0259lumat verdi.<\/p>\n<p>Prezident \u0130lham \u018fliyev m\u00fcvafiq tap\u015f\u0131r\u0131qlar\u0131n\u0131 verdi.<\/p>\n<div class=\"fotorama--hidden\"><\/div>\n<div class=\"article-carousel fotorama fotorama1542367309570\" data-autoplay=\"true\" data-ratio=\"660\/430\" data-width=\"100%\">\n<div class=\"fotorama__wrap fotorama__wrap--css3 fotorama__wrap--slide fotorama__wrap--toggle-arrows fotorama__wrap--no-controls\">\n<div class=\"fotorama__stage fotorama__pointer\">\n<div class=\"fotorama__stage__shaft\">\n<div class=\"fotorama__stage__frame fotorama__loaded fotorama__loaded--img fotorama__active\"><img class=\"fotorama__img\" src=\"https:\/\/static.president.az\/media\/W1siZiIsIjIwMTgvMTEvMTYvMjkwcXdxOXBqZl8wMDEuanBnIl0sWyJwIiwidGh1bWIiLCIxMzQweDEwMjAiXV0?sha=cfa41e3bbac18a02\" \/><\/div>\n<div class=\"fotorama__stage__frame fotorama__loaded fotorama__loaded--img\"><img class=\"fotorama__img\" src=\"https:\/\/static.president.az\/media\/W1siZiIsIjIwMTgvMTEvMTYvOTE5bmN5djlpb18wMDIuanBnIl0sWyJwIiwidGh1bWIiLCIxMzQweDEwMjAiXV0?sha=e01725999c63b0ca\" \/><\/div>\n<\/div>\n<div class=\"fotorama__arr fotorama__arr--prev fotorama__arr--disabled\" tabindex=\"-1\" role=\"button\"><\/div>\n<div class=\"fotorama__arr fotorama__arr--next\" tabindex=\"0\" role=\"button\"><\/div>\n<div class=\"fotorama__video-close\"><\/div>\n<\/div>\n<div class=\"fotorama__nav-wrap\">\n<div class=\"fotorama__nav fotorama__nav--dots\">\n<div class=\"fotorama__nav__shaft\">\n<div class=\"fotorama__nav__frame fotorama__nav__frame--dot fotorama__active\" tabindex=\"0\" role=\"button\">\n<div class=\"fotorama__dot\"><\/div>\n<\/div>\n<div class=\"fotorama__nav__frame fotorama__nav__frame--dot\" tabindex=\"0\" role=\"button\">\n<div class=\"fotorama__dot\"><\/div>\n<\/div>\n<\/div>\n<\/div>\n<\/div>\n<\/div>\n<\/div>\n<div class=\"link-to_block\"><\/div>\n","protected":false},"excerpt":{"rendered":"<p>ARANTV.AZ x\u0259b\u0259r verir ki, Az\u0259rbaycan Respublikas\u0131n\u0131n Prezidenti \u0130lham \u018fliyev noyabr\u0131n 16-da Sumqay\u0131t \u015f\u0259h\u0259rin\u0259 s\u0259f\u0259r\u0259 g\u0259lib. D\u00f6vl\u0259timizin ba\u015f\u00e7\u0131s\u0131 \u00fcmummilli lider Heyd\u0259r \u018fliyevin \u015f\u0259h\u0259rin m\u0259rk\u0259zind\u0259 ucald\u0131lm\u0131\u015f abid\u0259sini ziyar\u0259t ed\u0259r\u0259k \u00f6n\u00fcn\u0259 g\u00fcl d\u0259st\u0259si qoydu. Sumqay\u0131t \u015e\u0259h\u0259r \u0130cra Hakimiyy\u0259tinin ba\u015f\u00e7\u0131s\u0131 Zakir F\u0259r\u0259cov \u015f\u0259h\u0259rd\u0259 g\u00f6r\u00fcl\u0259n i\u015fl\u0259r haqq\u0131nda d\u00f6vl\u0259timizin ba\u015f\u00e7\u0131s\u0131na m\u0259lumat verdi. Prezident \u0130lham \u018fliyev m\u00fcvafiq tap\u015f\u0131r\u0131qlar\u0131n\u0131 verdi.<\/p>\n","protected":false},"author":2,"featured_media":23572,"comment_status":"closed","ping_status":"closed","sticky":false,"template":"","format":"standard","meta":{"om_disable_all_campaigns":false,"_monsterinsights_skip_tracking":false,"_monsterinsights_sitenote_active":false,"_monsterinsights_sitenote_note":"","_monsterinsights_sitenote_category":0},"categories":[8],"tags":[],"aioseo_notices":[],"gutentor_comment":0,"rttpg_featured_image_url":{"full":["https:\/\/arantv.az\/wp-content\/uploads\/2018\/11\/002.jpg",2360,1196,false],"landscape":["https:\/\/arantv.az\/wp-content\/uploads\/2018\/11\/002.jpg",2360,1196,false],"portraits":["https:\/\/arantv.az\/wp-content\/uploads\/2018\/11\/002.jpg",2360,1196,false],"thumbnail":["https:\/\/arantv.az\/wp-content\/uploads\/2018\/11\/002-150x150.jpg",150,150,true],"medium":["https:\/\/arantv.az\/wp-content\/uploads\/2018\/11\/002-300x152.jpg",300,152,true],"large":["https:\/\/arantv.az\/wp-content\/uploads\/2018\/11\/002-1024x519.jpg",640,324,true],"1536x1536":["https:\/\/arantv.az\/wp-content\/uploads\/2018\/11\/002.jpg",1536,778,false],"2048x2048":["https:\/\/arantv.az\/wp-content\/uploads\/2018\/11\/002.jpg",2048,1038,false],"post-thumbnail":["https:\/\/arantv.az\/wp-content\/uploads\/2018\/11\/002-240x172.jpg",240,172,true],"advps-thumb-one":["https:\/\/arantv.az\/wp-content\/uploads\/2018\/11\/002-1200x620.jpg",1200,620,true]},"rttpg_author":{"display_name":"V\u00fcsal Rafiqo\u011flu","author_link":"https:\/\/arantv.az\/?author=2"},"rttpg_comment":0,"rttpg_category":"<a href=\"https:\/\/arantv.az\/?cat=8\" rel=\"category\">\u018fsas s\u0259hif\u0259<\/a>","rttpg_excerpt":"ARANTV.AZ x\u0259b\u0259r verir ki, Az\u0259rbaycan Respublikas\u0131n\u0131n Prezidenti \u0130lham \u018fliyev noyabr\u0131n 16-da Sumqay\u0131t \u015f\u0259h\u0259rin\u0259 s\u0259f\u0259r\u0259 g\u0259lib. D\u00f6vl\u0259timizin ba\u015f\u00e7\u0131s\u0131 \u00fcmummilli lider Heyd\u0259r \u018fliyevin \u015f\u0259h\u0259rin m\u0259rk\u0259zind\u0259 ucald\u0131lm\u0131\u015f abid\u0259sini ziyar\u0259t ed\u0259r\u0259k \u00f6n\u00fcn\u0259 g\u00fcl d\u0259st\u0259si qoydu. Sumqay\u0131t \u015e\u0259h\u0259r \u0130cra Hakimiyy\u0259tinin ba\u015f\u00e7\u0131s\u0131 Zakir F\u0259r\u0259cov \u015f\u0259h\u0259rd\u0259 g\u00f6r\u00fcl\u0259n i\u015fl\u0259r haqq\u0131nda d\u00f6vl\u0259timizin ba\u015f\u00e7\u0131s\u0131na m\u0259lumat verdi. Prezident \u0130lham \u018fliyev m\u00fcvafiq tap\u015f\u0131r\u0131qlar\u0131n\u0131 verdi.","_links":{"self":[{"href":"https:\/\/arantv.az\/index.php?rest_route=\/wp\/v2\/posts\/23571"}],"collection":[{"href":"https:\/\/arantv.az\/index.php?rest_route=\/wp\/v2\/posts"}],"about":[{"href":"https:\/\/arantv.az\/index.php?rest_route=\/wp\/v2\/types\/post"}],"author":[{"embeddable":true,"href":"https:\/\/arantv.az\/index.php?rest_route=\/wp\/v2\/users\/2"}],"replies":[{"embeddable":true,"href":"https:\/\/arantv.az\/index.php?rest_route=%2Fwp%2Fv2%2Fcomments&post=23571"}],"version-history":[{"count":0,"href":"https:\/\/arantv.az\/index.php?rest_route=\/wp\/v2\/posts\/23571\/revisions"}],"wp:featuredmedia":[{"embeddable":true,"href":"https:\/\/arantv.az\/index.php?rest_route=\/wp\/v2\/media\/23572"}],"wp:attachment":[{"href":"https:\/\/arantv.az\/index.php?rest_route=%2Fwp%2Fv2%2Fmedia&parent=23571"}],"wp:term":[{"taxonomy":"category","embeddable":true,"href":"https:\/\/arantv.az\/index.php?rest_route=%2Fwp%2Fv2%2Fcategories&post=23571"},{"taxonomy":"post_tag","embeddable":true,"href":"https:\/\/arantv.az\/index.php?rest_route=%2Fwp%2Fv2%2Ftags&post=23571"}],"curies":[{"name":"wp","href":"https:\/\/api.w.org\/{rel}","templated":true}]}}