{"id":23584,"date":"2018-11-16T15:35:40","date_gmt":"2018-11-16T12:35:40","guid":{"rendered":"http:\/\/arantv.az\/?p=23584"},"modified":"2018-11-16T15:35:40","modified_gmt":"2018-11-16T12:35:40","slug":"16-noyabr-tolerantliq-gunudur","status":"publish","type":"post","link":"https:\/\/arantv.az\/?p=23584","title":{"rendered":"16 noyabr Tolerantl\u0131q g\u00fcn\u00fcd\u00fcr"},"content":{"rendered":"<p><strong>ARANTV.AZ<\/strong> x\u0259b\u0259r verir ki, 16 noyabr Tolerantl\u0131q g\u00fcn\u00fcd\u00fcr. Beyn\u0259lxalq Tolerantl\u0131q g\u00fcn\u00fc 1995-ci ild\u0259 UNESKO-nun 50 illiyi m\u00fcnasib\u0259til\u0259 t\u0259sis edilib. M\u0259qs\u0259d, qurumun da nizamnam\u0259sind\u0259 qeyd olundu\u011fu kimi, d\u00fcnyada ham\u0131n\u0131 bir-birin\u0259 d\u00f6z\u00fcml\u00fcl\u00fck n\u00fcmayi\u015f etdir\u0259r\u0259k mehriban qon\u015fular kimi ya\u015fama\u011fa \u00e7a\u011f\u0131r\u0131\u015fd\u0131r. Bu bax\u0131mdan, Az\u0259rbaycan indi d\u00fcnyada bir \u00e7ox mill\u0259tl\u0259rin v\u0259 dini konfessiyalar\u0131n dinc yana\u015f\u0131 ya\u015famas\u0131n\u0131n unikal n\u00fcmun\u0259sin\u0259 \u00e7evrilib.<\/p>\n<p>Az\u0259rbaycan d\u00fcnyada, h\u0259m d\u0259 tolerantl\u0131q \u00f6rn\u0259yi kimi tan\u0131n\u0131r. Ulu \u00f6nd\u0259r Heyd\u0259r \u018fliyevin tolerantl\u0131\u011f\u0131n qorunub saxlan\u0131lmas\u0131 istiqam\u0259tind\u0259 h\u0259yata ke\u00e7irdiyi t\u0259dbirl\u0259r \u00f6lk\u0259mizi m\u00fcxt\u0259lif milli v\u0259 m\u0259d\u0259ni d\u0259y\u0259rl\u0259rin qovu\u015fma m\u00fcst\u0259visin\u0259 \u00e7evirib. \u00dcmummilli liderin hakimiyy\u0259t\u0259 ikinci g\u0259li\u015find\u0259n d\u0259rhal sonra dini ocaqlar, m\u0259scid v\u0259 kils\u0259l\u0259r, sinaqoqlar d\u00f6vl\u0259t himay\u0259sin\u0259 g\u00f6t\u00fcr\u00fcld\u00fc v\u0259 t\u0259mir-b\u0259rpa i\u015fl\u0259ri apar\u0131lma\u011fa ba\u015fland\u0131. Az\u0259rbaycan d\u00fcnyan\u0131n nadir \u00f6lk\u0259l\u0259rind\u0259ndir ki, burada ayr\u0131-ayr\u0131 mill\u0259tl\u0259rin, xalqlar\u0131n, dinl\u0259rin n\u00fcmay\u0259nd\u0259l\u0259ri bir ail\u0259 kimi ya\u015fay\u0131rlar. Xalq\u0131m\u0131z\u0131n dili, dini, m\u0259d\u0259niyy\u0259ti, ad\u0259t-\u0259n\u0259n\u0259l\u0259ri, milli-m\u0259n\u0259vi d\u0259y\u0259rl\u0259ri il\u0259 b\u0259rab\u0259r, h\u0259min xalqlar\u0131n da ana dilin\u0259, dinin\u0259, m\u0259d\u0259niyy\u0259tin\u0259, ad\u0259t-\u0259n\u0259n\u0259l\u0259rin\u0259 b\u00f6y\u00fck diqq\u0259t v\u0259 h\u00f6rm\u0259tl\u0259 yana\u015f\u0131l\u0131r. \u00d6lk\u0259mizd\u0259 tarix\u0259n formala\u015fan dini v\u0259 milli d\u00f6z\u00fcml\u00fcl\u00fck y\u00fcks\u0259k s\u0259viyy\u0259d\u0259dir.<\/p>\n<p>Prezident \u0130lham \u018fliyev d\u00f6vl\u0259t ba\u015f\u00e7\u0131s\u0131 kimi f\u0259aliyy\u0259tinin ilk d\u00f6vr\u00fcnd\u0259n bu istiqam\u0259td\u0259 m\u00fch\u00fcm q\u0259rarlar q\u0259bul etdi, dini abid\u0259l\u0259rin b\u0259rpas\u0131, t\u0259miri il\u0259 ba\u011fl\u0131 ard\u0131c\u0131l t\u0259dbirl\u0259r g\u00f6rd\u00fc, tolerantl\u0131q \u00f6rn\u0259yi olan q\u0259dim dini ocaqlar, m\u00fcq\u0259dd\u0259s yerl\u0259r yenid\u0259n quruldu. Bir vacib m\u0259qam is\u0259 odur ki, \u00f6lk\u0259mizd\u0259 ya\u015fayan b\u00fct\u00fcn xalqlara, b\u00fct\u00fcn dinl\u0259r\u0259 m\u0259xsus tarixi m\u0259d\u0259ni abid\u0259l\u0259r, dini m\u0259b\u0259dl\u0259r d\u0259 qorunur, b\u0259rpa edilir. D\u00f6vl\u0259timizin ba\u015f\u00e7\u0131s\u0131 d\u0259f\u0259l\u0259rl\u0259 b\u0259yan edib ki, \u201cmilli v\u0259 dini d\u00f6z\u00fcml\u00fcl\u00fck, tolerantl\u0131q Az\u0259rbaycan\u0131n b\u00f6y\u00fck s\u0259rv\u0259ti\u201ddir.<\/p>\n<p>Prezident \u0130lham \u018fliyevin dindarlarla, dini icmalar\u0131n liderl\u0259ri il\u0259 ke\u00e7irdiyi g\u00f6r\u00fc\u015fl\u0259r, onlar\u0131n ehtiyac v\u0259 probleml\u0259rinin h\u0259llin\u0259 g\u00f6st\u0259rdiyi diqq\u0259t, dini bayramlarda m\u00fcxt\u0259lif din\u0259 m\u0259nsub \u00f6lk\u0259 v\u0259t\u0259nda\u015flar\u0131n\u0131 t\u0259brik etm\u0259si, Ramazan bayramlar\u0131nda \u0259n\u0259n\u0259vi olaraq din xadiml\u0259ri il\u0259 birg\u0259 iftar s\u00fcfr\u0259sind\u0259 i\u015ftirak\u0131, h\u0259min m\u0259rasiml\u0259r\u0259 Az\u0259rbaycanda m\u00f6vcud dig\u0259r dini icmalar\u0131n, qurumlar\u0131n n\u00fcmay\u0259nd\u0259l\u0259rinin qat\u0131lmas\u0131 \u00f6lk\u0259mizd\u0259 tolerant d\u00fc\u015f\u00fcnc\u0259nin tam b\u0259rq\u0259rar oldu\u011funu g\u00f6st\u0259rir&#8230;<\/p>\n<p>2013-c\u00fc il noyabr\u0131n 15-d\u0259 Prezident \u0130lham \u018fliyevin paytaxt\u0131m\u0131zdak\u0131 Jen-Mironosits kils\u0259sind\u0259 olmas\u0131, Bak\u0131 v\u0259 Az\u0259rbaycan Yeparxiyas\u0131n\u0131n Pravoslav Dini-M\u0259d\u0259niyy\u0259t M\u0259rk\u0259zinin a\u00e7\u0131l\u0131\u015f\u0131nda i\u015ftirak\u0131, dini liderl\u0259rl\u0259 g\u00f6r\u00fc\u015f\u00fc v\u0259 dig\u0259r bu kimi t\u0259dbirl\u0259r \u00f6lk\u0259mizd\u0259ki tolerantl\u0131q m\u00fchitini daha da m\u00f6hk\u0259ml\u0259ndirir.<\/p>\n<p>2009-cu ild\u0259 islam m\u0259d\u0259niyy\u0259tinin paytaxt\u0131 elan edil\u0259n Bak\u0131 is\u0259 art\u0131q d\u00fcnyada m\u0259d\u0259niyy\u0259tl\u0259raras\u0131 v\u0259 svilizasiyalararas\u0131 dialoq platformas\u0131nda vacib faktor kimi \u00e7\u0131x\u0131\u015f edir. Prezident \u0130lham \u018fliyevin t\u0259\u015f\u0259bb\u00fcs\u00fc il\u0259 Bak\u0131da ke\u00e7iril\u0259n m\u00f6t\u0259b\u0259r beyn\u0259lxalq t\u0259dbirl\u0259r Az\u0259rbaycan\u0131n tolerantl\u0131q \u0259n\u0259n\u0259l\u0259rin\u0259 sadiqliyini n\u00fcmayi\u015f etdirir. \u0130ndi \u00f6lk\u0259miz aktual humanitar \u0259m\u0259kda\u015fl\u0131q m\u0259s\u0259l\u0259l\u0259rinin m\u00fczakir\u0259si, d\u00fcnya miqyas\u0131nda dinl\u0259raras\u0131, m\u0259d\u0259niyy\u0259tl\u0259raras\u0131 dialoqun apar\u0131lmas\u0131 \u00fc\u00e7\u00fcn ideal m\u0259kana, beyn\u0259lxalq \u0259m\u0259kda\u015fl\u0131\u011f\u0131n m\u0259rk\u0259zl\u0259rind\u0259n birin\u0259 \u00e7evrilib. Az\u0259rbaycan d\u00f6vl\u0259ti \u00f6z siyas\u0259tini, m\u0259hz bu m\u00f6hk\u0259m t\u0259m\u0259l \u00fcz\u0259rind\u0259 qurur, \u00f6lk\u0259 r\u0259hb\u0259ri d\u00f6vl\u0259tin g\u00fcc\u00fcn\u00fc \u0259halisinin \u00e7oxmill\u0259tli olmas\u0131nda, m\u00fcxt\u0259lif dinl\u0259rin, m\u0259d\u0259niyy\u0259tl\u0259rin v\u0259 sivilizasiyalar\u0131n birg\u0259ya\u015fay\u0131\u015f\u0131nda g\u00f6r\u00fcr.<\/p>\n<p>2016-c\u0131 ilin Prezident \u0130lham \u018fliyev t\u0259r\u0259find\u0259n Az\u0259rbaycanda \u201cMultikulturalizm ili\u201d elan edilm\u0259si, \u00f6lk\u0259mizd\u0259 Beyn\u0259lxalq Multikulturalizm M\u0259rk\u0259zinin yarad\u0131lmas\u0131 Az\u0259rbaycan multikulturalizminin d\u00fcnyada tan\u0131td\u0131r\u0131lmas\u0131, t\u0259bli\u011fi i\u015fin\u0259 m\u00fch\u00fcm t\u00f6hf\u0259dir. Bak\u0131 Beyn\u0259lxalq Multikulturalizm M\u0259rk\u0259zinin bir s\u0131ra \u00f6lk\u0259l\u0259rd\u0259, o c\u00fcml\u0259d\u0259n Almaniya, \u0130taliya, Portuqaliya, \u0130srail, Rusiya, Moldovada filial v\u0259 n\u00fcmay\u0259nd\u0259likl\u0259ri f\u0259aliyy\u0259t g\u00f6st\u0259rir, d\u00fcnyan\u0131n onlarla,\u00a0Az\u0259rbaycan\u0131n 38\u00a0ali t\u0259hsil m\u00fc\u0259ssis\u0259sind\u0259 \u201cAz\u0259rbaycan multikulturalizmi\u201d f\u0259nni t\u0259dris olunur. \u201cMultikulturalizm ili\u201d il\u0259 ba\u011fl\u0131 ke\u00e7iril\u0259n m\u00fch\u00fcm t\u0259dbirl\u0259r d\u0259 t\u0259sdiq edir ki, Az\u0259rbaycan multikultural d\u0259y\u0259rl\u0259ri \u0259n yax\u015f\u0131 formada t\u0259c\u0259ss\u00fcm etdir\u0259n \u00f6lk\u0259dir.<\/p>\n<p>2016-c\u0131 ilin aprelind\u0259\u00a0<em>(25-27 aprel 2016)<\/em>\u00a0Az\u0259rbaycanda BMT-nin Sivilizasiyalar Alyans\u0131n\u0131n 7-ci Qlobal Forumu ke\u00e7irildi, bu, d\u00fcnya miqyas\u0131nda dinl\u0259raras\u0131, m\u0259d\u0259niyy\u0259tl\u0259raras\u0131 dialoqun apar\u0131lmas\u0131 \u00fc\u00e7\u00fcn \u0259n m\u00f6t\u0259b\u0259r t\u0259dbir\u0259 \u00e7evrildi. Forum g\u00f6st\u0259rdi ki, multikultural d\u0259y\u0259rl\u0259r\u0259 sadiq olan m\u00fcst\u0259qil Az\u0259rbaycan m\u0259d\u0259ni m\u00fcxt\u0259lifliyin qorunub saxlanmas\u0131na v\u0259 sivilizasiyalar aras\u0131ndak\u0131 qar\u015f\u0131l\u0131ql\u0131 m\u00fcnasib\u0259tl\u0259rin t\u0259nziml\u0259nm\u0259sin\u0259 y\u00f6n\u0259l\u0259n m\u00fch\u00fcm layih\u0259l\u0259rin realla\u015fd\u0131r\u0131lmas\u0131, m\u00f6t\u0259b\u0259r forumlar\u0131n ke\u00e7irilm\u0259si sah\u0259sind\u0259 d\u0259 z\u0259ngin t\u0259cr\u00fcb\u0259y\u0259 malikdir.<\/p>\n<p>\u00d6lk\u0259miz 2017-ci ild\u0259 IV \u0130slam H\u0259mr\u0259yliyi Oyunlar\u0131na da u\u011furla ev sahibliyi etdi. Az\u0259rbaycan\u0131n Birinci vitse-prezidenti, IV \u0130slam H\u0259mr\u0259yliyi Oyunlar\u0131n\u0131n T\u0259\u015fkilat Komit\u0259sinin s\u0259dri Mehriban \u018fliyevan\u0131n m\u00fck\u0259mm\u0259l t\u0259\u015fkilat\u00e7\u0131l\u0131\u011f\u0131 il\u0259 oyunlar y\u00fcks\u0259k s\u0259viyy\u0259d\u0259 ke\u00e7irildi. V\u0259 t\u0259kc\u0259 idman yar\u0131\u015flar\u0131 kimi deyil, b\u00fct\u00fcn \u0130slam d\u00fcnyas\u0131n\u0131n birlik, h\u0259mr\u0259ylik g\u00fcnl\u0259ri kimi tarix\u0259 d\u00fc\u015fd\u00fc.<\/p>\n<p>Xalq\u0131m\u0131z\u0131n dig\u0259r dinl\u0259rin v\u0259 m\u0259d\u0259niyy\u0259tl\u0259rin n\u00fcmay\u0259nd\u0259l\u0259rin\u0259 g\u00f6st\u0259rdiyi y\u00fcks\u0259k d\u00f6z\u00fcml\u00fcl\u00fcy\u00fcn n\u0259tic\u0259sidir ki, Roma Papas\u0131 Fransisk Az\u0259rbaycana s\u0259f\u0259r etdi. Bu s\u0259f\u0259rin m\u0259qs\u0259dl\u0259rind\u0259n biri d\u0259 \u00f6lk\u0259mizd\u0259 dini-milli z\u0259mind\u0259 he\u00e7 vaxt m\u00fcnaqi\u015f\u0259l\u0259rin, qar\u015f\u0131durmalar\u0131n ba\u015f verm\u0259m\u0259sind\u0259n qaynaqlan\u0131rd\u0131. Papa Fransiskin bu tarixi s\u0259f\u0259ri \u00f6lk\u0259mizd\u0259 m\u00fcxt\u0259lif dini icmalar \u00fc\u00e7\u00fcn yarad\u0131lan \u015f\u0259raiti bir daha b\u00fct\u00fcn t\u0259r\u0259fl\u0259ri il\u0259 n\u00fcmayi\u015f etdirdi.<\/p>\n<p>Az\u0259rbaycan\u0131n Birinci vitse-prezidenti, Heyd\u0259r \u018fliyev Fondunun Prezidenti Mehriban \u018fliyeva da \u00f6lk\u0259mizd\u0259 v\u0259 ondan k\u0259narda bu sah\u0259y\u0259 m\u00fch\u00fcm t\u00f6hf\u0259l\u0259r verir. \u201cTolerantl\u0131\u011f\u0131n \u00fcnvan\u0131: Az\u0259rbaycan\u201d layih\u0259si \u00e7\u0259r\u00e7iv\u0259sind\u0259 g\u00f6r\u00fcl\u0259n i\u015fl\u0259r bunu t\u0259sdiq edir. Fondun \u00f6lk\u0259d\u0259ki m\u0259scid v\u0259 kils\u0259l\u0259rin tikintisi, yenid\u0259n qurulmas\u0131 istiqam\u0259tind\u0259 layih\u0259l\u0259ri \u00f6lk\u0259mizd\u0259 ya\u015fayan \u00e7oxsayl\u0131 milli azl\u0131qlar\u0131n bir-biri il\u0259 dinc \u015f\u0259raitd\u0259 ya\u015famas\u0131na da m\u00fcsb\u0259t t\u0259sir g\u00f6st\u0259rir. Mehriban \u018fliyevan\u0131n qlobal b\u0259\u015f\u0259ri d\u0259y\u0259rl\u0259r, s\u00fclh v\u0259 tolerantl\u0131\u011f\u0131n t\u0259bli\u011find\u0259, f\u0259rqli m\u0259d\u0259niyy\u0259tl\u0259r v\u0259 dinl\u0259r aras\u0131nda dialoq v\u0259 \u0259m\u0259kda\u015fl\u0131q format\u0131n\u0131n yaranmas\u0131ndak\u0131 rolu da dan\u0131lmazd\u0131r. Fondun Fransa, Almaniya, \u0130taliya v\u0259 dig\u0259r \u00f6lk\u0259l\u0259rin maddi-m\u0259d\u0259ni d\u0259y\u0259ri say\u0131lan tarixi abid\u0259l\u0259rin t\u0259mirind\u0259 yax\u0131ndan i\u015ftirak\u0131 x\u00fcsusi \u0259h\u0259miyy\u0259t k\u0259sb edir.<\/p>\n<p>Bel\u0259likl\u0259, Prezidenti \u0130lham \u018fliyevin s\u0259yl\u0259ri il\u0259 \u00f6lk\u0259mizd\u0259 yarad\u0131lan tolerantl\u0131q m\u00fchiti, multikultural d\u0259y\u0259rl\u0259r\u0259 sadiqlik Az\u0259rbaycan\u0131 unikal qarda\u015fl\u0131q v\u0259 dostluq m\u0259kan\u0131na \u00e7evirib. Bu m\u00fchit, h\u0259m d\u0259 onu t\u0259sdiq edir ki, tolerantl\u0131q s\u00fclh v\u0259 \u0259min-amanl\u0131\u011f\u0131 h\u0259r zaman \u00fcst\u00fcn tutan Az\u0259rbaycan xalq\u0131n\u0131n ruhundad\u0131r.<\/p>\n<p>&nbsp;<\/p>\n","protected":false},"excerpt":{"rendered":"<p>ARANTV.AZ x\u0259b\u0259r verir ki, 16 noyabr Tolerantl\u0131q g\u00fcn\u00fcd\u00fcr. Beyn\u0259lxalq Tolerantl\u0131q g\u00fcn\u00fc 1995-ci ild\u0259 UNESKO-nun 50 illiyi m\u00fcnasib\u0259til\u0259 t\u0259sis edilib. M\u0259qs\u0259d, qurumun da nizamnam\u0259sind\u0259 qeyd olundu\u011fu kimi, d\u00fcnyada ham\u0131n\u0131 bir-birin\u0259 d\u00f6z\u00fcml\u00fcl\u00fck n\u00fcmayi\u015f etdir\u0259r\u0259k mehriban qon\u015fular kimi ya\u015fama\u011fa \u00e7a\u011f\u0131r\u0131\u015fd\u0131r. Bu bax\u0131mdan, Az\u0259rbaycan indi d\u00fcnyada bir \u00e7ox mill\u0259tl\u0259rin v\u0259 dini konfessiyalar\u0131n dinc yana\u015f\u0131 ya\u015famas\u0131n\u0131n unikal n\u00fcmun\u0259sin\u0259 \u00e7evrilib. Az\u0259rbaycan d\u00fcnyada, h\u0259m d\u0259 tolerantl\u0131q \u00f6rn\u0259yi kimi tan\u0131n\u0131r. Ulu \u00f6nd\u0259r Heyd\u0259r \u018fliyevin tolerantl\u0131\u011f\u0131n qorunub saxlan\u0131lmas\u0131 istiqam\u0259tind\u0259 h\u0259yata ke\u00e7irdiyi t\u0259dbirl\u0259r \u00f6lk\u0259mizi m\u00fcxt\u0259lif milli v\u0259 m\u0259d\u0259ni d\u0259y\u0259rl\u0259rin qovu\u015fma m\u00fcst\u0259visin\u0259 \u00e7evirib. \u00dcmummilli liderin hakimiyy\u0259t\u0259 ikinci g\u0259li\u015find\u0259n d\u0259rhal sonra dini&hellip;<\/p>\n","protected":false},"author":2,"featured_media":23585,"comment_status":"closed","ping_status":"closed","sticky":false,"template":"","format":"standard","meta":{"om_disable_all_campaigns":false,"_monsterinsights_skip_tracking":false,"_monsterinsights_sitenote_active":false,"_monsterinsights_sitenote_note":"","_monsterinsights_sitenote_category":0},"categories":[1],"tags":[],"aioseo_notices":[],"gutentor_comment":0,"rttpg_featured_image_url":{"full":["https:\/\/arantv.az\/wp-content\/uploads\/2018\/11\/dvd1hlchn5rsepd4btipb80v57tol.jpg",1000,548,false],"landscape":["https:\/\/arantv.az\/wp-content\/uploads\/2018\/11\/dvd1hlchn5rsepd4btipb80v57tol.jpg",1000,548,false],"portraits":["https:\/\/arantv.az\/wp-content\/uploads\/2018\/11\/dvd1hlchn5rsepd4btipb80v57tol.jpg",1000,548,false],"thumbnail":["https:\/\/arantv.az\/wp-content\/uploads\/2018\/11\/dvd1hlchn5rsepd4btipb80v57tol-150x150.jpg",150,150,true],"medium":["https:\/\/arantv.az\/wp-content\/uploads\/2018\/11\/dvd1hlchn5rsepd4btipb80v57tol-300x164.jpg",300,164,true],"large":["https:\/\/arantv.az\/wp-content\/uploads\/2018\/11\/dvd1hlchn5rsepd4btipb80v57tol.jpg",640,351,false],"1536x1536":["https:\/\/arantv.az\/wp-content\/uploads\/2018\/11\/dvd1hlchn5rsepd4btipb80v57tol.jpg",1000,548,false],"2048x2048":["https:\/\/arantv.az\/wp-content\/uploads\/2018\/11\/dvd1hlchn5rsepd4btipb80v57tol.jpg",1000,548,false],"post-thumbnail":["https:\/\/arantv.az\/wp-content\/uploads\/2018\/11\/dvd1hlchn5rsepd4btipb80v57tol-240x172.jpg",240,172,true],"advps-thumb-one":["https:\/\/arantv.az\/wp-content\/uploads\/2018\/11\/dvd1hlchn5rsepd4btipb80v57tol.jpg",1000,548,false]},"rttpg_author":{"display_name":"V\u00fcsal Rafiqo\u011flu","author_link":"https:\/\/arantv.az\/?author=2"},"rttpg_comment":0,"rttpg_category":"<a href=\"https:\/\/arantv.az\/?cat=1\" rel=\"category\">C\u0259miyy\u0259t<\/a>","rttpg_excerpt":"ARANTV.AZ x\u0259b\u0259r verir ki, 16 noyabr Tolerantl\u0131q g\u00fcn\u00fcd\u00fcr. Beyn\u0259lxalq Tolerantl\u0131q g\u00fcn\u00fc 1995-ci ild\u0259 UNESKO-nun 50 illiyi m\u00fcnasib\u0259til\u0259 t\u0259sis edilib. M\u0259qs\u0259d, qurumun da nizamnam\u0259sind\u0259 qeyd olundu\u011fu kimi, d\u00fcnyada ham\u0131n\u0131 bir-birin\u0259 d\u00f6z\u00fcml\u00fcl\u00fck n\u00fcmayi\u015f etdir\u0259r\u0259k mehriban qon\u015fular kimi ya\u015fama\u011fa \u00e7a\u011f\u0131r\u0131\u015fd\u0131r. Bu bax\u0131mdan, Az\u0259rbaycan indi d\u00fcnyada bir \u00e7ox mill\u0259tl\u0259rin v\u0259 dini konfessiyalar\u0131n dinc yana\u015f\u0131 ya\u015famas\u0131n\u0131n unikal n\u00fcmun\u0259sin\u0259 \u00e7evrilib. Az\u0259rbaycan&hellip;","_links":{"self":[{"href":"https:\/\/arantv.az\/index.php?rest_route=\/wp\/v2\/posts\/23584"}],"collection":[{"href":"https:\/\/arantv.az\/index.php?rest_route=\/wp\/v2\/posts"}],"about":[{"href":"https:\/\/arantv.az\/index.php?rest_route=\/wp\/v2\/types\/post"}],"author":[{"embeddable":true,"href":"https:\/\/arantv.az\/index.php?rest_route=\/wp\/v2\/users\/2"}],"replies":[{"embeddable":true,"href":"https:\/\/arantv.az\/index.php?rest_route=%2Fwp%2Fv2%2Fcomments&post=23584"}],"version-history":[{"count":0,"href":"https:\/\/arantv.az\/index.php?rest_route=\/wp\/v2\/posts\/23584\/revisions"}],"wp:featuredmedia":[{"embeddable":true,"href":"https:\/\/arantv.az\/index.php?rest_route=\/wp\/v2\/media\/23585"}],"wp:attachment":[{"href":"https:\/\/arantv.az\/index.php?rest_route=%2Fwp%2Fv2%2Fmedia&parent=23584"}],"wp:term":[{"taxonomy":"category","embeddable":true,"href":"https:\/\/arantv.az\/index.php?rest_route=%2Fwp%2Fv2%2Fcategories&post=23584"},{"taxonomy":"post_tag","embeddable":true,"href":"https:\/\/arantv.az\/index.php?rest_route=%2Fwp%2Fv2%2Ftags&post=23584"}],"curies":[{"name":"wp","href":"https:\/\/api.w.org\/{rel}","templated":true}]}}