{"id":23587,"date":"2018-11-16T15:36:57","date_gmt":"2018-11-16T12:36:57","guid":{"rendered":"http:\/\/arantv.az\/?p=23587"},"modified":"2018-11-16T15:36:57","modified_gmt":"2018-11-16T12:36:57","slug":"az%c9%99rbaycan-carec-proqraminin-17-ci-nazirl%c9%99r-konfransinda-t%c9%99msil-olunub","status":"publish","type":"post","link":"https:\/\/arantv.az\/?p=23587","title":{"rendered":"Az\u0259rbaycan CAREC Proqram\u0131n\u0131n 17-ci Nazirl\u0259r Konfrans\u0131nda t\u0259msil olunub"},"content":{"rendered":"<p><strong>ARANTV.AZ<\/strong> x\u0259b\u0259r verir ki, T\u00fcrkm\u0259nistan\u0131n paytaxt\u0131 A\u015fqabadda Asiya \u0130nki\u015faf Bank\u0131n\u0131n M\u0259rk\u0259zi Asiya Regional \u0130qtisadi \u018fm\u0259kda\u015fl\u0131q Proqram\u0131n\u0131n 17-ci Nazirl\u0259r Konfrans\u0131 ke\u00e7irilib. Toplant\u0131 ticar\u0259tin geni\u015fl\u0259ndirilm\u0259si v\u0259 diversifikasiyan\u0131n t\u0259\u015fviqin\u0259 h\u0259sr olunub.<\/p>\n<p>Asiya \u0130nki\u015faf Bank\u0131n\u0131n M\u0259rk\u0259zi Asiya Regional \u0130qtisadi \u018fm\u0259kda\u015fl\u0131q Proqram\u0131n\u0131n 17-ci Nazirl\u0259r Konfrans\u0131nda \u00f6lk\u0259miz d\u0259 t\u0259msil olunub. T\u00fcrkm\u0259nistan Prezident Qurbanqulu Berdim\u0259h\u0259mm\u0259dov t\u0259dbir i\u015ftirak\u00e7\u0131lar\u0131na m\u00fcraci\u0259tind\u0259 bildirib ki, \u00f6lk\u0259si bu Proqram\u0131n \u0259sas prinsipl\u0259rini v\u0259 onun \u00e7\u0259r\u00e7iv\u0259sind\u0259 h\u0259yata ke\u00e7iril\u0259n layih\u0259l\u0259ri d\u0259st\u0259kl\u0259yir. Toplant\u0131da proqram\u0131n ticar\u0259t g\u00fcnd\u0259liyi v\u0259 2018-2020-ci ill\u0259r \u00fczr\u0259 Strateji Plan\u0131, Proqram\u0131n f\u0259aliyy\u0259t klasterl\u0259ri \u00fczr\u0259 i\u015f planlar\u0131, ixrac\u0131n diversifikasiyas\u0131 v\u0259 makroiqtisadi sabitlik m\u00f6vzular\u0131nda m\u00fczakir\u0259l\u0259r apar\u0131l\u0131b. \u0130qtisadiyyat nazirinin m\u00fcavini Sahib M\u0259mm\u0259dov Prezident \u0130lham \u018fliyevin r\u0259hb\u0259rliyi il\u0259 \u00f6lk\u0259mizd\u0259 apar\u0131lan geni\u015fmiqyasl\u0131 islahatlar v\u0259 onlar\u0131n n\u0259tic\u0259l\u0259ri, investisiyalar\u0131n t\u0259\u015fviqi v\u0259 biznesin inki\u015faf\u0131 istiqam\u0259tind\u0259 g\u00f6r\u00fcl\u0259n i\u015fl\u0259r bar\u0259d\u0259 m\u0259lumat verib. Asiya \u0130nki\u015faf Bank\u0131n\u0131n M\u0259rk\u0259zi Asiya Regional \u0130qtisadi \u018fm\u0259kda\u015fl\u0131q Proqram\u0131n\u0131n regional \u0259m\u0259kda\u015fl\u0131\u011f\u0131n t\u0259\u015fviqind\u0259ki rolundan dan\u0131\u015f\u0131b. Proqram\u0131n m\u0259qs\u0259di\u00a0 \u00fczv \u00f6lk\u0259l\u0259r aras\u0131nda ticar\u0259t, n\u0259qliyyat, enerji v\u0259 g\u00f6mr\u00fck sah\u0259l\u0259rind\u0259 regional iqtisadi \u0259m\u0259kda\u015fl\u0131\u011f\u0131n d\u0259st\u0259kl\u0259nm\u0259si, iqtisadi art\u0131m\u0131n t\u0259min edilm\u0259sidir.<\/p>\n","protected":false},"excerpt":{"rendered":"<p>ARANTV.AZ x\u0259b\u0259r verir ki, T\u00fcrkm\u0259nistan\u0131n paytaxt\u0131 A\u015fqabadda Asiya \u0130nki\u015faf Bank\u0131n\u0131n M\u0259rk\u0259zi Asiya Regional \u0130qtisadi \u018fm\u0259kda\u015fl\u0131q Proqram\u0131n\u0131n 17-ci Nazirl\u0259r Konfrans\u0131 ke\u00e7irilib. Toplant\u0131 ticar\u0259tin geni\u015fl\u0259ndirilm\u0259si v\u0259 diversifikasiyan\u0131n t\u0259\u015fviqin\u0259 h\u0259sr olunub. Asiya \u0130nki\u015faf Bank\u0131n\u0131n M\u0259rk\u0259zi Asiya Regional \u0130qtisadi \u018fm\u0259kda\u015fl\u0131q Proqram\u0131n\u0131n 17-ci Nazirl\u0259r Konfrans\u0131nda \u00f6lk\u0259miz d\u0259 t\u0259msil olunub. T\u00fcrkm\u0259nistan Prezident Qurbanqulu Berdim\u0259h\u0259mm\u0259dov t\u0259dbir i\u015ftirak\u00e7\u0131lar\u0131na m\u00fcraci\u0259tind\u0259 bildirib ki, \u00f6lk\u0259si bu Proqram\u0131n \u0259sas prinsipl\u0259rini v\u0259 onun \u00e7\u0259r\u00e7iv\u0259sind\u0259 h\u0259yata ke\u00e7iril\u0259n layih\u0259l\u0259ri d\u0259st\u0259kl\u0259yir. Toplant\u0131da proqram\u0131n ticar\u0259t g\u00fcnd\u0259liyi v\u0259 2018-2020-ci ill\u0259r \u00fczr\u0259 Strateji Plan\u0131, Proqram\u0131n f\u0259aliyy\u0259t klasterl\u0259ri \u00fczr\u0259 i\u015f planlar\u0131, ixrac\u0131n diversifikasiyas\u0131 v\u0259 makroiqtisadi sabitlik m\u00f6vzular\u0131nda m\u00fczakir\u0259l\u0259r apar\u0131l\u0131b. \u0130qtisadiyyat&hellip;<\/p>\n","protected":false},"author":2,"featured_media":23588,"comment_status":"closed","ping_status":"closed","sticky":false,"template":"","format":"standard","meta":{"om_disable_all_campaigns":false,"_monsterinsights_skip_tracking":false,"_monsterinsights_sitenote_active":false,"_monsterinsights_sitenote_note":"","_monsterinsights_sitenote_category":0},"categories":[19],"tags":[],"aioseo_notices":[],"gutentor_comment":0,"rttpg_featured_image_url":{"full":["https:\/\/arantv.az\/wp-content\/uploads\/2018\/11\/dvd1hlchn5rsepd4btipb80v57tuk.jpg",970,669,false],"landscape":["https:\/\/arantv.az\/wp-content\/uploads\/2018\/11\/dvd1hlchn5rsepd4btipb80v57tuk.jpg",970,669,false],"portraits":["https:\/\/arantv.az\/wp-content\/uploads\/2018\/11\/dvd1hlchn5rsepd4btipb80v57tuk.jpg",970,669,false],"thumbnail":["https:\/\/arantv.az\/wp-content\/uploads\/2018\/11\/dvd1hlchn5rsepd4btipb80v57tuk-150x150.jpg",150,150,true],"medium":["https:\/\/arantv.az\/wp-content\/uploads\/2018\/11\/dvd1hlchn5rsepd4btipb80v57tuk-300x207.jpg",300,207,true],"large":["https:\/\/arantv.az\/wp-content\/uploads\/2018\/11\/dvd1hlchn5rsepd4btipb80v57tuk.jpg",640,441,false],"1536x1536":["https:\/\/arantv.az\/wp-content\/uploads\/2018\/11\/dvd1hlchn5rsepd4btipb80v57tuk.jpg",970,669,false],"2048x2048":["https:\/\/arantv.az\/wp-content\/uploads\/2018\/11\/dvd1hlchn5rsepd4btipb80v57tuk.jpg",970,669,false],"post-thumbnail":["https:\/\/arantv.az\/wp-content\/uploads\/2018\/11\/dvd1hlchn5rsepd4btipb80v57tuk-240x172.jpg",240,172,true],"advps-thumb-one":["https:\/\/arantv.az\/wp-content\/uploads\/2018\/11\/dvd1hlchn5rsepd4btipb80v57tuk-970x620.jpg",970,620,true]},"rttpg_author":{"display_name":"V\u00fcsal Rafiqo\u011flu","author_link":"https:\/\/arantv.az\/?author=2"},"rttpg_comment":0,"rttpg_category":"<a href=\"https:\/\/arantv.az\/?cat=19\" rel=\"category\">G\u00fcnd\u0259m<\/a>","rttpg_excerpt":"ARANTV.AZ x\u0259b\u0259r verir ki, T\u00fcrkm\u0259nistan\u0131n paytaxt\u0131 A\u015fqabadda Asiya \u0130nki\u015faf Bank\u0131n\u0131n M\u0259rk\u0259zi Asiya Regional \u0130qtisadi \u018fm\u0259kda\u015fl\u0131q Proqram\u0131n\u0131n 17-ci Nazirl\u0259r Konfrans\u0131 ke\u00e7irilib. Toplant\u0131 ticar\u0259tin geni\u015fl\u0259ndirilm\u0259si v\u0259 diversifikasiyan\u0131n t\u0259\u015fviqin\u0259 h\u0259sr olunub. Asiya \u0130nki\u015faf Bank\u0131n\u0131n M\u0259rk\u0259zi Asiya Regional \u0130qtisadi \u018fm\u0259kda\u015fl\u0131q Proqram\u0131n\u0131n 17-ci Nazirl\u0259r Konfrans\u0131nda \u00f6lk\u0259miz d\u0259 t\u0259msil olunub. T\u00fcrkm\u0259nistan Prezident Qurbanqulu Berdim\u0259h\u0259mm\u0259dov t\u0259dbir i\u015ftirak\u00e7\u0131lar\u0131na m\u00fcraci\u0259tind\u0259 bildirib ki, \u00f6lk\u0259si bu&hellip;","_links":{"self":[{"href":"https:\/\/arantv.az\/index.php?rest_route=\/wp\/v2\/posts\/23587"}],"collection":[{"href":"https:\/\/arantv.az\/index.php?rest_route=\/wp\/v2\/posts"}],"about":[{"href":"https:\/\/arantv.az\/index.php?rest_route=\/wp\/v2\/types\/post"}],"author":[{"embeddable":true,"href":"https:\/\/arantv.az\/index.php?rest_route=\/wp\/v2\/users\/2"}],"replies":[{"embeddable":true,"href":"https:\/\/arantv.az\/index.php?rest_route=%2Fwp%2Fv2%2Fcomments&post=23587"}],"version-history":[{"count":0,"href":"https:\/\/arantv.az\/index.php?rest_route=\/wp\/v2\/posts\/23587\/revisions"}],"wp:featuredmedia":[{"embeddable":true,"href":"https:\/\/arantv.az\/index.php?rest_route=\/wp\/v2\/media\/23588"}],"wp:attachment":[{"href":"https:\/\/arantv.az\/index.php?rest_route=%2Fwp%2Fv2%2Fmedia&parent=23587"}],"wp:term":[{"taxonomy":"category","embeddable":true,"href":"https:\/\/arantv.az\/index.php?rest_route=%2Fwp%2Fv2%2Fcategories&post=23587"},{"taxonomy":"post_tag","embeddable":true,"href":"https:\/\/arantv.az\/index.php?rest_route=%2Fwp%2Fv2%2Ftags&post=23587"}],"curies":[{"name":"wp","href":"https:\/\/api.w.org\/{rel}","templated":true}]}}