{"id":23590,"date":"2018-11-16T15:37:58","date_gmt":"2018-11-16T12:37:58","guid":{"rendered":"http:\/\/arantv.az\/?p=23590"},"modified":"2018-11-16T15:37:58","modified_gmt":"2018-11-16T12:37:58","slug":"kaliforniyada-yasayan-az%c9%99rbaycan-diaspor-numay%c9%99nd%c9%99l%c9%99ri-v%c9%99-diaspor-t%c9%99skilatlarinin-f%c9%99allari-il%c9%99-gorus-kecirilib","status":"publish","type":"post","link":"https:\/\/arantv.az\/?p=23590","title":{"rendered":"Kaliforniyada ya\u015fayan Az\u0259rbaycan diaspor n\u00fcmay\u0259nd\u0259l\u0259ri v\u0259 diaspor t\u0259\u015fkilatlar\u0131n\u0131n f\u0259allar\u0131 il\u0259 g\u00f6r\u00fc\u015f ke\u00e7irilib"},"content":{"rendered":"<p><strong>ARANTV.AZ<\/strong> x\u0259b\u0259r verir ki, Az\u0259rbaycan\u0131n Los Ancelesd\u0259ki Ba\u015f Konsullu\u011funda Kaliforniyada ya\u015fayan Az\u0259rbaycan diaspor f\u0259allar\u0131 il\u0259 g\u00f6r\u00fc\u015f ke\u00e7irilib.\u00a0 Az\u0259rbaycan\u0131n Los Ancelesd\u0259ki ba\u015f konsulu N\u0259simi A\u011fayev Kaliforniyadak\u0131 Az\u0259rbaycan icmas\u0131 v\u0259 bu icma il\u0259 \u0259m\u0259kda\u015fl\u0131q haqq\u0131nda m\u0259lumat verib. Qeyd edib ki, bu g\u00fcn 1 milyondan \u00e7ox erm\u0259ninin ya\u015fad\u0131\u011f\u0131 Kaliforniya kimi \u015ftatda Az\u0259rbaycan icmas\u0131n\u0131n birg\u0259 f\u0259aliyy\u0259t g\u00f6st\u0259r\u0259r\u0259k, daha da g\u00fccl\u0259nm\u0259sinin b\u00f6y\u00fck \u0259h\u0259miyy\u0259ti var. Az\u0259rbaycan Respublikas\u0131n\u0131n Diasporla i\u015f \u00fczr\u0259 D\u00f6vl\u0259t Komit\u0259sinin s\u0259dri Fuad Muradov Kaliforniyada ya\u015fayan h\u0259myerlil\u0259rimiz\u0259 Az\u0259rbaycan d\u00f6vl\u0259tinin diaspor siyas\u0259tinin \u0259sas istiqam\u0259tl\u0259ri,\u00a0 h\u0259m\u00e7inin Az\u0259rbaycan m\u0259d\u0259niyy\u0259tinin d\u00fcnyada tan\u0131d\u0131lmas\u0131, Az\u0259rbaycan h\u0259qiq\u0259tl\u0259rinin t\u0259bli\u011fi \u00fc\u00e7\u00fcn g\u00f6r\u00fcl\u0259n i\u015fl\u0259r v\u0259 Komit\u0259nin g\u0259l\u0259c\u0259k planlar\u0131 bar\u0259d\u0259 geni\u015f m\u0259lumat verib.\u00a0\u00a0 Diaspor Komit\u0259sinin g\u00f6rd\u00fcy\u00fc i\u015fl\u0259ri \u0259ks etdir\u0259n v\u0259 Az\u0259rbaycan d\u00f6vl\u0259tinin diaspor siyas\u0259tinin t\u0259bli\u011fin\u0259 y\u00f6n\u0259l\u0259n video\u00e7arx n\u00fcmayi\u015f etdirilib. G\u00f6r\u00fc\u015f i\u015ftirak\u00e7\u0131lar\u0131 aras\u0131nda AB\u015e-da ya\u015fayan h\u0259myerlil\u0259rimizin birlikd\u0259 daha effektiv v\u0259 \u0259laq\u0259l\u0259ndirilmi\u015f \u015f\u0259kild\u0259 f\u0259aliyy\u0259t istiqam\u0259tl\u0259ri raz\u0131la\u015fd\u0131r\u0131l\u0131b.<\/p>\n","protected":false},"excerpt":{"rendered":"<p>ARANTV.AZ x\u0259b\u0259r verir ki, Az\u0259rbaycan\u0131n Los Ancelesd\u0259ki Ba\u015f Konsullu\u011funda Kaliforniyada ya\u015fayan Az\u0259rbaycan diaspor f\u0259allar\u0131 il\u0259 g\u00f6r\u00fc\u015f ke\u00e7irilib.\u00a0 Az\u0259rbaycan\u0131n Los Ancelesd\u0259ki ba\u015f konsulu N\u0259simi A\u011fayev Kaliforniyadak\u0131 Az\u0259rbaycan icmas\u0131 v\u0259 bu icma il\u0259 \u0259m\u0259kda\u015fl\u0131q haqq\u0131nda m\u0259lumat verib. Qeyd edib ki, bu g\u00fcn 1 milyondan \u00e7ox erm\u0259ninin ya\u015fad\u0131\u011f\u0131 Kaliforniya kimi \u015ftatda Az\u0259rbaycan icmas\u0131n\u0131n birg\u0259 f\u0259aliyy\u0259t g\u00f6st\u0259r\u0259r\u0259k, daha da g\u00fccl\u0259nm\u0259sinin b\u00f6y\u00fck \u0259h\u0259miyy\u0259ti var. Az\u0259rbaycan Respublikas\u0131n\u0131n Diasporla i\u015f \u00fczr\u0259 D\u00f6vl\u0259t Komit\u0259sinin s\u0259dri Fuad Muradov Kaliforniyada ya\u015fayan h\u0259myerlil\u0259rimiz\u0259 Az\u0259rbaycan d\u00f6vl\u0259tinin diaspor siyas\u0259tinin \u0259sas istiqam\u0259tl\u0259ri,\u00a0 h\u0259m\u00e7inin Az\u0259rbaycan m\u0259d\u0259niyy\u0259tinin d\u00fcnyada tan\u0131d\u0131lmas\u0131, Az\u0259rbaycan h\u0259qiq\u0259tl\u0259rinin t\u0259bli\u011fi \u00fc\u00e7\u00fcn g\u00f6r\u00fcl\u0259n i\u015fl\u0259r v\u0259&hellip;<\/p>\n","protected":false},"author":2,"featured_media":23591,"comment_status":"closed","ping_status":"closed","sticky":false,"template":"","format":"standard","meta":{"om_disable_all_campaigns":false,"_monsterinsights_skip_tracking":false,"_monsterinsights_sitenote_active":false,"_monsterinsights_sitenote_note":"","_monsterinsights_sitenote_category":0},"categories":[4],"tags":[],"aioseo_notices":[],"gutentor_comment":0,"rttpg_featured_image_url":{"full":["https:\/\/arantv.az\/wp-content\/uploads\/2018\/11\/dvd1hlchn5rsepd4btipb80v57kal.jpg",1000,500,false],"landscape":["https:\/\/arantv.az\/wp-content\/uploads\/2018\/11\/dvd1hlchn5rsepd4btipb80v57kal.jpg",1000,500,false],"portraits":["https:\/\/arantv.az\/wp-content\/uploads\/2018\/11\/dvd1hlchn5rsepd4btipb80v57kal.jpg",1000,500,false],"thumbnail":["https:\/\/arantv.az\/wp-content\/uploads\/2018\/11\/dvd1hlchn5rsepd4btipb80v57kal-150x150.jpg",150,150,true],"medium":["https:\/\/arantv.az\/wp-content\/uploads\/2018\/11\/dvd1hlchn5rsepd4btipb80v57kal-300x150.jpg",300,150,true],"large":["https:\/\/arantv.az\/wp-content\/uploads\/2018\/11\/dvd1hlchn5rsepd4btipb80v57kal.jpg",640,320,false],"1536x1536":["https:\/\/arantv.az\/wp-content\/uploads\/2018\/11\/dvd1hlchn5rsepd4btipb80v57kal.jpg",1000,500,false],"2048x2048":["https:\/\/arantv.az\/wp-content\/uploads\/2018\/11\/dvd1hlchn5rsepd4btipb80v57kal.jpg",1000,500,false],"post-thumbnail":["https:\/\/arantv.az\/wp-content\/uploads\/2018\/11\/dvd1hlchn5rsepd4btipb80v57kal-240x172.jpg",240,172,true],"advps-thumb-one":["https:\/\/arantv.az\/wp-content\/uploads\/2018\/11\/dvd1hlchn5rsepd4btipb80v57kal.jpg",1000,500,false]},"rttpg_author":{"display_name":"V\u00fcsal Rafiqo\u011flu","author_link":"https:\/\/arantv.az\/?author=2"},"rttpg_comment":0,"rttpg_category":"<a href=\"https:\/\/arantv.az\/?cat=4\" rel=\"category\">Siyas\u0259t<\/a>","rttpg_excerpt":"ARANTV.AZ x\u0259b\u0259r verir ki, Az\u0259rbaycan\u0131n Los Ancelesd\u0259ki Ba\u015f Konsullu\u011funda Kaliforniyada ya\u015fayan Az\u0259rbaycan diaspor f\u0259allar\u0131 il\u0259 g\u00f6r\u00fc\u015f ke\u00e7irilib.\u00a0 Az\u0259rbaycan\u0131n Los Ancelesd\u0259ki ba\u015f konsulu N\u0259simi A\u011fayev Kaliforniyadak\u0131 Az\u0259rbaycan icmas\u0131 v\u0259 bu icma il\u0259 \u0259m\u0259kda\u015fl\u0131q haqq\u0131nda m\u0259lumat verib. Qeyd edib ki, bu g\u00fcn 1 milyondan \u00e7ox erm\u0259ninin ya\u015fad\u0131\u011f\u0131 Kaliforniya kimi \u015ftatda Az\u0259rbaycan icmas\u0131n\u0131n birg\u0259 f\u0259aliyy\u0259t g\u00f6st\u0259r\u0259r\u0259k, daha da&hellip;","_links":{"self":[{"href":"https:\/\/arantv.az\/index.php?rest_route=\/wp\/v2\/posts\/23590"}],"collection":[{"href":"https:\/\/arantv.az\/index.php?rest_route=\/wp\/v2\/posts"}],"about":[{"href":"https:\/\/arantv.az\/index.php?rest_route=\/wp\/v2\/types\/post"}],"author":[{"embeddable":true,"href":"https:\/\/arantv.az\/index.php?rest_route=\/wp\/v2\/users\/2"}],"replies":[{"embeddable":true,"href":"https:\/\/arantv.az\/index.php?rest_route=%2Fwp%2Fv2%2Fcomments&post=23590"}],"version-history":[{"count":0,"href":"https:\/\/arantv.az\/index.php?rest_route=\/wp\/v2\/posts\/23590\/revisions"}],"wp:featuredmedia":[{"embeddable":true,"href":"https:\/\/arantv.az\/index.php?rest_route=\/wp\/v2\/media\/23591"}],"wp:attachment":[{"href":"https:\/\/arantv.az\/index.php?rest_route=%2Fwp%2Fv2%2Fmedia&parent=23590"}],"wp:term":[{"taxonomy":"category","embeddable":true,"href":"https:\/\/arantv.az\/index.php?rest_route=%2Fwp%2Fv2%2Fcategories&post=23590"},{"taxonomy":"post_tag","embeddable":true,"href":"https:\/\/arantv.az\/index.php?rest_route=%2Fwp%2Fv2%2Ftags&post=23590"}],"curies":[{"name":"wp","href":"https:\/\/api.w.org\/{rel}","templated":true}]}}