{"id":23593,"date":"2018-11-16T15:38:49","date_gmt":"2018-11-16T12:38:49","guid":{"rendered":"http:\/\/arantv.az\/?p=23593"},"modified":"2018-11-16T15:38:49","modified_gmt":"2018-11-16T12:38:49","slug":"gurcustanin-maliyy%c9%99-naziri-ulu-ond%c9%99r-heyd%c9%99r-%c9%99liyevin-m%c9%99zarini-v%c9%99-s%c9%99hidl%c9%99r-xiyabanini-ziyar%c9%99t-edib","status":"publish","type":"post","link":"https:\/\/arantv.az\/?p=23593","title":{"rendered":"G\u00fcrc\u00fcstan\u0131n maliyy\u0259 naziri ulu \u00f6nd\u0259r Heyd\u0259r \u018fliyevin m\u0259zar\u0131n\u0131 v\u0259 \u015e\u0259hidl\u0259r xiyaban\u0131n\u0131 ziyar\u0259t edib"},"content":{"rendered":"<p><strong>ARANTV.AZ<\/strong> x\u0259b\u0259r verir ki, \u00f6lk\u0259mizd\u0259 s\u0259f\u0259rd\u0259 olan G\u00fcrc\u00fcstan\u0131n maliyy\u0259 naziri \u0130vane Ma\u00e7avarianinin r\u0259hb\u0259rlik etdiyi n\u00fcmay\u0259nd\u0259 hey\u0259ti noyabr\u0131n 16-da F\u0259xri xiyabana g\u0259l\u0259r\u0259k m\u00fcasir m\u00fcst\u0259qil Az\u0259rbaycan d\u00f6vl\u0259tinin memar\u0131 v\u0259 qurucusu, xalq\u0131m\u0131z\u0131n \u00fcmummilli lideri Heyd\u0259r \u018fliyevin xatir\u0259sini yad edib, abid\u0259si \u00f6n\u00fcn\u0259 \u0259klil qoyub.<\/p>\n<p>Sonra \u015e\u0259hidl\u0259r xiyaban\u0131na ged\u0259n n\u00fcmay\u0259nd\u0259 hey\u0259ti Az\u0259rbaycan\u0131n m\u00fcst\u0259qilliyi v\u0259 \u0259razi b\u00fct\u00f6vl\u00fcy\u00fc u\u011frunda m\u00fcbariz\u0259d\u0259 canlar\u0131ndan ke\u00e7mi\u015f q\u0259hr\u0259man V\u0259t\u0259n \u00f6vladlar\u0131n\u0131n xatir\u0259sini an\u0131b, \u201c\u018fb\u0259di m\u0259\u015f\u0259l\u201d abid\u0259sinin \u00f6n\u00fcn\u0259 \u0259klil qoyub.<\/p>\n<p>Bak\u0131n\u0131n \u0259n h\u00fcnd\u00fcr n\u00f6qt\u0259sind\u0259n Az\u0259rbaycan paytaxt\u0131n\u0131n m\u0259nz\u0259r\u0259sini seyr ed\u0259n qonaqlara \u015e\u0259hidl\u0259r xiyaban\u0131n\u0131n tarixi v\u0259 \u015f\u0259h\u0259rimizd\u0259 g\u00f6r\u00fcl\u0259n abadl\u0131q-quruculuq i\u015fl\u0259ri bar\u0259d\u0259 \u0259trafl\u0131 m\u0259lumat verilib.<\/p>\n","protected":false},"excerpt":{"rendered":"<p>ARANTV.AZ x\u0259b\u0259r verir ki, \u00f6lk\u0259mizd\u0259 s\u0259f\u0259rd\u0259 olan G\u00fcrc\u00fcstan\u0131n maliyy\u0259 naziri \u0130vane Ma\u00e7avarianinin r\u0259hb\u0259rlik etdiyi n\u00fcmay\u0259nd\u0259 hey\u0259ti noyabr\u0131n 16-da F\u0259xri xiyabana g\u0259l\u0259r\u0259k m\u00fcasir m\u00fcst\u0259qil Az\u0259rbaycan d\u00f6vl\u0259tinin memar\u0131 v\u0259 qurucusu, xalq\u0131m\u0131z\u0131n \u00fcmummilli lideri Heyd\u0259r \u018fliyevin xatir\u0259sini yad edib, abid\u0259si \u00f6n\u00fcn\u0259 \u0259klil qoyub. Sonra \u015e\u0259hidl\u0259r xiyaban\u0131na ged\u0259n n\u00fcmay\u0259nd\u0259 hey\u0259ti Az\u0259rbaycan\u0131n m\u00fcst\u0259qilliyi v\u0259 \u0259razi b\u00fct\u00f6vl\u00fcy\u00fc u\u011frunda m\u00fcbariz\u0259d\u0259 canlar\u0131ndan ke\u00e7mi\u015f q\u0259hr\u0259man V\u0259t\u0259n \u00f6vladlar\u0131n\u0131n xatir\u0259sini an\u0131b, \u201c\u018fb\u0259di m\u0259\u015f\u0259l\u201d abid\u0259sinin \u00f6n\u00fcn\u0259 \u0259klil qoyub. Bak\u0131n\u0131n \u0259n h\u00fcnd\u00fcr n\u00f6qt\u0259sind\u0259n Az\u0259rbaycan paytaxt\u0131n\u0131n m\u0259nz\u0259r\u0259sini seyr ed\u0259n qonaqlara \u015e\u0259hidl\u0259r xiyaban\u0131n\u0131n tarixi v\u0259 \u015f\u0259h\u0259rimizd\u0259 g\u00f6r\u00fcl\u0259n abadl\u0131q-quruculuq i\u015fl\u0259ri bar\u0259d\u0259 \u0259trafl\u0131 m\u0259lumat verilib.<\/p>\n","protected":false},"author":2,"featured_media":23594,"comment_status":"closed","ping_status":"closed","sticky":false,"template":"","format":"standard","meta":{"om_disable_all_campaigns":false,"_monsterinsights_skip_tracking":false,"_monsterinsights_sitenote_active":false,"_monsterinsights_sitenote_note":"","_monsterinsights_sitenote_category":0},"categories":[19],"tags":[],"aioseo_notices":[],"gutentor_comment":0,"rttpg_featured_image_url":{"full":["https:\/\/arantv.az\/wp-content\/uploads\/2018\/11\/dvd1hlchn5rsepd4btipb80v57fx.jpg",1000,655,false],"landscape":["https:\/\/arantv.az\/wp-content\/uploads\/2018\/11\/dvd1hlchn5rsepd4btipb80v57fx.jpg",1000,655,false],"portraits":["https:\/\/arantv.az\/wp-content\/uploads\/2018\/11\/dvd1hlchn5rsepd4btipb80v57fx.jpg",1000,655,false],"thumbnail":["https:\/\/arantv.az\/wp-content\/uploads\/2018\/11\/dvd1hlchn5rsepd4btipb80v57fx-150x150.jpg",150,150,true],"medium":["https:\/\/arantv.az\/wp-content\/uploads\/2018\/11\/dvd1hlchn5rsepd4btipb80v57fx-300x197.jpg",300,197,true],"large":["https:\/\/arantv.az\/wp-content\/uploads\/2018\/11\/dvd1hlchn5rsepd4btipb80v57fx.jpg",640,419,false],"1536x1536":["https:\/\/arantv.az\/wp-content\/uploads\/2018\/11\/dvd1hlchn5rsepd4btipb80v57fx.jpg",1000,655,false],"2048x2048":["https:\/\/arantv.az\/wp-content\/uploads\/2018\/11\/dvd1hlchn5rsepd4btipb80v57fx.jpg",1000,655,false],"post-thumbnail":["https:\/\/arantv.az\/wp-content\/uploads\/2018\/11\/dvd1hlchn5rsepd4btipb80v57fx-240x172.jpg",240,172,true],"advps-thumb-one":["https:\/\/arantv.az\/wp-content\/uploads\/2018\/11\/dvd1hlchn5rsepd4btipb80v57fx-1000x620.jpg",1000,620,true]},"rttpg_author":{"display_name":"V\u00fcsal Rafiqo\u011flu","author_link":"https:\/\/arantv.az\/?author=2"},"rttpg_comment":0,"rttpg_category":"<a href=\"https:\/\/arantv.az\/?cat=19\" rel=\"category\">G\u00fcnd\u0259m<\/a>","rttpg_excerpt":"ARANTV.AZ x\u0259b\u0259r verir ki, \u00f6lk\u0259mizd\u0259 s\u0259f\u0259rd\u0259 olan G\u00fcrc\u00fcstan\u0131n maliyy\u0259 naziri \u0130vane Ma\u00e7avarianinin r\u0259hb\u0259rlik etdiyi n\u00fcmay\u0259nd\u0259 hey\u0259ti noyabr\u0131n 16-da F\u0259xri xiyabana g\u0259l\u0259r\u0259k m\u00fcasir m\u00fcst\u0259qil Az\u0259rbaycan d\u00f6vl\u0259tinin memar\u0131 v\u0259 qurucusu, xalq\u0131m\u0131z\u0131n \u00fcmummilli lideri Heyd\u0259r \u018fliyevin xatir\u0259sini yad edib, abid\u0259si \u00f6n\u00fcn\u0259 \u0259klil qoyub. Sonra \u015e\u0259hidl\u0259r xiyaban\u0131na ged\u0259n n\u00fcmay\u0259nd\u0259 hey\u0259ti Az\u0259rbaycan\u0131n m\u00fcst\u0259qilliyi v\u0259 \u0259razi b\u00fct\u00f6vl\u00fcy\u00fc u\u011frunda m\u00fcbariz\u0259d\u0259 canlar\u0131ndan ke\u00e7mi\u015f&hellip;","_links":{"self":[{"href":"https:\/\/arantv.az\/index.php?rest_route=\/wp\/v2\/posts\/23593"}],"collection":[{"href":"https:\/\/arantv.az\/index.php?rest_route=\/wp\/v2\/posts"}],"about":[{"href":"https:\/\/arantv.az\/index.php?rest_route=\/wp\/v2\/types\/post"}],"author":[{"embeddable":true,"href":"https:\/\/arantv.az\/index.php?rest_route=\/wp\/v2\/users\/2"}],"replies":[{"embeddable":true,"href":"https:\/\/arantv.az\/index.php?rest_route=%2Fwp%2Fv2%2Fcomments&post=23593"}],"version-history":[{"count":0,"href":"https:\/\/arantv.az\/index.php?rest_route=\/wp\/v2\/posts\/23593\/revisions"}],"wp:featuredmedia":[{"embeddable":true,"href":"https:\/\/arantv.az\/index.php?rest_route=\/wp\/v2\/media\/23594"}],"wp:attachment":[{"href":"https:\/\/arantv.az\/index.php?rest_route=%2Fwp%2Fv2%2Fmedia&parent=23593"}],"wp:term":[{"taxonomy":"category","embeddable":true,"href":"https:\/\/arantv.az\/index.php?rest_route=%2Fwp%2Fv2%2Fcategories&post=23593"},{"taxonomy":"post_tag","embeddable":true,"href":"https:\/\/arantv.az\/index.php?rest_route=%2Fwp%2Fv2%2Ftags&post=23593"}],"curies":[{"name":"wp","href":"https:\/\/api.w.org\/{rel}","templated":true}]}}