{"id":23596,"date":"2018-11-16T15:39:35","date_gmt":"2018-11-16T12:39:35","guid":{"rendered":"http:\/\/arantv.az\/?p=23596"},"modified":"2018-11-16T15:39:35","modified_gmt":"2018-11-16T12:39:35","slug":"caspian-ecology-9-cu-az%c9%99rbaycan-beyn%c9%99lxalq-%c9%99traf-muhit-s%c9%99rgisi-c%c9%99rciv%c9%99sind%c9%99-konfrans-kecirilib","status":"publish","type":"post","link":"https:\/\/arantv.az\/?p=23596","title":{"rendered":"\u201cCaspian Ecology\u201d 9-cu Az\u0259rbaycan Beyn\u0259lxalq \u018ftraf M\u00fchit S\u0259rgisi \u00e7\u0259r\u00e7iv\u0259sind\u0259 konfrans ke\u00e7irilib"},"content":{"rendered":"<p><strong>ARANTV.AZ<\/strong> x\u0259b\u0259r verir ki, \u201cCaspian Ecology\u201d 9-cu Az\u0259rbaycan Beyn\u0259lxalq \u018ftraf M\u00fchit S\u0259rgisi \u00e7\u0259r\u00e7iv\u0259sind\u0259 konfrans ke\u00e7irilib. T\u0259dbird\u0259 Heyd\u0259r \u018fliyev Fondunun vitse-prezidenti, \u0130DEA \u0130ctimai Birliyinin t\u0259sis\u00e7isi v\u0259 r\u0259hb\u0259ri Leyla \u018fliyeva da i\u015ftirak edib.<\/p>\n<p>\u201cQafqazda v\u0259h\u015fi t\u0259bi\u0259tin b\u0259rpas\u0131 \u00fczr\u0259 \u0259m\u0259kda\u015fl\u0131q\u201d\u00a0 adl\u0131 beyn\u0259lxalq elmi konfrans\u0131n ke\u00e7irilm\u0259sind\u0259 m\u0259qs\u0259d bioloji m\u00fcxt\u0259lifliyin qorunmas\u0131, regionun t\u0259bii b\u0259rpa sah\u0259sind\u0259 potensial\u0131n\u0131n inki\u015faf\u0131 \u00fc\u00e7\u00fcn prioritetl\u0259ri m\u00fc\u0259yy\u0259nl\u0259\u015fdirm\u0259kdir. Konfransda \u00e7\u0131x\u0131\u015f ed\u0259n Heyd\u0259r \u018fliyev Fondunun vitse-prezidenti, \u0130DEA \u0130ctimai Birliyinin t\u0259sis\u00e7isi v\u0259 r\u0259hb\u0259ri Leyla \u018fliyeva bildirdi ki, \u0259traf m\u00fchit probelm\u0259lri s\u0259rh\u0259d tan\u0131m\u0131r. \u0130nsan m\u0259skunla\u015fmalar\u0131 n\u0259tic\u0259sind\u0259 40 faiz\u00a0 v\u0259h\u015fi m\u00fchit m\u0259hv edilib. Ekosistemin deqradasiyas\u0131 g\u00f6z \u00f6n\u00fcn\u0259dir. Az\u0259rbaycanda h\u0259m quru, h\u0259m d\u0259 sudak\u0131 canl\u0131lar\u0131n b\u0259rpas\u0131 il\u0259 ba\u011fl\u0131 m\u00fch\u00fcm i\u015fl\u0259rin g\u00f6r\u00fcl\u00fcy\u00fcn\u00fc qeyd ed\u0259n Leyla \u018fliyeva Qafqaz b\u0259biri, ceyran v\u0259 n\u0259r\u0259 bal\u0131\u011f\u0131n\u0131n art\u0131r\u0131lmas\u0131 il\u0259 ba\u011fl\u0131 h\u0259yata ke\u00e7iril\u0259n t\u0259dbirl\u0259ri xat\u0131rlatd\u0131. Diqq\u0259t\u0259 \u00e7atd\u0131rd\u0131 ki, m\u0259qs\u0259d b\u00fct\u00fcn t\u0259\u015f\u0259bb\u00fcsl\u0259ri d\u0259st\u0259kl\u0259m\u0259k, t\u0259cr\u00fcb\u0259l\u0259ri b\u00f6l\u00fc\u015fm\u0259kdir.\u00a0Az\u0259rbaycanda ceyranlar\u0131n say\u0131 600-d\u0259n 6000-\u0259 q\u0259d\u0259r art\u0131r\u0131l\u0131b v\u0259 bu proses haz\u0131rda davam edir. BMT-nin Dayan\u0131ql\u0131 \u0130nki\u015faf M\u0259qs\u0259dl\u0259rin\u0259 d\u0259 toxunan Leyla \u018fliyeva xeyli sayda insan\u0131n t\u0259bit\u0259in m\u00fchafiz\u0259si il\u0259 ba\u011fl\u0131 \u00e7a\u011f\u0131r\u0131\u015flara qo\u015fulduqalar\u0131n\u0131 dedi. Ekologiya v\u0259 T\u0259bii S\u0259rv\u0259tl\u0259r naziri<strong>\u00a0Muxtar Babayev\u00a0is\u0259\u00a0<\/strong>bildirdi ki, Az\u0259rbaycanda\u00a0 24 yasaql\u0131q, 10 Milli Park, 10 qoruq f\u0259aliyy\u0259t g\u00f6st\u0259rir. Qoruqlarda antropogen f\u0259aliyy\u0259t\u0259 icaz\u0259 verilmir, \u0259razid\u0259 olan b\u00fct\u00fcn t\u0259bii land\u015faftlar qorunur v\u0259 elmi t\u0259cr\u00fcb\u0259 m\u0259rk\u0259zi kimi istifad\u0259 edilir. Biom\u00fcxt\u0259lifliyin qorunmas\u0131 \u00fc\u00e7\u00fcn\u00a0Q\u0131z\u0131la\u011fa\u00e7\u00a0 Milli Qoru\u011fu\u00a0 yarad\u0131l\u0131b, Zaqatala-Balak\u0259n biosfer qaoru\u011funun yarad\u0131lmas\u0131 \u00fc\u00e7\u00fcn is\u0259 \u0259sasl\u0131 i\u015fl\u0259r g\u00f6r\u00fcl\u00fcr.\u00a0G\u00fcrc\u00fcstan\u0131n \u018ftraf M\u00fchitin M\u00fchafiz\u0259si v\u0259 K\u0259nd T\u0259s\u0259rr\u00fcfat\u0131 Naziri Levan Davita\u015fvili qeyd etdi ki, \u00f6lk\u0259sind\u0259 9 % \u0259razi \u00a0x\u00fcsusi m\u00fchafiz\u0259 \u0259razisi say\u0131l\u0131r.<\/p>\n<p>\u201cCaspian Ecology\u201d 9-cu Az\u0259rbaycan Beyn\u0259lxalq \u018ftraf M\u00fchit S\u0259rgisi Ekologiya v\u0259 T\u0259bii S\u0259rv\u0259tl\u0259r Nazirliyinin v\u0259 \u201cCaspian Event Organisers\u201d \u015firk\u0259tinin t\u0259\u015fkilat\u00e7\u0131l\u0131\u011f\u0131, \u0130DEA \u0130ctimai Birliyinin d\u0259st\u0259yi il\u0259 t\u0259\u015fkil olunub.<\/p>\n","protected":false},"excerpt":{"rendered":"<p>ARANTV.AZ x\u0259b\u0259r verir ki, \u201cCaspian Ecology\u201d 9-cu Az\u0259rbaycan Beyn\u0259lxalq \u018ftraf M\u00fchit S\u0259rgisi \u00e7\u0259r\u00e7iv\u0259sind\u0259 konfrans ke\u00e7irilib. T\u0259dbird\u0259 Heyd\u0259r \u018fliyev Fondunun vitse-prezidenti, \u0130DEA \u0130ctimai Birliyinin t\u0259sis\u00e7isi v\u0259 r\u0259hb\u0259ri Leyla \u018fliyeva da i\u015ftirak edib. \u201cQafqazda v\u0259h\u015fi t\u0259bi\u0259tin b\u0259rpas\u0131 \u00fczr\u0259 \u0259m\u0259kda\u015fl\u0131q\u201d\u00a0 adl\u0131 beyn\u0259lxalq elmi konfrans\u0131n ke\u00e7irilm\u0259sind\u0259 m\u0259qs\u0259d bioloji m\u00fcxt\u0259lifliyin qorunmas\u0131, regionun t\u0259bii b\u0259rpa sah\u0259sind\u0259 potensial\u0131n\u0131n inki\u015faf\u0131 \u00fc\u00e7\u00fcn prioritetl\u0259ri m\u00fc\u0259yy\u0259nl\u0259\u015fdirm\u0259kdir. Konfransda \u00e7\u0131x\u0131\u015f ed\u0259n Heyd\u0259r \u018fliyev Fondunun vitse-prezidenti, \u0130DEA \u0130ctimai Birliyinin t\u0259sis\u00e7isi v\u0259 r\u0259hb\u0259ri Leyla \u018fliyeva bildirdi ki, \u0259traf m\u00fchit probelm\u0259lri s\u0259rh\u0259d tan\u0131m\u0131r. \u0130nsan m\u0259skunla\u015fmalar\u0131 n\u0259tic\u0259sind\u0259 40 faiz\u00a0 v\u0259h\u015fi m\u00fchit m\u0259hv edilib. Ekosistemin deqradasiyas\u0131 g\u00f6z \u00f6n\u00fcn\u0259dir.&hellip;<\/p>\n","protected":false},"author":2,"featured_media":23597,"comment_status":"closed","ping_status":"closed","sticky":false,"template":"","format":"standard","meta":{"om_disable_all_campaigns":false,"_monsterinsights_skip_tracking":false,"_monsterinsights_sitenote_active":false,"_monsterinsights_sitenote_note":"","_monsterinsights_sitenote_category":0},"categories":[19],"tags":[],"aioseo_notices":[],"gutentor_comment":0,"rttpg_featured_image_url":{"full":["https:\/\/arantv.az\/wp-content\/uploads\/2018\/11\/dvd1hlchn5rsepd4btipb80v57kas.jpg",1000,590,false],"landscape":["https:\/\/arantv.az\/wp-content\/uploads\/2018\/11\/dvd1hlchn5rsepd4btipb80v57kas.jpg",1000,590,false],"portraits":["https:\/\/arantv.az\/wp-content\/uploads\/2018\/11\/dvd1hlchn5rsepd4btipb80v57kas.jpg",1000,590,false],"thumbnail":["https:\/\/arantv.az\/wp-content\/uploads\/2018\/11\/dvd1hlchn5rsepd4btipb80v57kas-150x150.jpg",150,150,true],"medium":["https:\/\/arantv.az\/wp-content\/uploads\/2018\/11\/dvd1hlchn5rsepd4btipb80v57kas-300x177.jpg",300,177,true],"large":["https:\/\/arantv.az\/wp-content\/uploads\/2018\/11\/dvd1hlchn5rsepd4btipb80v57kas.jpg",640,378,false],"1536x1536":["https:\/\/arantv.az\/wp-content\/uploads\/2018\/11\/dvd1hlchn5rsepd4btipb80v57kas.jpg",1000,590,false],"2048x2048":["https:\/\/arantv.az\/wp-content\/uploads\/2018\/11\/dvd1hlchn5rsepd4btipb80v57kas.jpg",1000,590,false],"post-thumbnail":["https:\/\/arantv.az\/wp-content\/uploads\/2018\/11\/dvd1hlchn5rsepd4btipb80v57kas-240x172.jpg",240,172,true],"advps-thumb-one":["https:\/\/arantv.az\/wp-content\/uploads\/2018\/11\/dvd1hlchn5rsepd4btipb80v57kas.jpg",1000,590,false]},"rttpg_author":{"display_name":"V\u00fcsal Rafiqo\u011flu","author_link":"https:\/\/arantv.az\/?author=2"},"rttpg_comment":0,"rttpg_category":"<a href=\"https:\/\/arantv.az\/?cat=19\" rel=\"category\">G\u00fcnd\u0259m<\/a>","rttpg_excerpt":"ARANTV.AZ x\u0259b\u0259r verir ki, \u201cCaspian Ecology\u201d 9-cu Az\u0259rbaycan Beyn\u0259lxalq \u018ftraf M\u00fchit S\u0259rgisi \u00e7\u0259r\u00e7iv\u0259sind\u0259 konfrans ke\u00e7irilib. T\u0259dbird\u0259 Heyd\u0259r \u018fliyev Fondunun vitse-prezidenti, \u0130DEA \u0130ctimai Birliyinin t\u0259sis\u00e7isi v\u0259 r\u0259hb\u0259ri Leyla \u018fliyeva da i\u015ftirak edib. \u201cQafqazda v\u0259h\u015fi t\u0259bi\u0259tin b\u0259rpas\u0131 \u00fczr\u0259 \u0259m\u0259kda\u015fl\u0131q\u201d\u00a0 adl\u0131 beyn\u0259lxalq elmi konfrans\u0131n ke\u00e7irilm\u0259sind\u0259 m\u0259qs\u0259d bioloji m\u00fcxt\u0259lifliyin qorunmas\u0131, regionun t\u0259bii b\u0259rpa sah\u0259sind\u0259 potensial\u0131n\u0131n inki\u015faf\u0131 \u00fc\u00e7\u00fcn prioritetl\u0259ri m\u00fc\u0259yy\u0259nl\u0259\u015fdirm\u0259kdir.&hellip;","_links":{"self":[{"href":"https:\/\/arantv.az\/index.php?rest_route=\/wp\/v2\/posts\/23596"}],"collection":[{"href":"https:\/\/arantv.az\/index.php?rest_route=\/wp\/v2\/posts"}],"about":[{"href":"https:\/\/arantv.az\/index.php?rest_route=\/wp\/v2\/types\/post"}],"author":[{"embeddable":true,"href":"https:\/\/arantv.az\/index.php?rest_route=\/wp\/v2\/users\/2"}],"replies":[{"embeddable":true,"href":"https:\/\/arantv.az\/index.php?rest_route=%2Fwp%2Fv2%2Fcomments&post=23596"}],"version-history":[{"count":0,"href":"https:\/\/arantv.az\/index.php?rest_route=\/wp\/v2\/posts\/23596\/revisions"}],"wp:featuredmedia":[{"embeddable":true,"href":"https:\/\/arantv.az\/index.php?rest_route=\/wp\/v2\/media\/23597"}],"wp:attachment":[{"href":"https:\/\/arantv.az\/index.php?rest_route=%2Fwp%2Fv2%2Fmedia&parent=23596"}],"wp:term":[{"taxonomy":"category","embeddable":true,"href":"https:\/\/arantv.az\/index.php?rest_route=%2Fwp%2Fv2%2Fcategories&post=23596"},{"taxonomy":"post_tag","embeddable":true,"href":"https:\/\/arantv.az\/index.php?rest_route=%2Fwp%2Fv2%2Ftags&post=23596"}],"curies":[{"name":"wp","href":"https:\/\/api.w.org\/{rel}","templated":true}]}}