{"id":23613,"date":"2018-11-16T15:50:11","date_gmt":"2018-11-16T12:50:11","guid":{"rendered":"http:\/\/arantv.az\/?p=23613"},"modified":"2018-11-16T15:50:11","modified_gmt":"2018-11-16T12:50:11","slug":"heyd%c9%99r-%c9%99liyev-fondunun-vitse-prezidenti-leyla-%c9%99liyeva-caspian-ecology-ix-az%c9%99rbaycan-beyn%c9%99lxalq-%c9%99traf-muhit-s%c9%99rgisi-c%c9%99rciv%c9%99sind%c9%99-konf","status":"publish","type":"post","link":"https:\/\/arantv.az\/?p=23613","title":{"rendered":"Heyd\u0259r \u018fliyev Fondunun vitse-prezidenti Leyla \u018fliyeva \u201cCaspian Ecology\u201d IX Az\u0259rbaycan Beyn\u0259lxalq \u018ftraf M\u00fchit S\u0259rgisi \u00e7\u0259r\u00e7iv\u0259sind\u0259 konfransda i\u015ftirak edib"},"content":{"rendered":"<p>&#8220;Caspian Ecology&#8221; IX Az\u0259rbaycan Beyn\u0259lxalq \u018ftraf M\u00fchit S\u0259rgisi \u00e7\u0259r\u00e7iv\u0259sind\u0259 Ekologiya v\u0259 T\u0259bii S\u0259rv\u0259tl\u0259r Nazirliyinin t\u0259\u015fkilat\u00e7\u0131l\u0131\u011f\u0131 il\u0259 &#8220;Qafqazda v\u0259h\u015fi t\u0259bi\u0259tin b\u0259rpas\u0131 \u00fczr\u0259 \u0259m\u0259kda\u015fl\u0131q&#8221; m\u00f6vzusunda n\u00f6vb\u0259ti beyn\u0259lxalq elmi konfrans ke\u00e7irilib.<\/p>\n<p><strong>ARANTV.AZ<\/strong> trend-\u0259 istinad\u0259n bildirir ki,\u00a0t\u0259dbird\u0259 Heyd\u0259r \u018fliyev Fondunun vitse-prezidenti, IDEA \u0130ctimai Birliyinin t\u0259sis\u00e7isi v\u0259 r\u0259hb\u0259ri Leyla \u018fliyeva, Az\u0259rbaycan\u0131n v\u0259 G\u00fcrc\u00fcstan\u0131n ekologiya v\u0259 \u0259traf m\u00fchit nazirl\u0259ri, D\u00fcnya V\u0259h\u015fi T\u0259bi\u0259t Fondunun (WWF), el\u0259c\u0259 d\u0259 Az\u0259rbaycan, Rusiya, T\u00fcrkiy\u0259, Almaniya, Niderland, Belarus, \u0130ran\u0131n r\u0259smi n\u00fcmay\u0259nd\u0259l\u0259ri v\u0259 beyn\u0259lxalq m\u00fct\u0259x\u0259ssisl\u0259r i\u015ftirak edibl\u0259r.<\/p>\n<p>Konfrans\u0131n ke\u00e7irilm\u0259sind\u0259 m\u0259qs\u0259d bioloji m\u00fcxt\u0259lifliyin qorunmas\u0131, regionun t\u0259bii b\u0259rpa sah\u0259sind\u0259 potensial\u0131n\u0131n inki\u015faf\u0131 \u00fc\u00e7\u00fcn prioritetl\u0259rin m\u00fc\u0259yy\u0259nl\u0259\u015fdirilm\u0259si, regionda icra olunan ox\u015far layih\u0259l\u0259rin t\u0259cr\u00fcb\u0259sinin \u00f6yr\u0259nilm\u0259si, m\u0259lumat m\u00fcbadil\u0259sinin apar\u0131lmas\u0131 v\u0259 regional \u0259m\u0259kda\u015fl\u0131\u011f\u0131n geni\u015fl\u0259ndirilm\u0259si olub.<\/p>\n<p>Konfransda \u00e7\u0131x\u0131\u015f ed\u0259n Heyd\u0259r \u018fliyev Fondunun vitse-prezidenti, IDEA \u0130ctimai Birliyinin t\u0259sis\u00e7isi v\u0259 r\u0259hb\u0259ri Leyla \u018fliyeva bildirib ki, \u0259traf m\u00fchit probleml\u0259ri s\u0259rh\u0259d tan\u0131m\u0131r. \u0130nsan m\u0259skunla\u015fmalar\u0131 n\u0259tic\u0259sind\u0259 40 faiz v\u0259h\u015fi m\u00fchit m\u0259hv edilib. Ekosistemin deqradasiyas\u0131 g\u00f6z \u00f6n\u00fcnd\u0259dir.<\/p>\n<p>Az\u0259rbaycanda h\u0259m qurudak\u0131, h\u0259m d\u0259 sudak\u0131 canl\u0131lar\u0131n reabilitasiyas\u0131 il\u0259 ba\u011fl\u0131 m\u00fch\u00fcm i\u015fl\u0259rin g\u00f6r\u00fcld\u00fcy\u00fcn\u00fc qeyd ed\u0259n Leyla \u018fliyeva Qafqaz b\u0259biri, ceyran v\u0259 n\u0259r\u0259 bal\u0131\u011f\u0131n\u0131n art\u0131r\u0131lmas\u0131 istiqam\u0259tind\u0259 h\u0259yata ke\u00e7iril\u0259n t\u0259dbirl\u0259rd\u0259n dan\u0131\u015f\u0131b. Diqq\u0259t\u0259 \u00e7atd\u0131r\u0131b ki, m\u0259qs\u0259d b\u00fct\u00fcn t\u0259\u015f\u0259bb\u00fcsl\u0259ri d\u0259st\u0259kl\u0259m\u0259k, t\u0259cr\u00fcb\u0259l\u0259ri b\u00f6l\u00fc\u015fm\u0259kdir. Az\u0259rbaycanda ceyranlar\u0131n say\u0131 600-d\u0259n 6000-\u0259 q\u0259d\u0259r art\u0131r\u0131l\u0131b v\u0259 bu proses haz\u0131rda davam edir. BMT-nin Dayan\u0131ql\u0131 \u0130nki\u015faf M\u0259s\u0259l\u0259l\u0259rin\u0259 d\u0259 toxunan Leyla \u018fliyeva xeyli sayda insan\u0131n t\u0259bi\u0259tin m\u00fchafiz\u0259si il\u0259 ba\u011fl\u0131 \u00e7a\u011f\u0131r\u0131\u015flara qo\u015fuldu\u011funu deyib.<\/p>\n<div id=\"AdributorNativeVideo0\" class=\"AdributorNativeVideo\"><\/div>\n<p>Ekologiya v\u0259 t\u0259bii s\u0259rv\u0259tl\u0259r naziri Muxtar Babayev bildirib ki, Az\u0259rbaycanda 24 yasaql\u0131q, 10 milli park, 10 qoruq f\u0259aliyy\u0259t g\u00f6st\u0259rir. Qoruqlarda antropogen f\u0259aliyy\u0259t\u0259 icaz\u0259 verilmir. \u018frazid\u0259 olan b\u00fct\u00fcn t\u0259bii land\u015faftlar qorunur v\u0259 elmi-t\u0259cr\u00fcb\u0259 m\u0259rk\u0259zi kimi istifad\u0259 edilir. Biom\u00fcxt\u0259lifliyin qorunmas\u0131 \u00fc\u00e7\u00fcn Q\u0131z\u0131la\u011fac Milli Qoru\u011fu yarad\u0131l\u0131b. Zaqatala, Balak\u0259n biosferinin yarad\u0131lmas\u0131 \u00fc\u00e7\u00fcn is\u0259 \u0259sasl\u0131 i\u015fl\u0259r g\u00f6r\u00fcl\u00fcr.<\/p>\n<p>G\u00fcrc\u00fcstan\u0131n \u0259traf m\u00fchitin m\u00fchafiz\u0259si v\u0259 k\u0259nd t\u0259s\u0259rr\u00fcfat\u0131 naziri Levan Davita\u015fvili qeyd edib ki, \u00f6lk\u0259sind\u0259 9 faiz \u0259razi x\u00fcsusi m\u00fchafiz\u0259 \u0259razisi say\u0131l\u0131r. Uzun ill\u0259rdir ki, G\u00fcrc\u00fcstan Az\u0259rbaycan il\u0259 v\u0259h\u015fi t\u0259bi\u0259tin qorunmas\u0131 v\u0259 m\u00fchafiz\u0259si sah\u0259sind\u0259 \u0259m\u0259kda\u015fl\u0131q edir. V\u0259h\u015fi t\u0259bi\u0259tin qorunmas\u0131 v\u0259 m\u00fchafiz\u0259si s\u0259rh\u0259d tan\u0131m\u0131r. O vur\u011fulay\u0131b ki, Az\u0259rbaycan n\u0259sli k\u0259silm\u0259kd\u0259 olan heyvanlar\u0131n art\u0131m\u0131nda b\u00f6y\u00fck nailiyy\u0259tl\u0259r \u0259ld\u0259 edib.<\/p>\n<p>D\u00fcnya V\u0259h\u015fi T\u0259bi\u0259t Fondunun C\u0259nubi Qafqaz \u00fczr\u0259 n\u00fcmay\u0259nd\u0259si Aurel Heydelberq deyib: &#8220;Biz v\u0259h\u015fi t\u0259bi\u0259tin qorunmas\u0131 v\u0259 m\u00fchafiz\u0259si il\u0259 ba\u011fl\u0131 ara\u015fd\u0131rmalar apar\u0131r\u0131q. Bu, \u00e7ox m\u00fch\u00fcmd\u00fcr. M\u0259nim burada yerli m\u00fct\u0259x\u0259ssisl\u0259rl\u0259 d\u0259 m\u00fczakir\u0259l\u0259rim olub. Bu konfrans Qafqaz \u00f6lk\u0259l\u0259rinin t\u0259cr\u00fcb\u0259l\u0259rini b\u00f6l\u00fc\u015fm\u0259y\u0259 t\u0259kan ver\u0259c\u0259k&#8221;.<\/p>\n<p>Konfrans m\u00f6vzu \u0259traf\u0131nda m\u00fczakir\u0259l\u0259rl\u0259 davam edib.<\/p>\n","protected":false},"excerpt":{"rendered":"<p>&#8220;Caspian Ecology&#8221; IX Az\u0259rbaycan Beyn\u0259lxalq \u018ftraf M\u00fchit S\u0259rgisi \u00e7\u0259r\u00e7iv\u0259sind\u0259 Ekologiya v\u0259 T\u0259bii S\u0259rv\u0259tl\u0259r Nazirliyinin t\u0259\u015fkilat\u00e7\u0131l\u0131\u011f\u0131 il\u0259 &#8220;Qafqazda v\u0259h\u015fi t\u0259bi\u0259tin b\u0259rpas\u0131 \u00fczr\u0259 \u0259m\u0259kda\u015fl\u0131q&#8221; m\u00f6vzusunda n\u00f6vb\u0259ti beyn\u0259lxalq elmi konfrans ke\u00e7irilib. ARANTV.AZ trend-\u0259 istinad\u0259n bildirir ki,\u00a0t\u0259dbird\u0259 Heyd\u0259r \u018fliyev Fondunun vitse-prezidenti, IDEA \u0130ctimai Birliyinin t\u0259sis\u00e7isi v\u0259 r\u0259hb\u0259ri Leyla \u018fliyeva, Az\u0259rbaycan\u0131n v\u0259 G\u00fcrc\u00fcstan\u0131n ekologiya v\u0259 \u0259traf m\u00fchit nazirl\u0259ri, D\u00fcnya V\u0259h\u015fi T\u0259bi\u0259t Fondunun (WWF), el\u0259c\u0259 d\u0259 Az\u0259rbaycan, Rusiya, T\u00fcrkiy\u0259, Almaniya, Niderland, Belarus, \u0130ran\u0131n r\u0259smi n\u00fcmay\u0259nd\u0259l\u0259ri v\u0259 beyn\u0259lxalq m\u00fct\u0259x\u0259ssisl\u0259r i\u015ftirak edibl\u0259r. Konfrans\u0131n ke\u00e7irilm\u0259sind\u0259 m\u0259qs\u0259d bioloji m\u00fcxt\u0259lifliyin qorunmas\u0131, regionun t\u0259bii b\u0259rpa sah\u0259sind\u0259 potensial\u0131n\u0131n inki\u015faf\u0131 \u00fc\u00e7\u00fcn prioritetl\u0259rin m\u00fc\u0259yy\u0259nl\u0259\u015fdirilm\u0259si, regionda&hellip;<\/p>\n","protected":false},"author":2,"featured_media":23614,"comment_status":"closed","ping_status":"closed","sticky":false,"template":"","format":"standard","meta":{"om_disable_all_campaigns":false,"_monsterinsights_skip_tracking":false,"_monsterinsights_sitenote_active":false,"_monsterinsights_sitenote_note":"","_monsterinsights_sitenote_category":0},"categories":[19],"tags":[],"aioseo_notices":[],"gutentor_comment":0,"rttpg_featured_image_url":{"full":["https:\/\/arantv.az\/wp-content\/uploads\/2018\/11\/leyla_eliyeva_00.jpg",482,361,false],"landscape":["https:\/\/arantv.az\/wp-content\/uploads\/2018\/11\/leyla_eliyeva_00.jpg",482,361,false],"portraits":["https:\/\/arantv.az\/wp-content\/uploads\/2018\/11\/leyla_eliyeva_00.jpg",482,361,false],"thumbnail":["https:\/\/arantv.az\/wp-content\/uploads\/2018\/11\/leyla_eliyeva_00-150x150.jpg",150,150,true],"medium":["https:\/\/arantv.az\/wp-content\/uploads\/2018\/11\/leyla_eliyeva_00-300x225.jpg",300,225,true],"large":["https:\/\/arantv.az\/wp-content\/uploads\/2018\/11\/leyla_eliyeva_00.jpg",482,361,false],"1536x1536":["https:\/\/arantv.az\/wp-content\/uploads\/2018\/11\/leyla_eliyeva_00.jpg",482,361,false],"2048x2048":["https:\/\/arantv.az\/wp-content\/uploads\/2018\/11\/leyla_eliyeva_00.jpg",482,361,false],"post-thumbnail":["https:\/\/arantv.az\/wp-content\/uploads\/2018\/11\/leyla_eliyeva_00-240x172.jpg",240,172,true],"advps-thumb-one":["https:\/\/arantv.az\/wp-content\/uploads\/2018\/11\/leyla_eliyeva_00.jpg",482,361,false]},"rttpg_author":{"display_name":"V\u00fcsal Rafiqo\u011flu","author_link":"https:\/\/arantv.az\/?author=2"},"rttpg_comment":0,"rttpg_category":"<a href=\"https:\/\/arantv.az\/?cat=19\" rel=\"category\">G\u00fcnd\u0259m<\/a>","rttpg_excerpt":"&#8220;Caspian Ecology&#8221; IX Az\u0259rbaycan Beyn\u0259lxalq \u018ftraf M\u00fchit S\u0259rgisi \u00e7\u0259r\u00e7iv\u0259sind\u0259 Ekologiya v\u0259 T\u0259bii S\u0259rv\u0259tl\u0259r Nazirliyinin t\u0259\u015fkilat\u00e7\u0131l\u0131\u011f\u0131 il\u0259 &#8220;Qafqazda v\u0259h\u015fi t\u0259bi\u0259tin b\u0259rpas\u0131 \u00fczr\u0259 \u0259m\u0259kda\u015fl\u0131q&#8221; m\u00f6vzusunda n\u00f6vb\u0259ti beyn\u0259lxalq elmi konfrans ke\u00e7irilib. ARANTV.AZ trend-\u0259 istinad\u0259n bildirir ki,\u00a0t\u0259dbird\u0259 Heyd\u0259r \u018fliyev Fondunun vitse-prezidenti, IDEA \u0130ctimai Birliyinin t\u0259sis\u00e7isi v\u0259 r\u0259hb\u0259ri Leyla \u018fliyeva, Az\u0259rbaycan\u0131n v\u0259 G\u00fcrc\u00fcstan\u0131n ekologiya v\u0259 \u0259traf m\u00fchit nazirl\u0259ri, D\u00fcnya V\u0259h\u015fi&hellip;","_links":{"self":[{"href":"https:\/\/arantv.az\/index.php?rest_route=\/wp\/v2\/posts\/23613"}],"collection":[{"href":"https:\/\/arantv.az\/index.php?rest_route=\/wp\/v2\/posts"}],"about":[{"href":"https:\/\/arantv.az\/index.php?rest_route=\/wp\/v2\/types\/post"}],"author":[{"embeddable":true,"href":"https:\/\/arantv.az\/index.php?rest_route=\/wp\/v2\/users\/2"}],"replies":[{"embeddable":true,"href":"https:\/\/arantv.az\/index.php?rest_route=%2Fwp%2Fv2%2Fcomments&post=23613"}],"version-history":[{"count":0,"href":"https:\/\/arantv.az\/index.php?rest_route=\/wp\/v2\/posts\/23613\/revisions"}],"wp:featuredmedia":[{"embeddable":true,"href":"https:\/\/arantv.az\/index.php?rest_route=\/wp\/v2\/media\/23614"}],"wp:attachment":[{"href":"https:\/\/arantv.az\/index.php?rest_route=%2Fwp%2Fv2%2Fmedia&parent=23613"}],"wp:term":[{"taxonomy":"category","embeddable":true,"href":"https:\/\/arantv.az\/index.php?rest_route=%2Fwp%2Fv2%2Fcategories&post=23613"},{"taxonomy":"post_tag","embeddable":true,"href":"https:\/\/arantv.az\/index.php?rest_route=%2Fwp%2Fv2%2Ftags&post=23613"}],"curies":[{"name":"wp","href":"https:\/\/api.w.org\/{rel}","templated":true}]}}