{"id":236256,"date":"2020-11-14T08:02:19","date_gmt":"2020-11-14T05:02:19","guid":{"rendered":"http:\/\/arantv.az\/?p=236256"},"modified":"2020-11-14T08:02:19","modified_gmt":"2020-11-14T05:02:19","slug":"qazaxistanda-isci-quvv%c9%99si-catismir","status":"publish","type":"post","link":"https:\/\/arantv.az\/?p=236256","title":{"rendered":"Qazax\u0131standa i\u015f\u00e7i q\u00fcvv\u0259si \u00e7at\u0131\u015fm\u0131r"},"content":{"rendered":"<p>Pandemiya fonunda Qazax\u0131standa yaranan i\u015f\u00e7i \u00e7at\u0131\u015fmazl\u0131\u011f\u0131 \u0259m\u0259k miqrantlar\u0131n\u0131n say\u0131n\u0131n azalmas\u0131 il\u0259 \u0259laq\u0259l\u0259ndirilir.<\/p>\n<p>\u201cVestnik Kavkaza\u201d x\u0259b\u0259r verir ki, bu bar\u0259d\u0259 Qazax\u0131stan-Alman Universitetinin professoru \u0130rina \u00c7ern\u0131x deyib:<\/p>\n<p>\u201cPandemiya\u00a0\u015f\u0259rtl\u0259rind\u0259 i\u015f\u00e7i, miqrant i\u015f\u00e7i, x\u00fcsus\u0259n in\u015faat m\u00fct\u0259x\u0259ssisl\u0259ri \u00e7at\u0131\u015fmazl\u0131\u011f\u0131 il\u0259 qar\u015f\u0131la\u015f\u0131r\u0131q\u201d.<\/p>\n<div id=\"AdviadNativeVideo0\" class=\"AdviadNativeVideo\"><\/div>\n<p>\u00c7ern\u0131x bildirib ki, sosial obyektl\u0259rin tikilm\u0259si, m\u0259nzil fondu probleml\u0259ri qon\u015fu b\u00f6lg\u0259l\u0259rd\u0259n olan \u0259m\u0259k miqrantlar\u0131n\u0131n \u00e7at\u0131\u015fmazl\u0131\u011f\u0131 il\u0259 \u0259laq\u0259lidir:<\/p>\n<p>\u201cD\u00fc\u015f\u00fcn\u00fcr\u0259m ki, bunlar laz\u0131mi konseptual s\u0259n\u0259dl\u0259rin haz\u0131rlanmas\u0131nda ir\u0259lil\u0259yi\u015f \u00fc\u00e7\u00fcn ciddi arqumentl\u0259rdir.<\/p>\n<p>S\u0259n\u0259dl\u0259rd\u0259 pandemiyan\u0131 bir amil olaraq n\u0259z\u0259r\u0259 almaq, y\u00fcks\u0259k keyfiyy\u0259tli s\u0259rh\u0259d idar\u0259\u00e7iliyi v\u0259 ke\u00e7id rejimini inki\u015faf etdirm\u0259k laz\u0131md\u0131r. Pandemiya \u015f\u0259rtl\u0259rind\u0259 qapal\u0131 v\u0259 ya yar\u0131mqapal\u0131 s\u0259rh\u0259dl\u0259rd\u0259 d\u00f6vl\u0259tl\u0259rin qar\u015f\u0131l\u0131ql\u0131 \u0259laq\u0259si \u00fc\u00e7\u00fcn x\u00fcsusi qaydalar haz\u0131rlamaq laz\u0131md\u0131r\u201d.<\/p>\n","protected":false},"excerpt":{"rendered":"<p>Pandemiya fonunda Qazax\u0131standa yaranan i\u015f\u00e7i \u00e7at\u0131\u015fmazl\u0131\u011f\u0131 \u0259m\u0259k miqrantlar\u0131n\u0131n say\u0131n\u0131n azalmas\u0131 il\u0259 \u0259laq\u0259l\u0259ndirilir. \u201cVestnik Kavkaza\u201d x\u0259b\u0259r verir ki, bu bar\u0259d\u0259 Qazax\u0131stan-Alman Universitetinin professoru \u0130rina \u00c7ern\u0131x deyib: \u201cPandemiya\u00a0\u015f\u0259rtl\u0259rind\u0259 i\u015f\u00e7i, miqrant i\u015f\u00e7i, x\u00fcsus\u0259n in\u015faat m\u00fct\u0259x\u0259ssisl\u0259ri \u00e7at\u0131\u015fmazl\u0131\u011f\u0131 il\u0259 qar\u015f\u0131la\u015f\u0131r\u0131q\u201d. \u00c7ern\u0131x bildirib ki, sosial obyektl\u0259rin tikilm\u0259si, m\u0259nzil fondu probleml\u0259ri qon\u015fu b\u00f6lg\u0259l\u0259rd\u0259n olan \u0259m\u0259k miqrantlar\u0131n\u0131n \u00e7at\u0131\u015fmazl\u0131\u011f\u0131 il\u0259 \u0259laq\u0259lidir: \u201cD\u00fc\u015f\u00fcn\u00fcr\u0259m ki, bunlar laz\u0131mi konseptual s\u0259n\u0259dl\u0259rin haz\u0131rlanmas\u0131nda ir\u0259lil\u0259yi\u015f \u00fc\u00e7\u00fcn ciddi arqumentl\u0259rdir. S\u0259n\u0259dl\u0259rd\u0259 pandemiyan\u0131 bir amil olaraq n\u0259z\u0259r\u0259 almaq, y\u00fcks\u0259k keyfiyy\u0259tli s\u0259rh\u0259d idar\u0259\u00e7iliyi v\u0259 ke\u00e7id rejimini inki\u015faf etdirm\u0259k laz\u0131md\u0131r. Pandemiya \u015f\u0259rtl\u0259rind\u0259 qapal\u0131 v\u0259 ya yar\u0131mqapal\u0131 s\u0259rh\u0259dl\u0259rd\u0259 d\u00f6vl\u0259tl\u0259rin qar\u015f\u0131l\u0131ql\u0131 \u0259laq\u0259si&hellip;<\/p>\n","protected":false},"author":2,"featured_media":236257,"comment_status":"closed","ping_status":"closed","sticky":false,"template":"","format":"standard","meta":{"om_disable_all_campaigns":false,"_monsterinsights_skip_tracking":false,"_monsterinsights_sitenote_active":false,"_monsterinsights_sitenote_note":"","_monsterinsights_sitenote_category":0},"categories":[7],"tags":[],"aioseo_notices":[],"gutentor_comment":0,"rttpg_featured_image_url":{"full":["https:\/\/arantv.az\/wp-content\/uploads\/2020\/11\/dve-stolicy-kazahstana.jpg",620,414,false],"landscape":["https:\/\/arantv.az\/wp-content\/uploads\/2020\/11\/dve-stolicy-kazahstana.jpg",620,414,false],"portraits":["https:\/\/arantv.az\/wp-content\/uploads\/2020\/11\/dve-stolicy-kazahstana.jpg",620,414,false],"thumbnail":["https:\/\/arantv.az\/wp-content\/uploads\/2020\/11\/dve-stolicy-kazahstana-150x150.jpg",150,150,true],"medium":["https:\/\/arantv.az\/wp-content\/uploads\/2020\/11\/dve-stolicy-kazahstana-300x200.jpg",300,200,true],"large":["https:\/\/arantv.az\/wp-content\/uploads\/2020\/11\/dve-stolicy-kazahstana.jpg",620,414,false],"1536x1536":["https:\/\/arantv.az\/wp-content\/uploads\/2020\/11\/dve-stolicy-kazahstana.jpg",620,414,false],"2048x2048":["https:\/\/arantv.az\/wp-content\/uploads\/2020\/11\/dve-stolicy-kazahstana.jpg",620,414,false],"post-thumbnail":["https:\/\/arantv.az\/wp-content\/uploads\/2020\/11\/dve-stolicy-kazahstana-240x172.jpg",240,172,true],"advps-thumb-one":["https:\/\/arantv.az\/wp-content\/uploads\/2020\/11\/dve-stolicy-kazahstana.jpg",620,414,false]},"rttpg_author":{"display_name":"V\u00fcsal Rafiqo\u011flu","author_link":"https:\/\/arantv.az\/?author=2"},"rttpg_comment":0,"rttpg_category":"<a href=\"https:\/\/arantv.az\/?cat=7\" rel=\"category\">D\u00fcnya<\/a>","rttpg_excerpt":"Pandemiya fonunda Qazax\u0131standa yaranan i\u015f\u00e7i \u00e7at\u0131\u015fmazl\u0131\u011f\u0131 \u0259m\u0259k miqrantlar\u0131n\u0131n say\u0131n\u0131n azalmas\u0131 il\u0259 \u0259laq\u0259l\u0259ndirilir. \u201cVestnik Kavkaza\u201d x\u0259b\u0259r verir ki, bu bar\u0259d\u0259 Qazax\u0131stan-Alman Universitetinin professoru \u0130rina \u00c7ern\u0131x deyib: \u201cPandemiya\u00a0\u015f\u0259rtl\u0259rind\u0259 i\u015f\u00e7i, miqrant i\u015f\u00e7i, x\u00fcsus\u0259n in\u015faat m\u00fct\u0259x\u0259ssisl\u0259ri \u00e7at\u0131\u015fmazl\u0131\u011f\u0131 il\u0259 qar\u015f\u0131la\u015f\u0131r\u0131q\u201d. \u00c7ern\u0131x bildirib ki, sosial obyektl\u0259rin tikilm\u0259si, m\u0259nzil fondu probleml\u0259ri qon\u015fu b\u00f6lg\u0259l\u0259rd\u0259n olan \u0259m\u0259k miqrantlar\u0131n\u0131n \u00e7at\u0131\u015fmazl\u0131\u011f\u0131 il\u0259 \u0259laq\u0259lidir: \u201cD\u00fc\u015f\u00fcn\u00fcr\u0259m ki, bunlar&hellip;","_links":{"self":[{"href":"https:\/\/arantv.az\/index.php?rest_route=\/wp\/v2\/posts\/236256"}],"collection":[{"href":"https:\/\/arantv.az\/index.php?rest_route=\/wp\/v2\/posts"}],"about":[{"href":"https:\/\/arantv.az\/index.php?rest_route=\/wp\/v2\/types\/post"}],"author":[{"embeddable":true,"href":"https:\/\/arantv.az\/index.php?rest_route=\/wp\/v2\/users\/2"}],"replies":[{"embeddable":true,"href":"https:\/\/arantv.az\/index.php?rest_route=%2Fwp%2Fv2%2Fcomments&post=236256"}],"version-history":[{"count":0,"href":"https:\/\/arantv.az\/index.php?rest_route=\/wp\/v2\/posts\/236256\/revisions"}],"wp:featuredmedia":[{"embeddable":true,"href":"https:\/\/arantv.az\/index.php?rest_route=\/wp\/v2\/media\/236257"}],"wp:attachment":[{"href":"https:\/\/arantv.az\/index.php?rest_route=%2Fwp%2Fv2%2Fmedia&parent=236256"}],"wp:term":[{"taxonomy":"category","embeddable":true,"href":"https:\/\/arantv.az\/index.php?rest_route=%2Fwp%2Fv2%2Fcategories&post=236256"},{"taxonomy":"post_tag","embeddable":true,"href":"https:\/\/arantv.az\/index.php?rest_route=%2Fwp%2Fv2%2Ftags&post=236256"}],"curies":[{"name":"wp","href":"https:\/\/api.w.org\/{rel}","templated":true}]}}