{"id":236268,"date":"2020-11-14T08:05:19","date_gmt":"2020-11-14T05:05:19","guid":{"rendered":"http:\/\/arantv.az\/?p=236268"},"modified":"2020-11-14T08:05:19","modified_gmt":"2020-11-14T05:05:19","slug":"h%c9%99ft%c9%99sonu-ictimai-n%c9%99qliyyatin-h%c9%99r%c9%99k%c9%99ti-yenid%c9%99n-dayandirilir","status":"publish","type":"post","link":"https:\/\/arantv.az\/?p=236268","title":{"rendered":"H\u0259ft\u0259sonu ictimai n\u0259qliyyat\u0131n h\u0259r\u0259k\u0259ti yenid\u0259n dayand\u0131r\u0131l\u0131r"},"content":{"rendered":"<p>Bu g\u00fcnd\u0259n noyabr\u0131n 16-d\u0259k Bak\u0131da v\u0259 daha bir ne\u00e7\u0259 \u015f\u0259h\u0259r-rayonda ictimai n\u0259qliyyat i\u015fl\u0259m\u0259y\u0259c\u0259k.<\/p>\n<p>S\u0259rtl\u0259\u015fdirilmi\u015f x\u00fcsusi karantin rejiminin t\u0259tbiq olundu\u011fu Bak\u0131, Sumqay\u0131t \u015f\u0259h\u0259rl\u0259ri v\u0259 Ab\u015feron rayonunda h\u0259ft\u0259sonu ictimai n\u0259qliyyat h\u0259ft\u0259sonu i\u015fl\u0259m\u0259y\u0259c\u0259k.<\/p>\n<p>Bu bar\u0259d\u0259 Nazirl\u0259r Kabineti yan\u0131nda Operativ Q\u0259rargah q\u0259rar q\u0259bul edib.<\/p>\n<p>Q\u0259rara \u0259sas\u0259n, 14 noyabr saat 00:00-dan 16 noyabr saat 06:00-d\u0259k Bak\u0131, Sumqay\u0131t \u015f\u0259h\u0259rl\u0259ri v\u0259 Ab\u015feron rayonunda ictimai n\u0259qliyyat\u0131n h\u0259r\u0259k\u0259ti dayand\u0131r\u0131l\u0131r.<\/p>\n<p>Bundan ba\u015fqa, \u201cX\u00fcsusi karantin rejimi il\u0259 ba\u011fl\u0131 \u0259lav\u0259 t\u0259dbirl\u0259r bar\u0259d\u0259\u201d q\u0259rara edilmi\u015f d\u0259yi\u015fikliy\u0259 \u0259sas\u0259n, G\u0259nc\u0259, Yevlax, Ming\u0259\u00e7evir, \u015eirvan \u015f\u0259h\u0259rl\u0259rind\u0259 v\u0259 G\u00f6yg\u00f6l, Samux, Sabirabad, A\u011fstafa rayonlar\u0131nda da 14 noyabr saat 00:00-dan 16 noyabr saat 06:00-d\u0259k ictimai n\u0259qliyyat i\u015fl\u0259m\u0259y\u0259c\u0259k.<\/p>\n<p>Qeyd ed\u0259k ki, Bak\u0131 Metropolitenind\u0259 s\u0259rni\u015finda\u015f\u0131ma f\u0259aliyy\u0259ti d\u0259 dekabr\u0131n 1-d\u0259k dayand\u0131r\u0131l\u0131b.<\/p>\n","protected":false},"excerpt":{"rendered":"<p>Bu g\u00fcnd\u0259n noyabr\u0131n 16-d\u0259k Bak\u0131da v\u0259 daha bir ne\u00e7\u0259 \u015f\u0259h\u0259r-rayonda ictimai n\u0259qliyyat i\u015fl\u0259m\u0259y\u0259c\u0259k. S\u0259rtl\u0259\u015fdirilmi\u015f x\u00fcsusi karantin rejiminin t\u0259tbiq olundu\u011fu Bak\u0131, Sumqay\u0131t \u015f\u0259h\u0259rl\u0259ri v\u0259 Ab\u015feron rayonunda h\u0259ft\u0259sonu ictimai n\u0259qliyyat h\u0259ft\u0259sonu i\u015fl\u0259m\u0259y\u0259c\u0259k. Bu bar\u0259d\u0259 Nazirl\u0259r Kabineti yan\u0131nda Operativ Q\u0259rargah q\u0259rar q\u0259bul edib. Q\u0259rara \u0259sas\u0259n, 14 noyabr saat 00:00-dan 16 noyabr saat 06:00-d\u0259k Bak\u0131, Sumqay\u0131t \u015f\u0259h\u0259rl\u0259ri v\u0259 Ab\u015feron rayonunda ictimai n\u0259qliyyat\u0131n h\u0259r\u0259k\u0259ti dayand\u0131r\u0131l\u0131r. Bundan ba\u015fqa, \u201cX\u00fcsusi karantin rejimi il\u0259 ba\u011fl\u0131 \u0259lav\u0259 t\u0259dbirl\u0259r bar\u0259d\u0259\u201d q\u0259rara edilmi\u015f d\u0259yi\u015fikliy\u0259 \u0259sas\u0259n, G\u0259nc\u0259, Yevlax, Ming\u0259\u00e7evir, \u015eirvan \u015f\u0259h\u0259rl\u0259rind\u0259 v\u0259 G\u00f6yg\u00f6l, Samux, Sabirabad, A\u011fstafa rayonlar\u0131nda da 14 noyabr saat 00:00-dan&hellip;<\/p>\n","protected":false},"author":2,"featured_media":236269,"comment_status":"closed","ping_status":"closed","sticky":false,"template":"","format":"standard","meta":{"om_disable_all_campaigns":false,"_monsterinsights_skip_tracking":false,"_monsterinsights_sitenote_active":false,"_monsterinsights_sitenote_note":"","_monsterinsights_sitenote_category":0},"categories":[26],"tags":[],"aioseo_notices":[],"gutentor_comment":0,"rttpg_featured_image_url":{"full":["https:\/\/arantv.az\/wp-content\/uploads\/2020\/11\/neqliyyat.jpg",590,393,false],"landscape":["https:\/\/arantv.az\/wp-content\/uploads\/2020\/11\/neqliyyat.jpg",590,393,false],"portraits":["https:\/\/arantv.az\/wp-content\/uploads\/2020\/11\/neqliyyat.jpg",590,393,false],"thumbnail":["https:\/\/arantv.az\/wp-content\/uploads\/2020\/11\/neqliyyat-150x150.jpg",150,150,true],"medium":["https:\/\/arantv.az\/wp-content\/uploads\/2020\/11\/neqliyyat-300x200.jpg",300,200,true],"large":["https:\/\/arantv.az\/wp-content\/uploads\/2020\/11\/neqliyyat.jpg",590,393,false],"1536x1536":["https:\/\/arantv.az\/wp-content\/uploads\/2020\/11\/neqliyyat.jpg",590,393,false],"2048x2048":["https:\/\/arantv.az\/wp-content\/uploads\/2020\/11\/neqliyyat.jpg",590,393,false],"post-thumbnail":["https:\/\/arantv.az\/wp-content\/uploads\/2020\/11\/neqliyyat-240x172.jpg",240,172,true],"advps-thumb-one":["https:\/\/arantv.az\/wp-content\/uploads\/2020\/11\/neqliyyat.jpg",590,393,false]},"rttpg_author":{"display_name":"V\u00fcsal Rafiqo\u011flu","author_link":"https:\/\/arantv.az\/?author=2"},"rttpg_comment":0,"rttpg_category":"<a href=\"https:\/\/arantv.az\/?cat=26\" rel=\"category\">Sosial<\/a>","rttpg_excerpt":"Bu g\u00fcnd\u0259n noyabr\u0131n 16-d\u0259k Bak\u0131da v\u0259 daha bir ne\u00e7\u0259 \u015f\u0259h\u0259r-rayonda ictimai n\u0259qliyyat i\u015fl\u0259m\u0259y\u0259c\u0259k. S\u0259rtl\u0259\u015fdirilmi\u015f x\u00fcsusi karantin rejiminin t\u0259tbiq olundu\u011fu Bak\u0131, Sumqay\u0131t \u015f\u0259h\u0259rl\u0259ri v\u0259 Ab\u015feron rayonunda h\u0259ft\u0259sonu ictimai n\u0259qliyyat h\u0259ft\u0259sonu i\u015fl\u0259m\u0259y\u0259c\u0259k. Bu bar\u0259d\u0259 Nazirl\u0259r Kabineti yan\u0131nda Operativ Q\u0259rargah q\u0259rar q\u0259bul edib. Q\u0259rara \u0259sas\u0259n, 14 noyabr saat 00:00-dan 16 noyabr saat 06:00-d\u0259k Bak\u0131, Sumqay\u0131t \u015f\u0259h\u0259rl\u0259ri v\u0259 Ab\u015feron&hellip;","_links":{"self":[{"href":"https:\/\/arantv.az\/index.php?rest_route=\/wp\/v2\/posts\/236268"}],"collection":[{"href":"https:\/\/arantv.az\/index.php?rest_route=\/wp\/v2\/posts"}],"about":[{"href":"https:\/\/arantv.az\/index.php?rest_route=\/wp\/v2\/types\/post"}],"author":[{"embeddable":true,"href":"https:\/\/arantv.az\/index.php?rest_route=\/wp\/v2\/users\/2"}],"replies":[{"embeddable":true,"href":"https:\/\/arantv.az\/index.php?rest_route=%2Fwp%2Fv2%2Fcomments&post=236268"}],"version-history":[{"count":0,"href":"https:\/\/arantv.az\/index.php?rest_route=\/wp\/v2\/posts\/236268\/revisions"}],"wp:featuredmedia":[{"embeddable":true,"href":"https:\/\/arantv.az\/index.php?rest_route=\/wp\/v2\/media\/236269"}],"wp:attachment":[{"href":"https:\/\/arantv.az\/index.php?rest_route=%2Fwp%2Fv2%2Fmedia&parent=236268"}],"wp:term":[{"taxonomy":"category","embeddable":true,"href":"https:\/\/arantv.az\/index.php?rest_route=%2Fwp%2Fv2%2Fcategories&post=236268"},{"taxonomy":"post_tag","embeddable":true,"href":"https:\/\/arantv.az\/index.php?rest_route=%2Fwp%2Fv2%2Ftags&post=236268"}],"curies":[{"name":"wp","href":"https:\/\/api.w.org\/{rel}","templated":true}]}}