{"id":236312,"date":"2020-11-14T08:39:08","date_gmt":"2020-11-14T05:39:08","guid":{"rendered":"http:\/\/arantv.az\/?p=236312"},"modified":"2020-11-14T08:39:08","modified_gmt":"2020-11-14T05:39:08","slug":"samaxili-qazi-istirak-etdiyi-c%c9%99tin-doyusl%c9%99rd%c9%99n-danisir-video","status":"publish","type":"post","link":"https:\/\/arantv.az\/?p=236312","title":{"rendered":"\u015eamax\u0131l\u0131 qazi i\u015ftirak etdiyi \u00e7\u0259tin d\u00f6y\u00fc\u015fl\u0259rd\u0259n dan\u0131\u015f\u0131r &#8211; V\u0130DEO"},"content":{"rendered":"<article class=\"news\">\n<div class=\"news-inner\">\n<p>D\u00fc\u015fm\u0259n \u00fcz\u0259rind\u0259 m\u00fctl\u0259q qalibiyy\u0259t qazanan r\u0259\u015fad\u0259tli Az\u0259rbaycan ordusunun q\u0259hr\u0259man \u0259sg\u0259rl\u0259ri d\u00f6y\u00fc\u015fl\u0259rd\u0259 b\u00f6y\u00fck \u015f\u00fcca\u0259t g\u00f6st\u0259rdi. H\u0259r bir \u0259sg\u0259rimiz \u015f\u0259hidl\u0259rimizin qan\u0131n\u0131 ald\u0131. Onlardan b\u0259zil\u0259ri m\u00fcxt\u0259lif b\u0259d\u0259n x\u0259sar\u0259tl\u0259ri alaraq qazi oldu.<\/p>\n<p>V\u0259t\u0259n m\u00fcharib\u0259si ba\u015flayan vaxt \u201cV\u0259t\u0259n dardad\u0131r\u201d dey\u0259r\u0259k d\u00f6y\u00fc\u015fl\u0259r\u0259 k\u00f6n\u00fcll\u00fc qat\u0131lan y\u00fczl\u0259rl\u0259 o\u011fullar\u0131m\u0131zdan biri d\u0259 Mirm\u00f6vs\u00fcm Eynalovdur.<\/p>\n<p>C\u0259bh\u0259d\u0259 \u00f6z \u015f\u00fcca\u0259ti il\u0259 d\u00fc\u015fm\u0259n q\u00fcvv\u0259l\u0259rin\u0259 a\u011f\u0131r z\u0259rb\u0259 vuran qazimiz \u00f6z\u00fc d\u0259 d\u00f6y\u00fc\u015fl\u0259rd\u0259 a\u011f\u0131r yaralan\u0131b. O, aya\u011f\u0131ndan v\u0259 ba\u015f nahiy\u0259sind\u0259n yaralansa da, bu g\u00fcn yen\u0259 V\u0259t\u0259n \u00fc\u00e7\u00fcn can\u0131ndan ke\u00e7m\u0259y\u0259 haz\u0131r oldu\u011funu deyir.<\/p>\n<div id=\"AdviadNativeVideo0\" class=\"AdviadNativeVideo\"><\/div>\n<p>Qazimizin qohum \u0259qr\u0259basi onunla q\u00fcrur duydu\u011funu, yenilm\u0259z ordumuzun Ali Ba\u015f Komandan\u0131 \u0130lham \u018fliyevin yan\u0131nda olduqlar\u0131n\u0131 bildirirl\u0259r.<\/p>\n<p>\u0130ndi h\u0259r k\u0259s bu q\u0259hr\u0259man\u0131 g\u00f6rm\u0259k \u00fc\u00e7\u00fcn onlar\u0131n evin\u0259 ziyar\u0259t\u0259 g\u0259lir, q\u0259hr\u0259man\u0131m\u0131z\u0131n ke\u00e7diyi u\u011furlu d\u00f6y\u00fc\u015f yolunu el\u0259 onun \u00f6z dild\u0259n e\u015fidirl\u0259r.<\/p>\n<p>Mirm\u00f6vs\u00fcm\u00fcn ail\u0259si d\u0259 indi bu sevinci, torpaqlar\u0131m\u0131z\u0131n d\u00fc\u015fm\u0259n tapda\u011f\u0131ndan qurtulmas\u0131n\u0131 b\u00f6y\u00fck co\u015fqu il\u0259 ya\u015fay\u0131r.<\/p>\n<div><iframe loading=\"lazy\" src=\"https:\/\/player.baku.tv\/embed\/28109\" width=\"560\" height=\"315\" frameborder=\"0\" allowfullscreen=\"allowfullscreen\" data-mce-fragment=\"1\"><\/iframe><\/div>\n<\/div>\n<\/article>\n<h2 class=\"news-share-title\"><\/h2>\n","protected":false},"excerpt":{"rendered":"<p>D\u00fc\u015fm\u0259n \u00fcz\u0259rind\u0259 m\u00fctl\u0259q qalibiyy\u0259t qazanan r\u0259\u015fad\u0259tli Az\u0259rbaycan ordusunun q\u0259hr\u0259man \u0259sg\u0259rl\u0259ri d\u00f6y\u00fc\u015fl\u0259rd\u0259 b\u00f6y\u00fck \u015f\u00fcca\u0259t g\u00f6st\u0259rdi. H\u0259r bir \u0259sg\u0259rimiz \u015f\u0259hidl\u0259rimizin qan\u0131n\u0131 ald\u0131. Onlardan b\u0259zil\u0259ri m\u00fcxt\u0259lif b\u0259d\u0259n x\u0259sar\u0259tl\u0259ri alaraq qazi oldu. V\u0259t\u0259n m\u00fcharib\u0259si ba\u015flayan vaxt \u201cV\u0259t\u0259n dardad\u0131r\u201d dey\u0259r\u0259k d\u00f6y\u00fc\u015fl\u0259r\u0259 k\u00f6n\u00fcll\u00fc qat\u0131lan y\u00fczl\u0259rl\u0259 o\u011fullar\u0131m\u0131zdan biri d\u0259 Mirm\u00f6vs\u00fcm Eynalovdur. C\u0259bh\u0259d\u0259 \u00f6z \u015f\u00fcca\u0259ti il\u0259 d\u00fc\u015fm\u0259n q\u00fcvv\u0259l\u0259rin\u0259 a\u011f\u0131r z\u0259rb\u0259 vuran qazimiz \u00f6z\u00fc d\u0259 d\u00f6y\u00fc\u015fl\u0259rd\u0259 a\u011f\u0131r yaralan\u0131b. O, aya\u011f\u0131ndan v\u0259 ba\u015f nahiy\u0259sind\u0259n yaralansa da, bu g\u00fcn yen\u0259 V\u0259t\u0259n \u00fc\u00e7\u00fcn can\u0131ndan ke\u00e7m\u0259y\u0259 haz\u0131r oldu\u011funu deyir. Qazimizin qohum \u0259qr\u0259basi onunla q\u00fcrur duydu\u011funu, yenilm\u0259z ordumuzun Ali Ba\u015f Komandan\u0131 \u0130lham \u018fliyevin yan\u0131nda&hellip;<\/p>\n","protected":false},"author":2,"featured_media":236313,"comment_status":"closed","ping_status":"closed","sticky":false,"template":"","format":"standard","meta":{"om_disable_all_campaigns":false,"_monsterinsights_skip_tracking":false,"_monsterinsights_sitenote_active":false,"_monsterinsights_sitenote_note":"","_monsterinsights_sitenote_category":0},"categories":[26],"tags":[],"aioseo_notices":[],"gutentor_comment":0,"rttpg_featured_image_url":{"full":["https:\/\/arantv.az\/wp-content\/uploads\/2020\/11\/125259730_768789077186545_3651397188552671899_n.jpg",620,349,false],"landscape":["https:\/\/arantv.az\/wp-content\/uploads\/2020\/11\/125259730_768789077186545_3651397188552671899_n.jpg",620,349,false],"portraits":["https:\/\/arantv.az\/wp-content\/uploads\/2020\/11\/125259730_768789077186545_3651397188552671899_n.jpg",620,349,false],"thumbnail":["https:\/\/arantv.az\/wp-content\/uploads\/2020\/11\/125259730_768789077186545_3651397188552671899_n-150x150.jpg",150,150,true],"medium":["https:\/\/arantv.az\/wp-content\/uploads\/2020\/11\/125259730_768789077186545_3651397188552671899_n-300x169.jpg",300,169,true],"large":["https:\/\/arantv.az\/wp-content\/uploads\/2020\/11\/125259730_768789077186545_3651397188552671899_n.jpg",620,349,false],"1536x1536":["https:\/\/arantv.az\/wp-content\/uploads\/2020\/11\/125259730_768789077186545_3651397188552671899_n.jpg",620,349,false],"2048x2048":["https:\/\/arantv.az\/wp-content\/uploads\/2020\/11\/125259730_768789077186545_3651397188552671899_n.jpg",620,349,false],"post-thumbnail":["https:\/\/arantv.az\/wp-content\/uploads\/2020\/11\/125259730_768789077186545_3651397188552671899_n-240x172.jpg",240,172,true],"advps-thumb-one":["https:\/\/arantv.az\/wp-content\/uploads\/2020\/11\/125259730_768789077186545_3651397188552671899_n.jpg",620,349,false]},"rttpg_author":{"display_name":"V\u00fcsal Rafiqo\u011flu","author_link":"https:\/\/arantv.az\/?author=2"},"rttpg_comment":0,"rttpg_category":"<a href=\"https:\/\/arantv.az\/?cat=26\" rel=\"category\">Sosial<\/a>","rttpg_excerpt":"D\u00fc\u015fm\u0259n \u00fcz\u0259rind\u0259 m\u00fctl\u0259q qalibiyy\u0259t qazanan r\u0259\u015fad\u0259tli Az\u0259rbaycan ordusunun q\u0259hr\u0259man \u0259sg\u0259rl\u0259ri d\u00f6y\u00fc\u015fl\u0259rd\u0259 b\u00f6y\u00fck \u015f\u00fcca\u0259t g\u00f6st\u0259rdi. H\u0259r bir \u0259sg\u0259rimiz \u015f\u0259hidl\u0259rimizin qan\u0131n\u0131 ald\u0131. Onlardan b\u0259zil\u0259ri m\u00fcxt\u0259lif b\u0259d\u0259n x\u0259sar\u0259tl\u0259ri alaraq qazi oldu. V\u0259t\u0259n m\u00fcharib\u0259si ba\u015flayan vaxt \u201cV\u0259t\u0259n dardad\u0131r\u201d dey\u0259r\u0259k d\u00f6y\u00fc\u015fl\u0259r\u0259 k\u00f6n\u00fcll\u00fc qat\u0131lan y\u00fczl\u0259rl\u0259 o\u011fullar\u0131m\u0131zdan biri d\u0259 Mirm\u00f6vs\u00fcm Eynalovdur. C\u0259bh\u0259d\u0259 \u00f6z \u015f\u00fcca\u0259ti il\u0259 d\u00fc\u015fm\u0259n q\u00fcvv\u0259l\u0259rin\u0259 a\u011f\u0131r z\u0259rb\u0259 vuran qazimiz \u00f6z\u00fc&hellip;","_links":{"self":[{"href":"https:\/\/arantv.az\/index.php?rest_route=\/wp\/v2\/posts\/236312"}],"collection":[{"href":"https:\/\/arantv.az\/index.php?rest_route=\/wp\/v2\/posts"}],"about":[{"href":"https:\/\/arantv.az\/index.php?rest_route=\/wp\/v2\/types\/post"}],"author":[{"embeddable":true,"href":"https:\/\/arantv.az\/index.php?rest_route=\/wp\/v2\/users\/2"}],"replies":[{"embeddable":true,"href":"https:\/\/arantv.az\/index.php?rest_route=%2Fwp%2Fv2%2Fcomments&post=236312"}],"version-history":[{"count":0,"href":"https:\/\/arantv.az\/index.php?rest_route=\/wp\/v2\/posts\/236312\/revisions"}],"wp:featuredmedia":[{"embeddable":true,"href":"https:\/\/arantv.az\/index.php?rest_route=\/wp\/v2\/media\/236313"}],"wp:attachment":[{"href":"https:\/\/arantv.az\/index.php?rest_route=%2Fwp%2Fv2%2Fmedia&parent=236312"}],"wp:term":[{"taxonomy":"category","embeddable":true,"href":"https:\/\/arantv.az\/index.php?rest_route=%2Fwp%2Fv2%2Fcategories&post=236312"},{"taxonomy":"post_tag","embeddable":true,"href":"https:\/\/arantv.az\/index.php?rest_route=%2Fwp%2Fv2%2Ftags&post=236312"}],"curies":[{"name":"wp","href":"https:\/\/api.w.org\/{rel}","templated":true}]}}