{"id":236757,"date":"2020-11-15T11:36:17","date_gmt":"2020-11-15T08:36:17","guid":{"rendered":"http:\/\/arantv.az\/?p=236757"},"modified":"2020-11-15T11:36:17","modified_gmt":"2020-11-15T08:36:17","slug":"az%c9%99rbaycan-prezidenti-%c9%99n-dogru-zamanda-%c9%99n-dogru-q%c9%99rari-q%c9%99bul-etm%c9%99kl%c9%99-tarixi-q%c9%99l%c9%99b%c9%99ni-t%c9%99min-etdi","status":"publish","type":"post","link":"https:\/\/arantv.az\/?p=236757","title":{"rendered":"&#8220;Az\u0259rbaycan Prezidenti \u0259n do\u011fru zamanda \u0259n do\u011fru q\u0259rar\u0131 q\u0259bul etm\u0259kl\u0259 tarixi q\u0259l\u0259b\u0259ni t\u0259min etdi&#8221;"},"content":{"rendered":"<p>Az\u0259rbaycan m\u00fctl\u0259q bir q\u0259l\u0259b\u0259 \u0259ld\u0259 edib. Q\u0259l\u0259b\u0259nin miqyas\u0131 olduqca b\u00f6y\u00fckd\u00fcr. Bu q\u0259l\u0259b\u0259 b\u00fct\u00f6vl\u00fckd\u0259 Az\u0259rbaycan xalq\u0131n\u0131n yenid\u0259n do\u011fu\u015fu, tarixidir. Bu q\u0259l\u0259b\u0259 Erm\u0259nistan\u0131n kapitulyasiya akt\u0131na qeyd-\u015f\u0259rtsiz imza atmas\u0131 il\u0259 n\u0259tic\u0259l\u0259nib.<\/p>\n<p>ARANTV.AZ bildirir ki, bunu\u00a0<a href=\"http:\/\/az.trend.az\/\" target=\"_blank\" rel=\"noopener\">Trend<\/a>-\u0259\u00a0mill\u0259t v\u0259kili Hikm\u0259t Babao\u011flu deyib.<\/p>\n<p>Onun s\u00f6zl\u0259rin\u0259 g\u00f6r\u0259, \u0259ld\u0259 olunan b\u00f6y\u00fck tarixi q\u0259l\u0259b\u0259 b\u00fct\u00f6vl\u00fckd\u0259 regionumuzda yeni geostrateji reall\u0131q yaradacaq q\u0259d\u0259r b\u00f6y\u00fck q\u0259l\u0259b\u0259dir:<\/p>\n<p>&#8220;\u00c7ox m\u00fcr\u0259kk\u0259b tarixi m\u0259rh\u0259l\u0259d\u0259n ke\u00e7dik. 44 g\u00fcnl\u00fck m\u00fcharib\u0259 tarixind\u0259 h\u0259r hans\u0131 ki\u00e7ik s\u0259hv b\u00f6y\u00fck faci\u0259l\u0259r\u0259 s\u0259b\u0259b ola bil\u0259rdi. 30 il\u0259 q\u0259d\u0259r davam ed\u0259n dan\u0131\u015f\u0131qlar prosesind\u0259 Az\u0259rbaycan xalq\u0131n\u0131n s\u0259bri, d\u0259yan\u0259ti, d\u00f6z\u00fcm\u00fc s\u0131na\u011fa \u00e7\u0259kildi. Ancaq Ali Ba\u015f Komandan, Prezident \u0130lham \u018fliyev m\u00fcr\u0259kk\u0259b regionda bu q\u0259tiyy\u0259tli q\u0259rar\u0131 v\u0259 \u00e7ox m\u00fcr\u0259kk\u0259b prosesi diplomatiyan\u0131n v\u0259 siyas\u0259tin m\u00fcmk\u00fcn etdiyi \u0259n mahir inc\u0259likl\u0259 idar\u0259erm\u0259yi bacard\u0131. Q\u0259l\u0259b\u0259mizi diplomatik siyasi m\u00fcst\u0259vid\u0259 d\u0259 m\u00f6hk\u0259ml\u0259ndirdi. M\u00fcharib\u0259l\u0259ri ba\u015flatmaq b\u0259z\u0259n asan olur. Ancaq onu bitirm\u0259k v\u0259 m\u00fcharib\u0259d\u0259 \u0259ld\u0259 etdiyini ax\u0131ra q\u0259d\u0259r \u0259ld\u0259 saxlamaq b\u0259z\u0259n ondan da \u00e7\u0259tin olur. Biz 44 g\u00fcnl\u00fck prosesd\u0259 q\u0259l\u0259b\u0259ni t\u0259min ed\u0259c\u0259k b\u00fct\u00fcn komponentl\u0259rin ham\u0131s\u0131n\u0131n nec\u0259 ustal\u0131qla t\u0259min edildiyini g\u00f6rd\u00fck&#8221;.<\/p>\n<p>H.Babao\u011flu deyib ki, Az\u0259rbaycan Ordusu d\u00f6y\u00fc\u015f meydan\u0131nda q\u0259l\u0259b\u0259ni t\u0259min etdi v\u0259 bu q\u0259l\u0259b\u0259 siyasi diplomatik m\u00fcst\u0259vid\u0259 qorundu:<\/p>\n<p>&#8220;Az\u0259rbaycan Da\u011fl\u0131q Qaraba\u011f\u0131n incisi olan \u015eu\u015fa \u015f\u0259h\u0259rini, onun ard\u0131nca bir g\u00fcnd\u0259 70-d\u0259n art\u0131q k\u0259ndi, 8 strateji y\u00fcks\u0259kliyi azad etm\u0259kl\u0259 Erm\u0259nistan\u0131 diz \u00e7\u00f6kd\u00fcrd\u00fc v\u0259 kapitulyasiyaya m\u0259cbur etdi. Ali Ba\u015f Komandan, Prezident \u0130lham \u018fliyevin r\u0259hb\u0259rliyi il\u0259 Az\u0259rbaycan Ordusu can\u0131-qan\u0131 bahas\u0131na Erm\u0259nistan ordusunun m\u0259\u011flubedilm\u0259zliyi bar\u0259d\u0259 ill\u0259rdir formala\u015fd\u0131r\u0131lm\u0131\u015f mifi 44 g\u00fcn\u0259 da\u011f\u0131td\u0131. B\u00fct\u00fcn q\u00fcvv\u0259l\u0259ri Az\u0259rbaycan xalq\u0131n\u0131n irad\u0259si il\u0259 hesabla\u015fma\u011fa vadar etdi, Az\u0259rbaycan\u0131n \u0259razi b\u00fct\u00f6vl\u00fcy\u00fc b\u0259rpa olundu. Az\u0259rbaycan xalq\u0131 bu prosesd\u0259 bir daha s\u00fcbut etdi ki, \u00f6lk\u0259mizd\u0259 xalq-iqtidar birliyi oldu\u011fu t\u0259qdird\u0259 \u0259n \u00e7\u0259tin m\u0259s\u0259l\u0259l\u0259r bel\u0259 h\u0259ll olunur. Az\u0259rbaycan xalq\u0131 bu q\u0259l\u0259b\u0259 \u0259hval-ruhiyy\u0259sini b\u00f6y\u00fck co\u015fqu il\u0259 ya\u015fay\u0131r. Bu q\u0259l\u0259b\u0259 Az\u0259rbaycan xalq\u0131na, xalq da bu q\u0259l\u0259b\u0259y\u0259 layiqdir. \u00c7\u00fcnki Az\u0259rbaycan d\u00f6vl\u0259t\u00e7iliyi b\u00f6y\u00fck imtahanlardan ke\u00e7di. Az\u0259rbaycan Prezidenti \u0259n do\u011fru zamanda \u0259n do\u011fru q\u0259rar\u0131 q\u0259bul etm\u0259kl\u0259 xalq\u0131m\u0131z\u0131n tarixi q\u0259l\u0259b\u0259sini t\u0259min etdi. Diplomatik, siyasi v\u0259 h\u0259rbi m\u00fcst\u0259vid\u0259 \u0259ld\u0259 etdiyi q\u0259l\u0259b\u0259l\u0259rl\u0259 qalibiyy\u0259timizin simvoluna \u00e7evirildi! \u0130lham \u018fliyev Qaraba\u011f fatehi kimi ad\u0131n\u0131 h\u0259rbi-siyasi tariximiz\u0259 q\u0131z\u0131l h\u0259rfl\u0259rl\u0259 yazd\u0131rd\u0131 ! Son 200 illik tariximizd\u0259 ilk d\u0259f\u0259 torpaqlar\u0131m\u0131z\u0131 azad ed\u0259n m\u00fcz\u0259ff\u0259r s\u0259rk\u0259rd\u0259 oldu! 2020-ci il noyabr\u0131n iknici h\u0259ft\u0259si \u0259n yeni siyasi tariximiz\u0259 B\u00f6y\u00fck Z\u0259f\u0259rl\u0259r h\u0259ft\u0259si kimi yaz\u0131ld\u0131!&#8221;.<\/p>\n","protected":false},"excerpt":{"rendered":"<p>Az\u0259rbaycan m\u00fctl\u0259q bir q\u0259l\u0259b\u0259 \u0259ld\u0259 edib. Q\u0259l\u0259b\u0259nin miqyas\u0131 olduqca b\u00f6y\u00fckd\u00fcr. Bu q\u0259l\u0259b\u0259 b\u00fct\u00f6vl\u00fckd\u0259 Az\u0259rbaycan xalq\u0131n\u0131n yenid\u0259n do\u011fu\u015fu, tarixidir. Bu q\u0259l\u0259b\u0259 Erm\u0259nistan\u0131n kapitulyasiya akt\u0131na qeyd-\u015f\u0259rtsiz imza atmas\u0131 il\u0259 n\u0259tic\u0259l\u0259nib. ARANTV.AZ bildirir ki, bunu\u00a0Trend-\u0259\u00a0mill\u0259t v\u0259kili Hikm\u0259t Babao\u011flu deyib. Onun s\u00f6zl\u0259rin\u0259 g\u00f6r\u0259, \u0259ld\u0259 olunan b\u00f6y\u00fck tarixi q\u0259l\u0259b\u0259 b\u00fct\u00f6vl\u00fckd\u0259 regionumuzda yeni geostrateji reall\u0131q yaradacaq q\u0259d\u0259r b\u00f6y\u00fck q\u0259l\u0259b\u0259dir: &#8220;\u00c7ox m\u00fcr\u0259kk\u0259b tarixi m\u0259rh\u0259l\u0259d\u0259n ke\u00e7dik. 44 g\u00fcnl\u00fck m\u00fcharib\u0259 tarixind\u0259 h\u0259r hans\u0131 ki\u00e7ik s\u0259hv b\u00f6y\u00fck faci\u0259l\u0259r\u0259 s\u0259b\u0259b ola bil\u0259rdi. 30 il\u0259 q\u0259d\u0259r davam ed\u0259n dan\u0131\u015f\u0131qlar prosesind\u0259 Az\u0259rbaycan xalq\u0131n\u0131n s\u0259bri, d\u0259yan\u0259ti, d\u00f6z\u00fcm\u00fc s\u0131na\u011fa \u00e7\u0259kildi. Ancaq Ali Ba\u015f Komandan, Prezident&hellip;<\/p>\n","protected":false},"author":2,"featured_media":236758,"comment_status":"closed","ping_status":"closed","sticky":false,"template":"","format":"standard","meta":{"om_disable_all_campaigns":false,"_monsterinsights_skip_tracking":false,"_monsterinsights_sitenote_active":false,"_monsterinsights_sitenote_note":"","_monsterinsights_sitenote_category":0},"categories":[1],"tags":[],"aioseo_notices":[],"gutentor_comment":0,"rttpg_featured_image_url":{"full":["https:\/\/arantv.az\/wp-content\/uploads\/2020\/11\/897404.jpg",1000,561,false],"landscape":["https:\/\/arantv.az\/wp-content\/uploads\/2020\/11\/897404.jpg",1000,561,false],"portraits":["https:\/\/arantv.az\/wp-content\/uploads\/2020\/11\/897404.jpg",1000,561,false],"thumbnail":["https:\/\/arantv.az\/wp-content\/uploads\/2020\/11\/897404-150x150.jpg",150,150,true],"medium":["https:\/\/arantv.az\/wp-content\/uploads\/2020\/11\/897404-300x168.jpg",300,168,true],"large":["https:\/\/arantv.az\/wp-content\/uploads\/2020\/11\/897404.jpg",640,359,false],"1536x1536":["https:\/\/arantv.az\/wp-content\/uploads\/2020\/11\/897404.jpg",1000,561,false],"2048x2048":["https:\/\/arantv.az\/wp-content\/uploads\/2020\/11\/897404.jpg",1000,561,false],"post-thumbnail":["https:\/\/arantv.az\/wp-content\/uploads\/2020\/11\/897404-240x172.jpg",240,172,true],"advps-thumb-one":["https:\/\/arantv.az\/wp-content\/uploads\/2020\/11\/897404.jpg",1000,561,false]},"rttpg_author":{"display_name":"V\u00fcsal Rafiqo\u011flu","author_link":"https:\/\/arantv.az\/?author=2"},"rttpg_comment":0,"rttpg_category":"<a href=\"https:\/\/arantv.az\/?cat=1\" rel=\"category\">C\u0259miyy\u0259t<\/a>","rttpg_excerpt":"Az\u0259rbaycan m\u00fctl\u0259q bir q\u0259l\u0259b\u0259 \u0259ld\u0259 edib. Q\u0259l\u0259b\u0259nin miqyas\u0131 olduqca b\u00f6y\u00fckd\u00fcr. Bu q\u0259l\u0259b\u0259 b\u00fct\u00f6vl\u00fckd\u0259 Az\u0259rbaycan xalq\u0131n\u0131n yenid\u0259n do\u011fu\u015fu, tarixidir. Bu q\u0259l\u0259b\u0259 Erm\u0259nistan\u0131n kapitulyasiya akt\u0131na qeyd-\u015f\u0259rtsiz imza atmas\u0131 il\u0259 n\u0259tic\u0259l\u0259nib. ARANTV.AZ bildirir ki, bunu\u00a0Trend-\u0259\u00a0mill\u0259t v\u0259kili Hikm\u0259t Babao\u011flu deyib. Onun s\u00f6zl\u0259rin\u0259 g\u00f6r\u0259, \u0259ld\u0259 olunan b\u00f6y\u00fck tarixi q\u0259l\u0259b\u0259 b\u00fct\u00f6vl\u00fckd\u0259 regionumuzda yeni geostrateji reall\u0131q yaradacaq q\u0259d\u0259r b\u00f6y\u00fck q\u0259l\u0259b\u0259dir: &#8220;\u00c7ox m\u00fcr\u0259kk\u0259b&hellip;","_links":{"self":[{"href":"https:\/\/arantv.az\/index.php?rest_route=\/wp\/v2\/posts\/236757"}],"collection":[{"href":"https:\/\/arantv.az\/index.php?rest_route=\/wp\/v2\/posts"}],"about":[{"href":"https:\/\/arantv.az\/index.php?rest_route=\/wp\/v2\/types\/post"}],"author":[{"embeddable":true,"href":"https:\/\/arantv.az\/index.php?rest_route=\/wp\/v2\/users\/2"}],"replies":[{"embeddable":true,"href":"https:\/\/arantv.az\/index.php?rest_route=%2Fwp%2Fv2%2Fcomments&post=236757"}],"version-history":[{"count":0,"href":"https:\/\/arantv.az\/index.php?rest_route=\/wp\/v2\/posts\/236757\/revisions"}],"wp:featuredmedia":[{"embeddable":true,"href":"https:\/\/arantv.az\/index.php?rest_route=\/wp\/v2\/media\/236758"}],"wp:attachment":[{"href":"https:\/\/arantv.az\/index.php?rest_route=%2Fwp%2Fv2%2Fmedia&parent=236757"}],"wp:term":[{"taxonomy":"category","embeddable":true,"href":"https:\/\/arantv.az\/index.php?rest_route=%2Fwp%2Fv2%2Fcategories&post=236757"},{"taxonomy":"post_tag","embeddable":true,"href":"https:\/\/arantv.az\/index.php?rest_route=%2Fwp%2Fv2%2Ftags&post=236757"}],"curies":[{"name":"wp","href":"https:\/\/api.w.org\/{rel}","templated":true}]}}