{"id":236768,"date":"2020-11-15T12:30:43","date_gmt":"2020-11-15T09:30:43","guid":{"rendered":"http:\/\/arantv.az\/?p=236768"},"modified":"2020-11-15T12:30:43","modified_gmt":"2020-11-15T09:30:43","slug":"t%c9%99l%c9%99sik-yol-k%c9%99narlarindaki-agaclari-da-k%c9%99sib-masinlara-yukl%c9%99yirl%c9%99r-rusiyali-jurnalist-erm%c9%99nil%c9%99rin-barbarligindan-yazir","status":"publish","type":"post","link":"https:\/\/arantv.az\/?p=236768","title":{"rendered":"\u201cT\u0259l\u0259sik yol k\u0259narlar\u0131ndak\u0131 a\u011faclar\u0131 da k\u0259sib ma\u015f\u0131nlara y\u00fckl\u0259yirl\u0259r&#8230;\u201d &#8211; Rusiyali jurnalist erm\u0259nil\u0259rin barbarli\u011findan yazir"},"content":{"rendered":"<p><strong>Rusiya, Az\u0259rbaycan v\u0259 Erm\u0259nistan r\u0259hb\u0259rl\u0259ri aras\u0131nda \u0259ld\u0259 edilmi\u015f \u00fc\u015ft\u0259r\u0259fli raz\u0131la\u015fman\u0131n \u015f\u0259rtl\u0259rin\u0259 \u0259sas\u0259n K\u0259lb\u0259c\u0259r rayonu noyabr\u0131n 15-i, saat 00.00-dan etibar\u0259n Az\u0259rbaycan\u0131n n\u0259zar\u0259tind\u0259 olmal\u0131d\u0131r. H\u0259l\u0259lik M\u00fcdafi\u0259 Nazirliyind\u0259n v\u0259 dig\u0259r r\u0259smi strukturlardan bu bar\u0259d\u0259 r\u0259smi a\u00e7\u0131qlama verilm\u0259yib, amma xarici jurnalitl\u0259r gc\u0259 saatlar\u0131ndan bel\u0259 K\u0259lb\u0259c\u0259rd\u0259 vaxtil\u0259 qanunsuz m\u0259skunla\u015fm\u0131\u015f erm\u0259nil\u0259rin Erm\u0259nistana k\u00f6\u00e7\u00fcn\u00fcn davam etdiyini x\u0259b\u0259r verirdil\u0259r. V\u0259 bu torpaqlarda onill\u0259rdir qanunsuz ya\u015fad\u0131qlar\u0131, onun s\u0259rv\u0259tl\u0259rini talad\u0131qlar\u0131 yetmirmi\u015f kimi indi d\u0259 ged\u0259rk\u0259n \u0259ll\u0259rin\u0259 n\u0259 ke\u00e7di talay\u0131b apar\u0131rlar.<\/strong><\/p>\n<p><img src=\"https:\/\/i.virtualaz.org\/344692_src.jpg\" \/><\/p>\n<p>ARANTV.AZ Virtualaz.org-a istinad\u0259n\u00a0x\u0259b\u0259r verir ki, rusiyal\u0131 jurnalist Andrey Krasno\u015fekov d\u00fcn\u0259n gec\u0259d\u0259n etibar\u0259n Az\u0259rbaycan\u0131n n\u0259zar\u0259tin\u0259 verilm\u0259li olan \u0259razil\u0259rd\u0259n reportaj haz\u0131rlamaq \u00fc\u00e7\u00fcn Rusiya s\u00fclhm\u0259raml\u0131 q\u00fcvv\u0259l\u0259rinin m\u00fc\u015faiy\u0259ti il\u0259 K\u0259lb\u0259c\u0259r\u0259 daxil olub.<\/p>\n<p>&#8220;G\u00fcnd\u00fcz saatlar\u0131nda v\u0259 gec\u0259 qaranl\u0131\u011f\u0131nda da\u011f a\u015f\u0131r\u0131m\u0131 il\u0259 mebell\u0259rl\u0259, iri ba\u011flamalarla v\u0259 dig\u0259r ev \u0259\u015fyalar\u0131 il\u0259 y\u00fckl\u0259nmi\u015f sovet Z\u0130L-l\u0259ri h\u0259r\u0259k\u0259t edir. Onlar\u0131n ard\u0131nca Erm\u0259nistan ordusunun&#8221;KamAZ&#8221;lar\u0131 d\u00f6y\u00fc\u015fl\u0259rd\u0259 vurulub da\u011f\u0131d\u0131lm\u0131\u015f toplar\u0131 yed\u0259y\u0259 al\u0131b Vardenis\u0259 t\u0259r\u0259f apar\u0131r. K\u0259lb\u0259c\u0259rd\u0259n \u00fcz\u00fc o yana gec\u0259 qaranl\u0131\u011f\u0131nda y\u00fczl\u0259rl\u0259 ma\u015f\u0131n\u0131n faralar\u0131n\u0131n i\u015f\u0131qlar\u0131 g\u00f6r\u00fcn\u00fcr. Bunlar Qaraba\u011f torpaqlar\u0131n\u0131 h\u0259mi\u015f\u0259lik v\u0259 ya ola bilsin \u00e7ox uzun m\u00fcdd\u0259t\u0259 t\u0259rk ed\u0259nl\u0259rdir&#8221;,-jurnalist &#8220;Ridus&#8221; layih\u0259si \u00fc\u00e7\u00fcn reportaj\u0131nda yaz\u0131r.<\/p>\n<p>Krasno\u015fekov yaz\u0131r ki, erm\u0259nil\u0259r K\u0259lb\u0259c\u0259rd\u0259n y\u00fck ma\u015f\u0131nlar\u0131n\u0131n kuzovuna v\u0259 qo\u015fqular\u0131na yerl\u0259\u015f\u0259n n\u0259 varsa ham\u0131s\u0131n\u0131 da\u015f\u0131y\u0131r. &#8220;H\u0259tta yol boyu t\u0259l\u0259m-t\u0259l\u0259sik a\u011faclar\u0131 da k\u0259sib onsuz da a\u011fz\u0131na q\u0259d\u0259r y\u00fckl\u00fc olan ma\u015f\u0131nlar\u0131n kuzovuna y\u00fckl\u0259yirl\u0259r&#8221;,-o bildirir.<\/p>\n<p>Erik ad\u0131nda erm\u0259ni zabiti yol q\u0131ra\u011f\u0131ndak\u0131 kafenin qal\u0131qlar\u0131n\u0131 g\u00f6st\u0259rib k\u0259d\u0259rl\u0259nir, qaranl\u0131qda \u0259lini yell\u0259yib deyir ki, &#8220;onun evi v\u0259 verilib&#8221;.<\/p>\n<p>&#8220;M\u0259n ona qulaq as\u0131ram v\u0259 ba\u015f\u0131mda bel\u0259 fikirl\u0259r dola\u015f\u0131r: &#8220;ax\u0131 az\u0259rbaycanl\u0131lar\u0131 da bir vaxtlar qovmu\u015fdular&#8221;. Ax\u0131 onlar da \u00f6z evl\u0259rind\u0259n qovulark\u0259n bu yollarla getmi\u015fdil\u0259r. Bu n\u0259 b\u0259lad\u0131r ki, onllikl\u0259r sonra Karaba\u011fda yenid\u0259n d\u00f6vr edir?&#8221;,-jurnalist qeyd edir.<\/p>\n<p>Krasno\u015fekov daha sonra yol boyu artilleriya z\u0259rb\u0259l\u0259rind\u0259n da\u011f\u0131lm\u0131\u015f h\u0259rbi ma\u015f\u0131nlar\u0131n qal\u0131qlar\u0131n\u0131, yol k\u0259narlar\u0131nda erm\u0259nil\u0259rin K\u0259lb\u0259c\u0259ri t\u0259rk ed\u0259rk\u0259n da\u011f\u0131d\u0131b getdikl\u0259ri kafel\u0259ri, k\u0259ndl\u0259rd\u0259 alov b\u00fcr\u00fcy\u0259n evl\u0259ri t\u0259svir edir.<\/p>\n<p><img src=\"https:\/\/telegraf.com.ua\/files\/2020\/11\/1605381214_125481525_711219782850908_1130681105601557360_n_1.jpg\" \/><\/p>\n<p>&#8220;Bu yolla sonuncu d\u0259f\u0259 gedir\u0259m. \u018flb\u0259td\u0259, biz bilirdik ki, m\u00fcharib\u0259 qa\u00e7\u0131lmazd\u0131r, amma g\u00f6zl\u0259mirdik ki, bu tezlikl\u0259 ba\u015flayar&#8221;,-K\u0259lb\u0259c\u0259rin i\u015f\u011fal\u0131ndan sonra orada az\u0259rbaycanl\u0131lardan birinin evini z\u0259bt edib orada ya\u015fam\u0131\u015f v\u0259 indi \u00e7\u0131x\u0131b r\u0259dd olan Arut adl\u0131 s\u00fcr\u00fcc\u00fc deyir.<\/p>\n<p>Krasno\u015fekov qeyd edir ki, K\u0259lb\u0259c\u0259rd\u0259n Erm\u0259nistan istiqam\u0259tin\u0259 ged\u0259n yol boyu Rusiya s\u00fclhm\u0259raml\u0131lar\u0131 \u00f6z postlar\u0131n\u0131 qururlar.<\/p>\n<p>Xat\u0131rladaq ki, K\u0259lb\u0259c\u0259r rayonu 1993-c\u00fc ilin aprelind\u0259 Erm\u0259nistan t\u0259r\u0259find\u0259n i\u015f\u011fal edilib. Erm\u0259nistan ordusu K\u0259lb\u0259c\u0259ri i\u015f\u011fal ed\u0259rk\u0259n \u00e7oxsayl\u0131 dinc sakinl\u0259ri q\u0259tl\u0259 yetirib, qad\u0131nlar\u0131, q\u0131zlar\u0131 \u0259sir g\u00f6t\u00fcr\u00fcb, hans\u0131 ki, onlar\u0131n bir \u00e7oxunun taleyi h\u0259l\u0259 d\u0259 m\u0259lum deyil. \u0130\u015f\u011fal\u00e7\u0131lar rayonun k\u0259ndl\u0259rini, K\u0259lb\u0259c\u0259r \u015f\u0259h\u0259rini d\u0259 talay\u0131b yand\u0131rm\u0131\u015fd\u0131lar.<\/p>\n<p><img src=\"https:\/\/1905.az\/wp-content\/uploads\/2017\/11\/17.-Biz-qay%C4%B1daca%C4%9F%C4%B1q.-K%C9%99lb%C9%99c%C9%99r-1993-c%C3%BC-il.jpg\" \/><\/p>\n<p>Daha sonra Erm\u0259nistan bu \u0259razil\u0259rd\u0259 qanunsuz m\u0259skunla\u015fma h\u0259yata ke\u00e7irm\u0259y\u0259 v\u0259 K\u0259lb\u0259c\u0259rin yeralt\u0131 s\u0259rv\u0259tl\u0259rini talama\u011fa ba\u015flad\u0131. \u0130kinci Qaraba\u011f m\u00fcharib\u0259si ba\u015flayana q\u0259d\u0259r K\u0259lb\u0259c\u0259rd\u0259 3500-\u0259 yax\u0131n erm\u0259ninin qanunsuz ya\u015fad\u0131\u011f\u0131 bildirilirdi.<\/p>\n<p>&nbsp;<\/p>\n","protected":false},"excerpt":{"rendered":"<p>Rusiya, Az\u0259rbaycan v\u0259 Erm\u0259nistan r\u0259hb\u0259rl\u0259ri aras\u0131nda \u0259ld\u0259 edilmi\u015f \u00fc\u015ft\u0259r\u0259fli raz\u0131la\u015fman\u0131n \u015f\u0259rtl\u0259rin\u0259 \u0259sas\u0259n K\u0259lb\u0259c\u0259r rayonu noyabr\u0131n 15-i, saat 00.00-dan etibar\u0259n Az\u0259rbaycan\u0131n n\u0259zar\u0259tind\u0259 olmal\u0131d\u0131r. H\u0259l\u0259lik M\u00fcdafi\u0259 Nazirliyind\u0259n v\u0259 dig\u0259r r\u0259smi strukturlardan bu bar\u0259d\u0259 r\u0259smi a\u00e7\u0131qlama verilm\u0259yib, amma xarici jurnalitl\u0259r gc\u0259 saatlar\u0131ndan bel\u0259 K\u0259lb\u0259c\u0259rd\u0259 vaxtil\u0259 qanunsuz m\u0259skunla\u015fm\u0131\u015f erm\u0259nil\u0259rin Erm\u0259nistana k\u00f6\u00e7\u00fcn\u00fcn davam etdiyini x\u0259b\u0259r verirdil\u0259r. V\u0259 bu torpaqlarda onill\u0259rdir qanunsuz ya\u015fad\u0131qlar\u0131, onun s\u0259rv\u0259tl\u0259rini talad\u0131qlar\u0131 yetmirmi\u015f kimi indi d\u0259 ged\u0259rk\u0259n \u0259ll\u0259rin\u0259 n\u0259 ke\u00e7di talay\u0131b apar\u0131rlar. ARANTV.AZ Virtualaz.org-a istinad\u0259n\u00a0x\u0259b\u0259r verir ki, rusiyal\u0131 jurnalist Andrey Krasno\u015fekov d\u00fcn\u0259n gec\u0259d\u0259n etibar\u0259n Az\u0259rbaycan\u0131n n\u0259zar\u0259tin\u0259 verilm\u0259li olan \u0259razil\u0259rd\u0259n reportaj haz\u0131rlamaq \u00fc\u00e7\u00fcn&hellip;<\/p>\n","protected":false},"author":2,"featured_media":236769,"comment_status":"closed","ping_status":"closed","sticky":false,"template":"","format":"standard","meta":{"om_disable_all_campaigns":false,"_monsterinsights_skip_tracking":false,"_monsterinsights_sitenote_active":false,"_monsterinsights_sitenote_note":"","_monsterinsights_sitenote_category":0},"categories":[19],"tags":[],"aioseo_notices":[],"gutentor_comment":0,"rttpg_featured_image_url":{"full":["https:\/\/arantv.az\/wp-content\/uploads\/2020\/11\/897412.jpg",649,548,false],"landscape":["https:\/\/arantv.az\/wp-content\/uploads\/2020\/11\/897412.jpg",649,548,false],"portraits":["https:\/\/arantv.az\/wp-content\/uploads\/2020\/11\/897412.jpg",649,548,false],"thumbnail":["https:\/\/arantv.az\/wp-content\/uploads\/2020\/11\/897412-150x150.jpg",150,150,true],"medium":["https:\/\/arantv.az\/wp-content\/uploads\/2020\/11\/897412-300x253.jpg",300,253,true],"large":["https:\/\/arantv.az\/wp-content\/uploads\/2020\/11\/897412.jpg",640,540,false],"1536x1536":["https:\/\/arantv.az\/wp-content\/uploads\/2020\/11\/897412.jpg",649,548,false],"2048x2048":["https:\/\/arantv.az\/wp-content\/uploads\/2020\/11\/897412.jpg",649,548,false],"post-thumbnail":["https:\/\/arantv.az\/wp-content\/uploads\/2020\/11\/897412-240x172.jpg",240,172,true],"advps-thumb-one":["https:\/\/arantv.az\/wp-content\/uploads\/2020\/11\/897412.jpg",649,548,false]},"rttpg_author":{"display_name":"V\u00fcsal Rafiqo\u011flu","author_link":"https:\/\/arantv.az\/?author=2"},"rttpg_comment":0,"rttpg_category":"<a href=\"https:\/\/arantv.az\/?cat=19\" rel=\"category\">G\u00fcnd\u0259m<\/a>","rttpg_excerpt":"Rusiya, Az\u0259rbaycan v\u0259 Erm\u0259nistan r\u0259hb\u0259rl\u0259ri aras\u0131nda \u0259ld\u0259 edilmi\u015f \u00fc\u015ft\u0259r\u0259fli raz\u0131la\u015fman\u0131n \u015f\u0259rtl\u0259rin\u0259 \u0259sas\u0259n K\u0259lb\u0259c\u0259r rayonu noyabr\u0131n 15-i, saat 00.00-dan etibar\u0259n Az\u0259rbaycan\u0131n n\u0259zar\u0259tind\u0259 olmal\u0131d\u0131r. H\u0259l\u0259lik M\u00fcdafi\u0259 Nazirliyind\u0259n v\u0259 dig\u0259r r\u0259smi strukturlardan bu bar\u0259d\u0259 r\u0259smi a\u00e7\u0131qlama verilm\u0259yib, amma xarici jurnalitl\u0259r gc\u0259 saatlar\u0131ndan bel\u0259 K\u0259lb\u0259c\u0259rd\u0259 vaxtil\u0259 qanunsuz m\u0259skunla\u015fm\u0131\u015f erm\u0259nil\u0259rin Erm\u0259nistana k\u00f6\u00e7\u00fcn\u00fcn davam etdiyini x\u0259b\u0259r verirdil\u0259r. V\u0259 bu torpaqlarda onill\u0259rdir&hellip;","_links":{"self":[{"href":"https:\/\/arantv.az\/index.php?rest_route=\/wp\/v2\/posts\/236768"}],"collection":[{"href":"https:\/\/arantv.az\/index.php?rest_route=\/wp\/v2\/posts"}],"about":[{"href":"https:\/\/arantv.az\/index.php?rest_route=\/wp\/v2\/types\/post"}],"author":[{"embeddable":true,"href":"https:\/\/arantv.az\/index.php?rest_route=\/wp\/v2\/users\/2"}],"replies":[{"embeddable":true,"href":"https:\/\/arantv.az\/index.php?rest_route=%2Fwp%2Fv2%2Fcomments&post=236768"}],"version-history":[{"count":0,"href":"https:\/\/arantv.az\/index.php?rest_route=\/wp\/v2\/posts\/236768\/revisions"}],"wp:featuredmedia":[{"embeddable":true,"href":"https:\/\/arantv.az\/index.php?rest_route=\/wp\/v2\/media\/236769"}],"wp:attachment":[{"href":"https:\/\/arantv.az\/index.php?rest_route=%2Fwp%2Fv2%2Fmedia&parent=236768"}],"wp:term":[{"taxonomy":"category","embeddable":true,"href":"https:\/\/arantv.az\/index.php?rest_route=%2Fwp%2Fv2%2Fcategories&post=236768"},{"taxonomy":"post_tag","embeddable":true,"href":"https:\/\/arantv.az\/index.php?rest_route=%2Fwp%2Fv2%2Ftags&post=236768"}],"curies":[{"name":"wp","href":"https:\/\/api.w.org\/{rel}","templated":true}]}}