{"id":236780,"date":"2020-11-15T12:36:45","date_gmt":"2020-11-15T09:36:45","guid":{"rendered":"http:\/\/arantv.az\/?p=236780"},"modified":"2020-11-15T12:36:45","modified_gmt":"2020-11-15T09:36:45","slug":"sabuncuda-bibisini-oldur%c9%99n-g%c9%99ncin-isi-il%c9%99-bagli-yeni-x%c9%99b%c9%99r","status":"publish","type":"post","link":"https:\/\/arantv.az\/?p=236780","title":{"rendered":"Sabun\u00e7uda bibisini \u00f6ld\u00fcr\u0259n g\u0259ncin i\u015fi il\u0259 ba\u011fl\u0131 YEN\u0130 X\u018fB\u018fR"},"content":{"rendered":"<p><strong>Bak\u0131n\u0131n Sabun\u00e7u rayonunda bibisini \u00f6ld\u00fcrm\u0259kd\u0259 t\u0259qsirli bilin\u0259n 1991-ci il t\u0259v\u0259ll\u00fcdl\u00fc Orxan Allahverdiyevin bar\u0259sind\u0259 bir ne\u00e7\u0259 madd\u0259 il\u0259 ittiham elan edilib.<\/strong><\/p>\n<p>ARANTV.AZ Teleqraf.com-a istinas\u0259n bildirir ki, Sabun\u00e7u rayon Prokurorlu\u011funda istintaq\u0131 apar\u0131lan Orxan Allahverdiyev\u0259 Cinay\u0259t M\u0259c\u0259ll\u0259sinin 120.2.4-c\u00fc (x\u00fcsusi amans\u0131zl\u0131qla v\u0259 ya \u00fcmumi t\u0259hl\u00fck\u0259li \u00fcsulla adam \u00f6ld\u00fcrm\u0259), 120.2.9-cu (t\u0259qsirkar \u015f\u0259xs \u00fc\u00e7\u00fcn a\u015fkar sur\u0259td\u0259 k\u00f6m\u0259ksiz v\u0259ziyy\u0259td\u0259 olan adam\u0131 \u00f6ld\u00fcrm\u0259, habel\u0259 adam o\u011furlu\u011fu v\u0259 ya girov g\u00f6t\u00fcr\u00fclm\u0259si il\u0259 ba\u011fl\u0131 adam \u00f6ld\u00fcrm\u0259), 120.2.11-ci (quldurluq, h\u0259d\u0259-qorxu il\u0259 t\u0259l\u0259b etm\u0259, terror\u00e7uluq v\u0259 ya banditizml\u0259 \u0259laq\u0259dar adam \u00f6ld\u00fcrm\u0259) v\u0259 181.3.3-c\u00fc (z\u0259r\u0259r\u00e7\u0259kmi\u015f \u015f\u0259xsin sa\u011flaml\u0131\u011f\u0131na a\u011f\u0131r z\u0259r\u0259r vurulmaqla d\u0259l\u0259duzluq t\u00f6r\u0259tm\u0259k) madd\u0259l\u0259ri il\u0259 ittiham elan edilib.<\/p>\n<p>\u0130stintaq orqan\u0131 t\u0259r\u0259find\u0259n Orxan Allahverdiyevin bar\u0259sind\u0259 se\u00e7ilmi\u015f h\u0259bs q\u0259timkan t\u0259dbirinin uzad\u0131lmas\u0131 il\u0259 ba\u011fl\u0131 Sabun\u00e7u rayon M\u0259hk\u0259m\u0259sin\u0259 v\u0259sat\u0259t verilib.<\/p>\n<p>Hakim \u018f\u015fir S\u0259m\u0259dovun s\u0259drliyi il\u0259 ba\u015f tutan iclasda istintaq orqan\u0131n\u0131 v\u0259sat\u0259ti t\u0259min olunub.<\/p>\n<p>Orxan Allahverdiyevin bar\u0259sind\u0259 se\u00e7ilmi\u015f h\u0259bs q\u0259timkan t\u0259dbirinin m\u00fcdd\u0259ti daha 2 aya q\u0259d\u0259r uzad\u0131l\u0131b.<\/p>\n<p>Qeyd ed\u0259k ki, bu ilin iyulunda Orxan Allahverdiyevin bar\u0259sind\u0259 4 ay m\u00fcdd\u0259tin\u0259 h\u0259bs q\u0259timkan t\u0259dbiri se\u00e7ilmi\u015fdi.<\/p>\n<p>\u0130ttihama g\u00f6r\u0259, bu ilin iyulun 17-d\u0259 saat 17 rad\u0259l\u0259rind\u0259 Sabun\u00e7u rayonu \u0259razisind\u0259 1958-ci il t\u0259v\u0259ll\u00fcdl\u00fc Af\u0259t Allahverdiyevan\u0131n ya\u015fad\u0131\u011f\u0131 evd\u0259 \u00fcz\u0259rind\u0259 zorak\u0131l\u0131q \u0259lam\u0259tl\u0259ri olan meyiti a\u015fkar olunub.<\/p>\n<p>Prokurorluq v\u0259 polis \u0259m\u0259kda\u015flar\u0131 t\u0259r\u0259find\u0259n h\u0259yata ke\u00e7irilmi\u015f istintaq h\u0259r\u0259k\u0259tl\u0259ri v\u0259 \u0259m\u0259liyyat-axtar\u0131\u015f t\u0259dbirl\u0259ri n\u0259tic\u0259sind\u0259 1991-ci il t\u0259v\u0259ll\u00fcdl\u00fc Orxan Allahverdiyevin birlikd\u0259 ya\u015fad\u0131\u011f\u0131 bibisi Af\u0259t Allahverdiyevan\u0131 \u015f\u0259xsi m\u00fcnasib\u0259tl\u0259r z\u0259minind\u0259 m\u00fcnaqi\u015f\u0259 n\u0259tic\u0259sind\u0259 k\u00fct al\u0259tl\u0259 ba\u015f v\u0259 b\u0259d\u0259ninin m\u00fcxt\u0259lif nahiy\u0259l\u0259rin\u0259 \u00e7oxsayl\u0131 x\u0259sar\u0259tl\u0259r yetirib \u00f6ld\u00fcrm\u0259sin\u0259 \u0259sasl\u0131 \u015f\u00fcbh\u0259l\u0259r m\u00fc\u0259yy\u0259n edilib.<\/p>\n<p>Orxan Allahverdiyev \u015f\u00fcbh\u0259li \u015f\u0259xs qismind\u0259 tutularaq istintaqa c\u0259lb edilib.<\/p>\n<p>Sabun\u00e7u rayon Prokurorlu\u011funda istintaq davam edir.<\/p>\n","protected":false},"excerpt":{"rendered":"<p>Bak\u0131n\u0131n Sabun\u00e7u rayonunda bibisini \u00f6ld\u00fcrm\u0259kd\u0259 t\u0259qsirli bilin\u0259n 1991-ci il t\u0259v\u0259ll\u00fcdl\u00fc Orxan Allahverdiyevin bar\u0259sind\u0259 bir ne\u00e7\u0259 madd\u0259 il\u0259 ittiham elan edilib. ARANTV.AZ Teleqraf.com-a istinas\u0259n bildirir ki, Sabun\u00e7u rayon Prokurorlu\u011funda istintaq\u0131 apar\u0131lan Orxan Allahverdiyev\u0259 Cinay\u0259t M\u0259c\u0259ll\u0259sinin 120.2.4-c\u00fc (x\u00fcsusi amans\u0131zl\u0131qla v\u0259 ya \u00fcmumi t\u0259hl\u00fck\u0259li \u00fcsulla adam \u00f6ld\u00fcrm\u0259), 120.2.9-cu (t\u0259qsirkar \u015f\u0259xs \u00fc\u00e7\u00fcn a\u015fkar sur\u0259td\u0259 k\u00f6m\u0259ksiz v\u0259ziyy\u0259td\u0259 olan adam\u0131 \u00f6ld\u00fcrm\u0259, habel\u0259 adam o\u011furlu\u011fu v\u0259 ya girov g\u00f6t\u00fcr\u00fclm\u0259si il\u0259 ba\u011fl\u0131 adam \u00f6ld\u00fcrm\u0259), 120.2.11-ci (quldurluq, h\u0259d\u0259-qorxu il\u0259 t\u0259l\u0259b etm\u0259, terror\u00e7uluq v\u0259 ya banditizml\u0259 \u0259laq\u0259dar adam \u00f6ld\u00fcrm\u0259) v\u0259 181.3.3-c\u00fc (z\u0259r\u0259r\u00e7\u0259kmi\u015f \u015f\u0259xsin sa\u011flaml\u0131\u011f\u0131na a\u011f\u0131r z\u0259r\u0259r vurulmaqla d\u0259l\u0259duzluq t\u00f6r\u0259tm\u0259k) madd\u0259l\u0259ri&hellip;<\/p>\n","protected":false},"author":2,"featured_media":236781,"comment_status":"closed","ping_status":"closed","sticky":false,"template":"","format":"standard","meta":{"om_disable_all_campaigns":false,"_monsterinsights_skip_tracking":false,"_monsterinsights_sitenote_active":false,"_monsterinsights_sitenote_note":"","_monsterinsights_sitenote_category":0},"categories":[3],"tags":[],"aioseo_notices":[],"gutentor_comment":0,"rttpg_featured_image_url":{"full":["https:\/\/arantv.az\/wp-content\/uploads\/2020\/11\/897415.jpg",1200,666,false],"landscape":["https:\/\/arantv.az\/wp-content\/uploads\/2020\/11\/897415.jpg",1200,666,false],"portraits":["https:\/\/arantv.az\/wp-content\/uploads\/2020\/11\/897415.jpg",1200,666,false],"thumbnail":["https:\/\/arantv.az\/wp-content\/uploads\/2020\/11\/897415-150x150.jpg",150,150,true],"medium":["https:\/\/arantv.az\/wp-content\/uploads\/2020\/11\/897415-300x167.jpg",300,167,true],"large":["https:\/\/arantv.az\/wp-content\/uploads\/2020\/11\/897415-1024x568.jpg",640,355,true],"1536x1536":["https:\/\/arantv.az\/wp-content\/uploads\/2020\/11\/897415.jpg",1200,666,false],"2048x2048":["https:\/\/arantv.az\/wp-content\/uploads\/2020\/11\/897415.jpg",1200,666,false],"post-thumbnail":["https:\/\/arantv.az\/wp-content\/uploads\/2020\/11\/897415-240x172.jpg",240,172,true],"advps-thumb-one":["https:\/\/arantv.az\/wp-content\/uploads\/2020\/11\/897415-1200x620.jpg",1200,620,true]},"rttpg_author":{"display_name":"V\u00fcsal Rafiqo\u011flu","author_link":"https:\/\/arantv.az\/?author=2"},"rttpg_comment":0,"rttpg_category":"<a href=\"https:\/\/arantv.az\/?cat=3\" rel=\"category\">Kriminal<\/a>","rttpg_excerpt":"Bak\u0131n\u0131n Sabun\u00e7u rayonunda bibisini \u00f6ld\u00fcrm\u0259kd\u0259 t\u0259qsirli bilin\u0259n 1991-ci il t\u0259v\u0259ll\u00fcdl\u00fc Orxan Allahverdiyevin bar\u0259sind\u0259 bir ne\u00e7\u0259 madd\u0259 il\u0259 ittiham elan edilib. ARANTV.AZ Teleqraf.com-a istinas\u0259n bildirir ki, Sabun\u00e7u rayon Prokurorlu\u011funda istintaq\u0131 apar\u0131lan Orxan Allahverdiyev\u0259 Cinay\u0259t M\u0259c\u0259ll\u0259sinin 120.2.4-c\u00fc (x\u00fcsusi amans\u0131zl\u0131qla v\u0259 ya \u00fcmumi t\u0259hl\u00fck\u0259li \u00fcsulla adam \u00f6ld\u00fcrm\u0259), 120.2.9-cu (t\u0259qsirkar \u015f\u0259xs \u00fc\u00e7\u00fcn a\u015fkar sur\u0259td\u0259 k\u00f6m\u0259ksiz v\u0259ziyy\u0259td\u0259 olan adam\u0131 \u00f6ld\u00fcrm\u0259,&hellip;","_links":{"self":[{"href":"https:\/\/arantv.az\/index.php?rest_route=\/wp\/v2\/posts\/236780"}],"collection":[{"href":"https:\/\/arantv.az\/index.php?rest_route=\/wp\/v2\/posts"}],"about":[{"href":"https:\/\/arantv.az\/index.php?rest_route=\/wp\/v2\/types\/post"}],"author":[{"embeddable":true,"href":"https:\/\/arantv.az\/index.php?rest_route=\/wp\/v2\/users\/2"}],"replies":[{"embeddable":true,"href":"https:\/\/arantv.az\/index.php?rest_route=%2Fwp%2Fv2%2Fcomments&post=236780"}],"version-history":[{"count":0,"href":"https:\/\/arantv.az\/index.php?rest_route=\/wp\/v2\/posts\/236780\/revisions"}],"wp:featuredmedia":[{"embeddable":true,"href":"https:\/\/arantv.az\/index.php?rest_route=\/wp\/v2\/media\/236781"}],"wp:attachment":[{"href":"https:\/\/arantv.az\/index.php?rest_route=%2Fwp%2Fv2%2Fmedia&parent=236780"}],"wp:term":[{"taxonomy":"category","embeddable":true,"href":"https:\/\/arantv.az\/index.php?rest_route=%2Fwp%2Fv2%2Fcategories&post=236780"},{"taxonomy":"post_tag","embeddable":true,"href":"https:\/\/arantv.az\/index.php?rest_route=%2Fwp%2Fv2%2Ftags&post=236780"}],"curies":[{"name":"wp","href":"https:\/\/api.w.org\/{rel}","templated":true}]}}