{"id":236784,"date":"2020-11-15T12:51:28","date_gmt":"2020-11-15T09:51:28","guid":{"rendered":"http:\/\/arantv.az\/?p=236784"},"modified":"2020-11-15T12:51:28","modified_gmt":"2020-11-15T09:51:28","slug":"qacqinkomdan-m%c9%99cburi-kockunl%c9%99rin-kocurulm%c9%99si-il%c9%99-bagli-aciqlama","status":"publish","type":"post","link":"https:\/\/arantv.az\/?p=236784","title":{"rendered":"\u201cQa\u00e7q\u0131nkom\u201ddan m\u0259cburi k\u00f6\u00e7k\u00fcnl\u0259rin k\u00f6\u00e7\u00fcr\u00fclm\u0259si il\u0259 ba\u011fl\u0131 A\u00c7IQLAMA"},"content":{"rendered":"<p>Az\u0259rbaycan Respublikas\u0131n\u0131n Prezidenti, M\u00fcz\u0259ff\u0259r Ali Ba\u015f Komandan \u0130lham \u018fliyevin r\u0259hb\u0259rliyi il\u0259 r\u0259\u015fad\u0259tli ordumuzun v\u0259t\u0259n torpaqlar\u0131n\u0131 i\u015f\u011faldan azad etm\u0259si, otuz il\u0259 yax\u0131nd\u0131r did\u0259rginlik h\u0259yat\u0131 ya\u015fayan m\u0259cburi k\u00f6\u00e7k\u00fcnl\u0259rin do\u011fma yurda qaytar\u0131lmas\u0131na imkan yarad\u0131b.<\/p>\n<p>Az\u0259rbaycan Respublikas\u0131 Qa\u00e7q\u0131nlar\u0131n v\u0259 M\u0259cburi K\u00f6\u00e7k\u00fcnl\u0259rin \u0130\u015fl\u0259ri \u00fczr\u0259 D\u00f6vl\u0259t Komit\u0259sind\u0259n ARANTV.AZ-a veril\u0259n m\u0259lumata g\u00f6r\u0259, bununla \u0259laq\u0259dar komit\u0259nin s\u0259dr m\u00fcavini Fuad H\u00fcseynovun m\u0259cburi k\u00f6\u00e7k\u00fcnl\u0259rin \u00f6z torpaqlar\u0131na k\u00f6n\u00fcll\u00fcl\u00fck \u0259sas\u0131nda qaytar\u0131laca\u011f\u0131 bar\u0259d\u0259 s\u00f6yl\u0259diyi fikir yanl\u0131\u015f anla\u015f\u0131l\u0131b v\u0259 ictimai m\u00fczakir\u0259y\u0259 s\u0259b\u0259b olub. Halbuki, a\u00e7\u0131qlamada m\u0259cburi k\u00f6\u00e7k\u00fcn soyda\u015flar\u0131m\u0131z\u0131n m\u00fctl\u0259q \u0259ks\u0259riyy\u0259tinin \u00f6z do\u011fma torpaqlar\u0131na qay\u0131tmaq \u0259zmind\u0259 oldu\u011fu vur\u011fulanaraq, onlar\u0131n t\u0259hl\u00fck\u0259siz v\u0259 l\u0259yaq\u0259tli \u015f\u0259kild\u0259 qay\u0131d\u0131\u015f\u0131n\u0131n m\u0259cburi k\u00f6\u00e7k\u00fcnl\u0259rin \u00f6zl\u0259ri t\u0259r\u0259find\u0259n arzu olunan yegan\u0259 se\u00e7im oldu\u011fu diqq\u0259t\u0259 \u00e7atd\u0131r\u0131l\u0131b.<\/p>\n<p>D\u00f6vl\u0259timizin ba\u015f\u00e7\u0131s\u0131n\u0131n d\u0259f\u0259l\u0259rl\u0259 b\u0259yan etdiyi kimi, m\u0259cburi k\u00f6\u00e7k\u00fcnl\u0259rin \u00f6z do\u011fma torpaqlar\u0131na, \u0259srl\u0259rboyu xalq\u0131m\u0131z\u0131n ya\u015fad\u0131\u011f\u0131 \u0259razil\u0259r\u0259 geri qaytar\u0131lmas\u0131 t\u0259cav\u00fczkar v\u0259 i\u015f\u011fal\u00e7\u0131 Erm\u0259nistana qar\u015f\u0131 apar\u0131lan m\u00fcbariz\u0259nin v\u0259 \u0259ld\u0259 olunan m\u00f6ht\u0259\u015f\u0259m q\u0259l\u0259b\u0259nin \u0259sas m\u0259qs\u0259dl\u0259rind\u0259ndir. M\u0259hz buna g\u00f6r\u0259 d\u0259 m\u0259cburi k\u00f6\u00e7k\u00fcnl\u0259r \u00f6z do\u011fma yurdlar\u0131na qay\u0131tmaq ist\u0259yirl\u0259r v\u0259 onlar bunu \u00f6lk\u0259 r\u0259hb\u0259rliyin\u0259, el\u0259c\u0259 d\u0259 D\u00f6vl\u0259t Komit\u0259sin\u0259 son d\u00f6vrl\u0259rd\u0259 y\u00fczl\u0259rl\u0259 edil\u0259n m\u00fcraci\u0259tl\u0259rind\u0259 n\u0259inki qay\u0131tmaq, h\u0259m\u00e7inin i\u015f\u011faldan azad olunmu\u015f torpaqlar\u0131m\u0131zda quruculuq i\u015fl\u0259rind\u0259 f\u0259al i\u015ftirak etm\u0259k \u0259zmind\u0259 olduqlar\u0131n\u0131 daim bildirirl\u0259r.<\/p>\n<p>Haz\u0131rda m\u0259cburi k\u00f6\u00e7k\u00fcnl\u0259r respublikam\u0131z\u0131n \u0259razisind\u0259 m\u00fcxt\u0259lif yerl\u0259rd\u0259 m\u00fcv\u0259qq\u0259ti m\u0259skunla\u015f\u0131blar. O c\u00fcml\u0259d\u0259n 300 mind\u0259n art\u0131q m\u0259cburi k\u00f6\u00e7k\u00fcn onlar \u00fc\u00e7\u00fcn sal\u0131nm\u0131\u015f q\u0259s\u0259b\u0259l\u0259rd\u0259 x\u00fcsusi t\u0259yinatl\u0131 d\u00f6vl\u0259t m\u0259nzil fonduna m\u0259xsus ya\u015fay\u0131\u015f sah\u0259l\u0259rind\u0259 yerl\u0259\u015fdirilib.<\/p>\n<p>Prezident \u0130lham \u018fliyev bu g\u00fcnl\u0259rd\u0259 1 sayl\u0131 Kliniki Tibbi M\u0259rk\u0259zd\u0259 m\u00fcalic\u0259 olunan h\u0259rb\u00e7il\u0259rl\u0259 g\u00f6r\u00fc\u015f\u0259rk\u0259n deyib: &#8220;\u018fziz ke\u00e7mi\u015f k\u00f6\u00e7k\u00fcnl\u0259r, siz art\u0131q k\u00f6\u00e7k\u00fcn deyilsiniz. M\u0259n onlara bizim bu q\u0259hr\u0259man \u0259sg\u0259r v\u0259 zabitl\u0259rimizin h\u00fczurunda m\u00fcraci\u0259t ed\u0259r\u0259k deyir\u0259m: Siz k\u00f6\u00e7k\u00fcn deyilsiniz, siz qay\u0131d\u0131rs\u0131n\u0131z. Biz sizi qaytaraca\u011f\u0131q. Bax, burada oturanlar, bizim minl\u0259rl\u0259 \u0259sg\u0259r v\u0259 zabitl\u0259rimiz sizi \u00f6z do\u011fma d\u0259d\u0259-baba torpaqlar\u0131n\u0131za qaytar\u0131rlar. Biz Az\u0259rbaycan d\u00f6vl\u0259ti is\u0259 \u0259limizd\u0259n g\u0259l\u0259ni ed\u0259c\u0259yik ki, sizi tezlikl\u0259 qaytaraq&#8221;.<\/p>\n<p>Xalq\u0131m\u0131z\u0131n q\u0259hr\u0259man \u00f6vladlar\u0131n\u0131n qan\u0131 bahas\u0131na i\u015f\u011faldan azad edilmi\u015f torpaqlara qay\u0131tmaq, bu m\u00fcq\u0259dd\u0259s torpaqlar\u0131 dir\u00e7\u0259ltm\u0259k, canland\u0131rmaq, o yerl\u0259rd\u0259 yeni evl\u0259r tik\u0259r\u0259k, t\u0259s\u0259rr\u00fcfat yaradaraq daimi m\u0259skunla\u015fmaq m\u0259cburi k\u00f6\u00e7k\u00fcn h\u0259mv\u0259t\u0259nl\u0259rimizin m\u0259n\u0259vi borcu, v\u0259t\u0259n\u0259 v\u0259 \u00fcmumxalq d\u0259y\u0259rl\u0259rin\u0259 sadiqliyinin t\u0259c\u0259ss\u00fcm\u00fc kimi d\u0259y\u0259rl\u0259ndirilm\u0259lidir.<\/p>\n","protected":false},"excerpt":{"rendered":"<p>Az\u0259rbaycan Respublikas\u0131n\u0131n Prezidenti, M\u00fcz\u0259ff\u0259r Ali Ba\u015f Komandan \u0130lham \u018fliyevin r\u0259hb\u0259rliyi il\u0259 r\u0259\u015fad\u0259tli ordumuzun v\u0259t\u0259n torpaqlar\u0131n\u0131 i\u015f\u011faldan azad etm\u0259si, otuz il\u0259 yax\u0131nd\u0131r did\u0259rginlik h\u0259yat\u0131 ya\u015fayan m\u0259cburi k\u00f6\u00e7k\u00fcnl\u0259rin do\u011fma yurda qaytar\u0131lmas\u0131na imkan yarad\u0131b. Az\u0259rbaycan Respublikas\u0131 Qa\u00e7q\u0131nlar\u0131n v\u0259 M\u0259cburi K\u00f6\u00e7k\u00fcnl\u0259rin \u0130\u015fl\u0259ri \u00fczr\u0259 D\u00f6vl\u0259t Komit\u0259sind\u0259n ARANTV.AZ-a veril\u0259n m\u0259lumata g\u00f6r\u0259, bununla \u0259laq\u0259dar komit\u0259nin s\u0259dr m\u00fcavini Fuad H\u00fcseynovun m\u0259cburi k\u00f6\u00e7k\u00fcnl\u0259rin \u00f6z torpaqlar\u0131na k\u00f6n\u00fcll\u00fcl\u00fck \u0259sas\u0131nda qaytar\u0131laca\u011f\u0131 bar\u0259d\u0259 s\u00f6yl\u0259diyi fikir yanl\u0131\u015f anla\u015f\u0131l\u0131b v\u0259 ictimai m\u00fczakir\u0259y\u0259 s\u0259b\u0259b olub. Halbuki, a\u00e7\u0131qlamada m\u0259cburi k\u00f6\u00e7k\u00fcn soyda\u015flar\u0131m\u0131z\u0131n m\u00fctl\u0259q \u0259ks\u0259riyy\u0259tinin \u00f6z do\u011fma torpaqlar\u0131na qay\u0131tmaq \u0259zmind\u0259 oldu\u011fu vur\u011fulanaraq, onlar\u0131n t\u0259hl\u00fck\u0259siz v\u0259 l\u0259yaq\u0259tli \u015f\u0259kild\u0259 qay\u0131d\u0131\u015f\u0131n\u0131n m\u0259cburi&hellip;<\/p>\n","protected":false},"author":2,"featured_media":236785,"comment_status":"closed","ping_status":"closed","sticky":false,"template":"","format":"standard","meta":{"om_disable_all_campaigns":false,"_monsterinsights_skip_tracking":false,"_monsterinsights_sitenote_active":false,"_monsterinsights_sitenote_note":"","_monsterinsights_sitenote_category":0},"categories":[19],"tags":[],"aioseo_notices":[],"gutentor_comment":0,"rttpg_featured_image_url":{"full":["https:\/\/arantv.az\/wp-content\/uploads\/2020\/11\/897418.jpg",600,450,false],"landscape":["https:\/\/arantv.az\/wp-content\/uploads\/2020\/11\/897418.jpg",600,450,false],"portraits":["https:\/\/arantv.az\/wp-content\/uploads\/2020\/11\/897418.jpg",600,450,false],"thumbnail":["https:\/\/arantv.az\/wp-content\/uploads\/2020\/11\/897418-150x150.jpg",150,150,true],"medium":["https:\/\/arantv.az\/wp-content\/uploads\/2020\/11\/897418-300x225.jpg",300,225,true],"large":["https:\/\/arantv.az\/wp-content\/uploads\/2020\/11\/897418.jpg",600,450,false],"1536x1536":["https:\/\/arantv.az\/wp-content\/uploads\/2020\/11\/897418.jpg",600,450,false],"2048x2048":["https:\/\/arantv.az\/wp-content\/uploads\/2020\/11\/897418.jpg",600,450,false],"post-thumbnail":["https:\/\/arantv.az\/wp-content\/uploads\/2020\/11\/897418-240x172.jpg",240,172,true],"advps-thumb-one":["https:\/\/arantv.az\/wp-content\/uploads\/2020\/11\/897418.jpg",600,450,false]},"rttpg_author":{"display_name":"V\u00fcsal Rafiqo\u011flu","author_link":"https:\/\/arantv.az\/?author=2"},"rttpg_comment":0,"rttpg_category":"<a href=\"https:\/\/arantv.az\/?cat=19\" rel=\"category\">G\u00fcnd\u0259m<\/a>","rttpg_excerpt":"Az\u0259rbaycan Respublikas\u0131n\u0131n Prezidenti, M\u00fcz\u0259ff\u0259r Ali Ba\u015f Komandan \u0130lham \u018fliyevin r\u0259hb\u0259rliyi il\u0259 r\u0259\u015fad\u0259tli ordumuzun v\u0259t\u0259n torpaqlar\u0131n\u0131 i\u015f\u011faldan azad etm\u0259si, otuz il\u0259 yax\u0131nd\u0131r did\u0259rginlik h\u0259yat\u0131 ya\u015fayan m\u0259cburi k\u00f6\u00e7k\u00fcnl\u0259rin do\u011fma yurda qaytar\u0131lmas\u0131na imkan yarad\u0131b. Az\u0259rbaycan Respublikas\u0131 Qa\u00e7q\u0131nlar\u0131n v\u0259 M\u0259cburi K\u00f6\u00e7k\u00fcnl\u0259rin \u0130\u015fl\u0259ri \u00fczr\u0259 D\u00f6vl\u0259t Komit\u0259sind\u0259n ARANTV.AZ-a veril\u0259n m\u0259lumata g\u00f6r\u0259, bununla \u0259laq\u0259dar komit\u0259nin s\u0259dr m\u00fcavini Fuad H\u00fcseynovun m\u0259cburi k\u00f6\u00e7k\u00fcnl\u0259rin \u00f6z&hellip;","_links":{"self":[{"href":"https:\/\/arantv.az\/index.php?rest_route=\/wp\/v2\/posts\/236784"}],"collection":[{"href":"https:\/\/arantv.az\/index.php?rest_route=\/wp\/v2\/posts"}],"about":[{"href":"https:\/\/arantv.az\/index.php?rest_route=\/wp\/v2\/types\/post"}],"author":[{"embeddable":true,"href":"https:\/\/arantv.az\/index.php?rest_route=\/wp\/v2\/users\/2"}],"replies":[{"embeddable":true,"href":"https:\/\/arantv.az\/index.php?rest_route=%2Fwp%2Fv2%2Fcomments&post=236784"}],"version-history":[{"count":0,"href":"https:\/\/arantv.az\/index.php?rest_route=\/wp\/v2\/posts\/236784\/revisions"}],"wp:featuredmedia":[{"embeddable":true,"href":"https:\/\/arantv.az\/index.php?rest_route=\/wp\/v2\/media\/236785"}],"wp:attachment":[{"href":"https:\/\/arantv.az\/index.php?rest_route=%2Fwp%2Fv2%2Fmedia&parent=236784"}],"wp:term":[{"taxonomy":"category","embeddable":true,"href":"https:\/\/arantv.az\/index.php?rest_route=%2Fwp%2Fv2%2Fcategories&post=236784"},{"taxonomy":"post_tag","embeddable":true,"href":"https:\/\/arantv.az\/index.php?rest_route=%2Fwp%2Fv2%2Ftags&post=236784"}],"curies":[{"name":"wp","href":"https:\/\/api.w.org\/{rel}","templated":true}]}}