{"id":236788,"date":"2020-11-15T12:52:25","date_gmt":"2020-11-15T09:52:25","guid":{"rendered":"http:\/\/arantv.az\/?p=236788"},"modified":"2020-11-15T12:52:25","modified_gmt":"2020-11-15T09:52:25","slug":"k%c9%99lb%c9%99c%c9%99r-sakini-usaqligimiz-m%c9%99nfur-dusm%c9%99nl%c9%99rimiz-isgalciliq-siyas%c9%99ti-n%c9%99tic%c9%99sind%c9%99-m%c9%99hv-olub","status":"publish","type":"post","link":"https:\/\/arantv.az\/?p=236788","title":{"rendered":"K\u0259lb\u0259c\u0259r sakini: \u201cU\u015faql\u0131\u011f\u0131m\u0131z m\u0259nfur d\u00fc\u015fm\u0259nl\u0259rimiz i\u015f\u011fal\u00e7\u0131l\u0131q siyas\u0259ti n\u0259tic\u0259sind\u0259 m\u0259hv olub\u201d"},"content":{"rendered":"<p>Bu g\u00fcn K\u0259lb\u0259c\u0259rin 27 illik i\u015f\u011fal\u0131na son qoyulur.<\/p>\n<p>Bununla da K\u0259lb\u0259c\u0259rd\u0259n olan on minl\u0259rl\u0259 m\u0259cburi k\u00f6\u00e7k\u00fcn\u00fcn yurd h\u0259sr\u0259ti, yurd nisgili ba\u015fa \u00e7at\u0131r. K\u0259lb\u0259c\u0259r sakinl\u0259ri \u00f6z yurdlar\u0131na d\u00f6n\u0259c\u0259kl\u0259ri g\u00fcn\u00fc s\u0259birsizlikl\u0259 g\u00f6zl\u0259yirl\u0259r.<\/p>\n<p>1993-c\u00fc ilin aprelind\u0259 Erm\u0259nistan silahl\u0131 q\u00fcvv\u0259l\u0259rinin h\u0259rbi t\u0259cav\u00fcz\u00fc il\u0259 \u00fczl\u0259\u015fmi\u015f dinc sakinl\u0259r ata-baba yurdlar\u0131n\u0131 t\u0259rk etm\u0259y\u0259 m\u0259cbur olsalar da, 27 il sonra Az\u0259rbaycan Ordusunun ke\u00e7irdiyi u\u011furlu h\u0259rbi \u0259m\u0259liyyatlar, ikinci Qaraba\u011f m\u00fcharib\u0259sind\u0259ki z\u0259f\u0259rl\u0259 Erm\u0259nistan r\u0259hb\u0259rliyini noyabr\u0131n 10-da s\u00fclz sazi\u015fin\u0259 m\u0259cbur\u0259n imza atmas\u0131, i\u015f\u011fal\u00e7\u0131 qo\u015funlar\u0131n\u0131 K\u0259lb\u0259c\u0259rd\u0259n \u00e7\u0131xarmas\u0131 onlar\u0131 yenid\u0259n K\u0259lb\u0259c\u0259r\u0259 qovu\u015fdurdu.<\/p>\n<p>Report-un Q\u0259rb M\u0259rk\u0259zinin \u00e7\u0259kili\u015f qrupu 27 il sonra \u00f6z ata-baba yurdlar\u0131na d\u00f6nm\u0259y\u0259 haz\u0131rla\u015fan, G\u0259nc\u0259 \u015f\u0259h\u0259rind\u0259 m\u0259skunla\u015fm\u0131\u015f k\u0259lb\u0259c\u0259rli ail\u0259l\u0259rd\u0259n biri il\u0259 h\u0259ms\u00f6hb\u0259t olub.<\/p>\n<p>Ail\u0259 ba\u015f\u00e7\u0131s\u0131 Polad Salahov onillikl\u0259rdir yurd h\u0259sr\u0259ti il\u0259 ya\u015fad\u0131qlar\u0131n\u0131 vur\u011fulay\u0131b:<\/p>\n<p>\u201cBiz 1993-c\u00fc ild\u0259 K\u0259lb\u0259c\u0259ri erm\u0259nil\u0259rin t\u0259cav\u00fczkar h\u0259r\u0259k\u0259tl\u0259ri ucbat\u0131ndan m\u0259cburi sur\u0259td\u0259 t\u0259rk etmi\u015fik. \u015e\u00fck\u00fcr Allaha, d\u00f6vl\u0259t biz\u0259 h\u0259r \u015f\u0259raiti t\u0259\u015fkil edib. Ancaq bu vaxta q\u0259d\u0259r torpaq h\u0259sr\u0259ti, yurd h\u0259sr\u0259ti bizi rahat buraxmay\u0131b, s\u0131zlad\u0131b. Art\u0131q biz m\u0259cburi k\u00f6\u00e7k\u00fcn deyilik, tezlikl\u0259 torpaqlar\u0131m\u0131za qay\u0131daca\u011f\u0131q\u201d.<\/p>\n<p>K\u0259lb\u0259c\u0259r sakini Xal\u0259ddin Ta\u011f\u0131yev d\u0259 s\u0259birsizlikl\u0259 tezlikl\u0259 \u00f6z k\u0259ndin\u0259 qay\u0131daca\u011f\u0131 g\u00fcn\u00fc g\u00f6zl\u0259yir:<\/p>\n<p>\u201cK\u0259lb\u0259c\u0259rin Ba\u015fl\u0131bel k\u0259ndind\u0259 anadan olmu\u015fam. T\u0259\u0259ss\u00fcf ki, u\u015faql\u0131\u011f\u0131m\u0131z m\u0259nfur d\u00fc\u015fm\u0259nl\u0259rimiz i\u015f\u011fal\u00e7\u0131l\u0131q siyas\u0259ti n\u0259tic\u0259sind\u0259 m\u0259hv olub. K\u0259lb\u0259c\u0259ri h\u0259l\u0259 10 ya\u015f\u0131mda t\u0259rk etmi\u015f\u0259m, amma ora bu g\u00fcn\u0259 kimi yadda\u015f\u0131mdad\u0131r. \u015e\u00fck\u00fcr ki, ba\u015fda Ali Ba\u015f Komandan olmaqla m\u00fcz\u0259ff\u0259r Az\u0259rbaycan ordusu torpaqlar\u0131m\u0131z\u0131 ya\u011f\u0131 d\u00fc\u015fm\u0259nd\u0259n azad etdi\u201d.<\/p>\n<p>1993-c\u00fc ilin aprelind\u0259 erm\u0259nil\u0259rin h\u0259rbi t\u0259cav\u00fcz\u00fc n\u0259tic\u0259sind\u0259 K\u0259lb\u0259c\u0259ri t\u0259rk etm\u0259y\u0259 m\u0259cbur olmu\u015f S\u0259kin\u0259 Salahovan\u0131n da sevincinin h\u0259ddi, h\u00fcdudu yoxdur:<\/p>\n<p>\u201cO q\u0259d\u0259r sevincliyik ki&#8230;K\u0259lb\u0259c\u0259rd\u0259 g\u00f6z\u0259l g\u00fcnl\u0259rimiz \u00e7ox olub. M\u0259nz\u0259r\u0259li yaylaqlar\u0131m\u0131z, lal\u0259li, g\u00fcll\u00fc-\u00e7i\u00e7\u0259kli bostanlar\u0131m\u0131z, ba\u011flar\u0131m\u0131z vard\u0131. Bak\u0131dan, dig\u0259r \u015f\u0259h\u0259r v\u0259 rayonlardan K\u0259lb\u0259c\u0259r\u0259 istirah\u0259t\u0259 g\u0259lirdil\u0259r. Allah Prezidentimizi, ordumuzu qorusun. \u015e\u00fck\u00fcr ki, ill\u0259r sonra bu sevinci Allah biz\u0259 ya\u015fatd\u0131\u201d.<\/p>\n<p>Xat\u0131rladaq ki, K\u0259lb\u0259c\u0259r rayonu 1993-c\u00fc il aprelin 2-d\u0259 Erm\u0259nistan silahl\u0131 q\u00fcvv\u0259l\u0259ri t\u0259r\u0259find\u0259n i\u015f\u011fal olunub. \u0130\u015f\u011fal n\u0259tic\u0259sind\u0259 53 min 340 n\u0259f\u0259r \u00f6z yurdundan did\u0259rgin d\u00fc\u015f\u00fcb, 55 h\u0259rb\u00e7i, 511 sakin q\u0259tl\u0259 yetirilib, 321 n\u0259f\u0259r is\u0259 \u0259sir g\u00f6t\u00fcr\u00fcl\u00fcb v\u0259 itkin d\u00fc\u015f\u00fcb, minl\u0259rl\u0259 sakin yaralan\u0131b.<\/p>\n<p>K\u0259lb\u0259c\u0259rin 71 000-d\u0259n \u00e7ox \u0259halisi m\u0259cburi k\u00f6\u00e7k\u00fcn kimi Az\u0259rbaycan\u0131n dig\u0259r ya\u015fay\u0131\u015f m\u0259nt\u0259q\u0259l\u0259rind\u0259 m\u0259skunla\u015f\u0131b.<\/p>\n<p>Az\u0259rbaycan Ordusunun sentyabr\u0131n 27-d\u0259 \u0259ks-h\u00fccum \u0259m\u0259liyyat\u0131 il\u0259 ba\u015flad\u0131\u011f\u0131 m\u00fcharib\u0259d\u0259ki u\u011furlu h\u0259rbi \u0259m\u0259liyyatlar n\u0259tic\u0259sind\u0259, \u00f6lk\u0259 Prezidenti \u0130lham \u018fliyevin, Erm\u0259nistan\u0131n ba\u015f naziri Nikol Pa\u015finyan\u0131n v\u0259 Rusiya Federasiyas\u0131n\u0131n Prezidenti Vladimir Putinin noyabr\u0131n 10-da imzalad\u0131qlar\u0131 b\u0259yanat\u0131n 6-c\u0131 b\u0259ndin\u0259 \u0259sas\u0259n Erm\u0259nistan i\u015f\u011fal etdiyi K\u0259lb\u0259c\u0259r rayonunu bu g\u00fcn Az\u0259rbaycana qaytar\u0131r.<\/p>\n","protected":false},"excerpt":{"rendered":"<p>Bu g\u00fcn K\u0259lb\u0259c\u0259rin 27 illik i\u015f\u011fal\u0131na son qoyulur. Bununla da K\u0259lb\u0259c\u0259rd\u0259n olan on minl\u0259rl\u0259 m\u0259cburi k\u00f6\u00e7k\u00fcn\u00fcn yurd h\u0259sr\u0259ti, yurd nisgili ba\u015fa \u00e7at\u0131r. K\u0259lb\u0259c\u0259r sakinl\u0259ri \u00f6z yurdlar\u0131na d\u00f6n\u0259c\u0259kl\u0259ri g\u00fcn\u00fc s\u0259birsizlikl\u0259 g\u00f6zl\u0259yirl\u0259r. 1993-c\u00fc ilin aprelind\u0259 Erm\u0259nistan silahl\u0131 q\u00fcvv\u0259l\u0259rinin h\u0259rbi t\u0259cav\u00fcz\u00fc il\u0259 \u00fczl\u0259\u015fmi\u015f dinc sakinl\u0259r ata-baba yurdlar\u0131n\u0131 t\u0259rk etm\u0259y\u0259 m\u0259cbur olsalar da, 27 il sonra Az\u0259rbaycan Ordusunun ke\u00e7irdiyi u\u011furlu h\u0259rbi \u0259m\u0259liyyatlar, ikinci Qaraba\u011f m\u00fcharib\u0259sind\u0259ki z\u0259f\u0259rl\u0259 Erm\u0259nistan r\u0259hb\u0259rliyini noyabr\u0131n 10-da s\u00fclz sazi\u015fin\u0259 m\u0259cbur\u0259n imza atmas\u0131, i\u015f\u011fal\u00e7\u0131 qo\u015funlar\u0131n\u0131 K\u0259lb\u0259c\u0259rd\u0259n \u00e7\u0131xarmas\u0131 onlar\u0131 yenid\u0259n K\u0259lb\u0259c\u0259r\u0259 qovu\u015fdurdu. Report-un Q\u0259rb M\u0259rk\u0259zinin \u00e7\u0259kili\u015f qrupu 27 il sonra \u00f6z ata-baba yurdlar\u0131na&hellip;<\/p>\n","protected":false},"author":2,"featured_media":236789,"comment_status":"closed","ping_status":"closed","sticky":false,"template":"","format":"standard","meta":{"om_disable_all_campaigns":false,"_monsterinsights_skip_tracking":false,"_monsterinsights_sitenote_active":false,"_monsterinsights_sitenote_note":"","_monsterinsights_sitenote_category":0},"categories":[2],"tags":[],"aioseo_notices":[],"gutentor_comment":0,"rttpg_featured_image_url":{"full":["https:\/\/arantv.az\/wp-content\/uploads\/2020\/11\/k\u00c9_lb\u00c9_c\u00c9_r1.jpg",620,413,false],"landscape":["https:\/\/arantv.az\/wp-content\/uploads\/2020\/11\/k\u00c9_lb\u00c9_c\u00c9_r1.jpg",620,413,false],"portraits":["https:\/\/arantv.az\/wp-content\/uploads\/2020\/11\/k\u00c9_lb\u00c9_c\u00c9_r1.jpg",620,413,false],"thumbnail":["https:\/\/arantv.az\/wp-content\/uploads\/2020\/11\/k\u00c9_lb\u00c9_c\u00c9_r1-150x150.jpg",150,150,true],"medium":["https:\/\/arantv.az\/wp-content\/uploads\/2020\/11\/k\u00c9_lb\u00c9_c\u00c9_r1-300x200.jpg",300,200,true],"large":["https:\/\/arantv.az\/wp-content\/uploads\/2020\/11\/k\u00c9_lb\u00c9_c\u00c9_r1.jpg",620,413,false],"1536x1536":["https:\/\/arantv.az\/wp-content\/uploads\/2020\/11\/k\u00c9_lb\u00c9_c\u00c9_r1.jpg",620,413,false],"2048x2048":["https:\/\/arantv.az\/wp-content\/uploads\/2020\/11\/k\u00c9_lb\u00c9_c\u00c9_r1.jpg",620,413,false],"post-thumbnail":["https:\/\/arantv.az\/wp-content\/uploads\/2020\/11\/k\u00c9_lb\u00c9_c\u00c9_r1-240x172.jpg",240,172,true],"advps-thumb-one":["https:\/\/arantv.az\/wp-content\/uploads\/2020\/11\/k\u00c9_lb\u00c9_c\u00c9_r1.jpg",620,413,false]},"rttpg_author":{"display_name":"V\u00fcsal Rafiqo\u011flu","author_link":"https:\/\/arantv.az\/?author=2"},"rttpg_comment":0,"rttpg_category":"<a href=\"https:\/\/arantv.az\/?cat=2\" rel=\"category\">Region X\u0259b\u0259rl\u0259ri<\/a>","rttpg_excerpt":"Bu g\u00fcn K\u0259lb\u0259c\u0259rin 27 illik i\u015f\u011fal\u0131na son qoyulur. Bununla da K\u0259lb\u0259c\u0259rd\u0259n olan on minl\u0259rl\u0259 m\u0259cburi k\u00f6\u00e7k\u00fcn\u00fcn yurd h\u0259sr\u0259ti, yurd nisgili ba\u015fa \u00e7at\u0131r. K\u0259lb\u0259c\u0259r sakinl\u0259ri \u00f6z yurdlar\u0131na d\u00f6n\u0259c\u0259kl\u0259ri g\u00fcn\u00fc s\u0259birsizlikl\u0259 g\u00f6zl\u0259yirl\u0259r. 1993-c\u00fc ilin aprelind\u0259 Erm\u0259nistan silahl\u0131 q\u00fcvv\u0259l\u0259rinin h\u0259rbi t\u0259cav\u00fcz\u00fc il\u0259 \u00fczl\u0259\u015fmi\u015f dinc sakinl\u0259r ata-baba yurdlar\u0131n\u0131 t\u0259rk etm\u0259y\u0259 m\u0259cbur olsalar da, 27 il sonra Az\u0259rbaycan Ordusunun ke\u00e7irdiyi&hellip;","_links":{"self":[{"href":"https:\/\/arantv.az\/index.php?rest_route=\/wp\/v2\/posts\/236788"}],"collection":[{"href":"https:\/\/arantv.az\/index.php?rest_route=\/wp\/v2\/posts"}],"about":[{"href":"https:\/\/arantv.az\/index.php?rest_route=\/wp\/v2\/types\/post"}],"author":[{"embeddable":true,"href":"https:\/\/arantv.az\/index.php?rest_route=\/wp\/v2\/users\/2"}],"replies":[{"embeddable":true,"href":"https:\/\/arantv.az\/index.php?rest_route=%2Fwp%2Fv2%2Fcomments&post=236788"}],"version-history":[{"count":0,"href":"https:\/\/arantv.az\/index.php?rest_route=\/wp\/v2\/posts\/236788\/revisions"}],"wp:featuredmedia":[{"embeddable":true,"href":"https:\/\/arantv.az\/index.php?rest_route=\/wp\/v2\/media\/236789"}],"wp:attachment":[{"href":"https:\/\/arantv.az\/index.php?rest_route=%2Fwp%2Fv2%2Fmedia&parent=236788"}],"wp:term":[{"taxonomy":"category","embeddable":true,"href":"https:\/\/arantv.az\/index.php?rest_route=%2Fwp%2Fv2%2Fcategories&post=236788"},{"taxonomy":"post_tag","embeddable":true,"href":"https:\/\/arantv.az\/index.php?rest_route=%2Fwp%2Fv2%2Ftags&post=236788"}],"curies":[{"name":"wp","href":"https:\/\/api.w.org\/{rel}","templated":true}]}}