{"id":236792,"date":"2020-11-15T12:53:01","date_gmt":"2020-11-15T09:53:01","guid":{"rendered":"http:\/\/arantv.az\/?p=236792"},"modified":"2020-11-15T12:53:01","modified_gmt":"2020-11-15T09:53:01","slug":"k%c9%99lb%c9%99c%c9%99rin-azad-olunmasi-az%c9%99rbaycanin-yaralarinin-sagalmasinin-baslangicidir-foto","status":"publish","type":"post","link":"https:\/\/arantv.az\/?p=236792","title":{"rendered":"\u201cK\u0259lb\u0259c\u0259rin azad olunmas\u0131 Az\u0259rbaycan\u0131n yaralar\u0131n\u0131n sa\u011falmas\u0131n\u0131n ba\u015flan\u011f\u0131c\u0131d\u0131r\u201d &#8211; FOTO"},"content":{"rendered":"<p>Pakistan\u0131n \u00f6lk\u0259mizd\u0259ki f\u00f6vq\u0259lad\u0259 v\u0259 s\u0259lahiyy\u0259tli s\u0259firi Bilal Haye Az\u0259rbaycan xalq\u0131n\u0131 t\u0259brik edib.<\/p>\n<p>O, bu bar\u0259d\u0259 \u201cTwitter\u201d hesab\u0131nda payla\u015f\u0131m edib.<\/p>\n<div id=\"AdviadNativeVideo0\" class=\"AdviadNativeVideo\"><\/div>\n<p>\u201cK\u0259lb\u0259c\u0259rin i\u015f\u011faldan azad olunmas\u0131 m\u00fcnasib\u0259til\u0259 Az\u0259rbaycan\u0131 t\u0259brik edir\u0259m. Bu, Az\u0259rbaycan\u0131n b\u00fct\u00f6vl\u0259\u015fm\u0259sinin v\u0259 yaralar\u0131n sa\u011falmas\u0131n\u0131n ba\u015flan\u011f\u0131c\u0131d\u0131r. Ya\u015fas\u0131n Az\u0259rbaycan-Pakistan dostlu\u011fu\u201d, &#8211; dey\u0259 o qeyd edib.<\/p>\n<div>\n<div class=\"twitter-tweet twitter-tweet-rendered\"><iframe id=\"twitter-widget-0\" class=\"\" title=\"Twitter Tweet\" src=\"https:\/\/platform.twitter.com\/embed\/index.html?creatorScreenName=oxuaz&amp;dnt=false&amp;embedId=twitter-widget-0&amp;frame=false&amp;hideCard=false&amp;hideThread=false&amp;id=1327885539866013696&amp;lang=en&amp;origin=https%3A%2F%2Foxu.az%2Fwar%2F440833&amp;siteScreenName=oxuaz&amp;theme=light&amp;widgetsVersion=ed20a2b%3A1601588405575&amp;width=550px\" frameborder=\"0\" scrolling=\"no\" allowfullscreen=\"allowfullscreen\" data-tweet-id=\"1327885539866013696\" data-mce-fragment=\"1\"><\/iframe><\/div>\n<\/div>\n<p>&nbsp;<\/p>\n","protected":false},"excerpt":{"rendered":"<p>Pakistan\u0131n \u00f6lk\u0259mizd\u0259ki f\u00f6vq\u0259lad\u0259 v\u0259 s\u0259lahiyy\u0259tli s\u0259firi Bilal Haye Az\u0259rbaycan xalq\u0131n\u0131 t\u0259brik edib. O, bu bar\u0259d\u0259 \u201cTwitter\u201d hesab\u0131nda payla\u015f\u0131m edib. \u201cK\u0259lb\u0259c\u0259rin i\u015f\u011faldan azad olunmas\u0131 m\u00fcnasib\u0259til\u0259 Az\u0259rbaycan\u0131 t\u0259brik edir\u0259m. Bu, Az\u0259rbaycan\u0131n b\u00fct\u00f6vl\u0259\u015fm\u0259sinin v\u0259 yaralar\u0131n sa\u011falmas\u0131n\u0131n ba\u015flan\u011f\u0131c\u0131d\u0131r. Ya\u015fas\u0131n Az\u0259rbaycan-Pakistan dostlu\u011fu\u201d, &#8211; dey\u0259 o qeyd edib. &nbsp;<\/p>\n","protected":false},"author":2,"featured_media":236793,"comment_status":"closed","ping_status":"closed","sticky":false,"template":"","format":"standard","meta":{"om_disable_all_campaigns":false,"_monsterinsights_skip_tracking":false,"_monsterinsights_sitenote_active":false,"_monsterinsights_sitenote_note":"","_monsterinsights_sitenote_category":0},"categories":[19],"tags":[],"aioseo_notices":[],"gutentor_comment":0,"rttpg_featured_image_url":{"full":["https:\/\/arantv.az\/wp-content\/uploads\/2020\/11\/k\u00c9_lb\u00c9_c\u00c9_r.jpg",620,413,false],"landscape":["https:\/\/arantv.az\/wp-content\/uploads\/2020\/11\/k\u00c9_lb\u00c9_c\u00c9_r.jpg",620,413,false],"portraits":["https:\/\/arantv.az\/wp-content\/uploads\/2020\/11\/k\u00c9_lb\u00c9_c\u00c9_r.jpg",620,413,false],"thumbnail":["https:\/\/arantv.az\/wp-content\/uploads\/2020\/11\/k\u00c9_lb\u00c9_c\u00c9_r-150x150.jpg",150,150,true],"medium":["https:\/\/arantv.az\/wp-content\/uploads\/2020\/11\/k\u00c9_lb\u00c9_c\u00c9_r-300x200.jpg",300,200,true],"large":["https:\/\/arantv.az\/wp-content\/uploads\/2020\/11\/k\u00c9_lb\u00c9_c\u00c9_r.jpg",620,413,false],"1536x1536":["https:\/\/arantv.az\/wp-content\/uploads\/2020\/11\/k\u00c9_lb\u00c9_c\u00c9_r.jpg",620,413,false],"2048x2048":["https:\/\/arantv.az\/wp-content\/uploads\/2020\/11\/k\u00c9_lb\u00c9_c\u00c9_r.jpg",620,413,false],"post-thumbnail":["https:\/\/arantv.az\/wp-content\/uploads\/2020\/11\/k\u00c9_lb\u00c9_c\u00c9_r-240x172.jpg",240,172,true],"advps-thumb-one":["https:\/\/arantv.az\/wp-content\/uploads\/2020\/11\/k\u00c9_lb\u00c9_c\u00c9_r.jpg",620,413,false]},"rttpg_author":{"display_name":"V\u00fcsal Rafiqo\u011flu","author_link":"https:\/\/arantv.az\/?author=2"},"rttpg_comment":0,"rttpg_category":"<a href=\"https:\/\/arantv.az\/?cat=19\" rel=\"category\">G\u00fcnd\u0259m<\/a>","rttpg_excerpt":"Pakistan\u0131n \u00f6lk\u0259mizd\u0259ki f\u00f6vq\u0259lad\u0259 v\u0259 s\u0259lahiyy\u0259tli s\u0259firi Bilal Haye Az\u0259rbaycan xalq\u0131n\u0131 t\u0259brik edib. O, bu bar\u0259d\u0259 \u201cTwitter\u201d hesab\u0131nda payla\u015f\u0131m edib. \u201cK\u0259lb\u0259c\u0259rin i\u015f\u011faldan azad olunmas\u0131 m\u00fcnasib\u0259til\u0259 Az\u0259rbaycan\u0131 t\u0259brik edir\u0259m. Bu, Az\u0259rbaycan\u0131n b\u00fct\u00f6vl\u0259\u015fm\u0259sinin v\u0259 yaralar\u0131n sa\u011falmas\u0131n\u0131n ba\u015flan\u011f\u0131c\u0131d\u0131r. Ya\u015fas\u0131n Az\u0259rbaycan-Pakistan dostlu\u011fu\u201d, &#8211; dey\u0259 o qeyd edib. &nbsp;","_links":{"self":[{"href":"https:\/\/arantv.az\/index.php?rest_route=\/wp\/v2\/posts\/236792"}],"collection":[{"href":"https:\/\/arantv.az\/index.php?rest_route=\/wp\/v2\/posts"}],"about":[{"href":"https:\/\/arantv.az\/index.php?rest_route=\/wp\/v2\/types\/post"}],"author":[{"embeddable":true,"href":"https:\/\/arantv.az\/index.php?rest_route=\/wp\/v2\/users\/2"}],"replies":[{"embeddable":true,"href":"https:\/\/arantv.az\/index.php?rest_route=%2Fwp%2Fv2%2Fcomments&post=236792"}],"version-history":[{"count":0,"href":"https:\/\/arantv.az\/index.php?rest_route=\/wp\/v2\/posts\/236792\/revisions"}],"wp:featuredmedia":[{"embeddable":true,"href":"https:\/\/arantv.az\/index.php?rest_route=\/wp\/v2\/media\/236793"}],"wp:attachment":[{"href":"https:\/\/arantv.az\/index.php?rest_route=%2Fwp%2Fv2%2Fmedia&parent=236792"}],"wp:term":[{"taxonomy":"category","embeddable":true,"href":"https:\/\/arantv.az\/index.php?rest_route=%2Fwp%2Fv2%2Fcategories&post=236792"},{"taxonomy":"post_tag","embeddable":true,"href":"https:\/\/arantv.az\/index.php?rest_route=%2Fwp%2Fv2%2Ftags&post=236792"}],"curies":[{"name":"wp","href":"https:\/\/api.w.org\/{rel}","templated":true}]}}