{"id":236804,"date":"2020-11-15T13:31:29","date_gmt":"2020-11-15T10:31:29","guid":{"rendered":"http:\/\/arantv.az\/?p=236804"},"modified":"2020-11-15T13:31:29","modified_gmt":"2020-11-15T10:31:29","slug":"leyla-%c9%99liyeva-ali-bas-komandana-seir-h%c9%99sr-etdi","status":"publish","type":"post","link":"https:\/\/arantv.az\/?p=236804","title":{"rendered":"Leyla \u018fliyeva Ali Ba\u015f Komandana \u015feir h\u0259sr etdi"},"content":{"rendered":"<p>Heyd\u0259r \u018fliyev Fondunun vitse-prezidenti Leyla \u018fliyeva Ali Ba\u015f Komandan \u0130lham \u018fliyev\u0259 V\u0259t\u0259n m\u00fcharib\u0259sind\u0259 qazand\u0131\u011f\u0131 z\u0259f\u0259r m\u00fcnasib\u0259til\u0259 \u015feir h\u0259sr edib.<\/p>\n<p>\u201c\u0130ki sahil\u201d bildirir ki, Leyla \u018fliyeva \u015feiri \u015f\u0259xsi instaqram hesab\u0131nda payla\u015f\u0131b.<\/p>\n<p>\u015eeiri rus dilind\u0259n Aydan X\u0259ndan t\u0259rc\u00fcm\u0259 edib.<\/p>\n<p><strong>H\u0259min \u015feiri t\u0259qdim edirik:<\/strong><\/p>\n<p>\u018fsg\u0259r<br \/>\n\u018fsg\u0259r, \u0259sg\u0259r yurdun o\u011flu,<br \/>\n\u0130nan\u0131r haqqa, z\u0259f\u0259r\u0259!<br \/>\nS\u00fckutun s\u0259sin dinl\u0259yir<br \/>\nBa\u011fl\u0131d\u0131r nurlu v\u0259t\u0259n\u0259!<\/p>\n<p>G\u00fcll\u0259d\u0259n qorxusu yoxdur,<br \/>\nG\u00fcn\u0259\u015fi da\u011flar he\u00e7 \u00f6rtm\u0259z<br \/>\n\u018fsg\u0259r bilir sevgi n\u0259dir<br \/>\n\u018fdal\u0259td\u0259n \u00fcz d\u00f6nd\u0259rm\u0259z!<\/p>\n<p>Yoxdur qorxu \u00fcr\u0259yind\u0259<br \/>\nGec\u0259 bitsin, s\u0259h\u0259r g\u0259lsin!<br \/>\nZ\u00fclm\u0259td\u0259n qorxmaq d\u0259rd deyil!<br \/>\nT\u0259ki g\u00fcn\u0259\u015f he\u00e7 s\u00f6nm\u0259sin!<\/p>\n<p>O, Allah\u0131n k\u0259lam\u0131n\u0131<br \/>\nK\u00f6nl\u00fcnd\u0259 bir yaz\u0131 bilir,<br \/>\nD\u00fcnyan\u0131n a\u011f\u0131r y\u00fck\u00fcn\u00fc<br \/>\n\u00c7iyinl\u0259rind\u0259 g\u0259zdirir.<\/p>\n<p>\u018fsg\u0259r m\u00fcq\u0259dd\u0259s bir g\u00fcnd\u0259<br \/>\nXalq\u0131 namin\u0259 do\u011fulub,<br \/>\nC\u0259hal\u0259tin kor k\u00f6lg\u0259si<br \/>\nOnun nuruyla yox olub!<\/p>\n<p>O, iftiradan uzaqd\u0131r,<br \/>\nO, m\u0259zlumlar yan\u0131ndad\u0131r<br \/>\nO, Allah\u0131n yaz\u0131s\u0131yla<br \/>\nH\u0259yat\u0131n\u0131 ya\u015fayand\u0131r!<\/p>\n<p>\u018fsg\u0259r zirv\u0259l\u0259r zirv\u0259si,<br \/>\nOnun yeri y\u00fcks\u0259kl\u0259rdir!<br \/>\nO, vicdan\u0131n, xalq\u0131n s\u0259si,<br \/>\nH\u0259qiq\u0259t\u0259 and i\u00e7\u0259ndir!<\/p>\n<p>Onun \u00fc\u00e7\u00fcn bu d\u00fcnyada<br \/>\nEld\u0259n uca he\u00e7 n\u0259 yoxdur!<\/p>\n<p>Pakl\u0131q, m\u0259rh\u0259m\u0259t doludur<br \/>\nOnun yolu, haqq yoludur!<\/p>\n<p>Qorxu n\u0259dir bilm\u0259z \u0259sg\u0259r,<br \/>\nO, Allah\u0131n balas\u0131d\u0131r<br \/>\nA\u00e7\u0131qd\u0131r yolu d\u00fcnyaya<br \/>\nYadda\u015flarda qalas\u0131d\u0131r!<\/p>\n","protected":false},"excerpt":{"rendered":"<p>Heyd\u0259r \u018fliyev Fondunun vitse-prezidenti Leyla \u018fliyeva Ali Ba\u015f Komandan \u0130lham \u018fliyev\u0259 V\u0259t\u0259n m\u00fcharib\u0259sind\u0259 qazand\u0131\u011f\u0131 z\u0259f\u0259r m\u00fcnasib\u0259til\u0259 \u015feir h\u0259sr edib. \u201c\u0130ki sahil\u201d bildirir ki, Leyla \u018fliyeva \u015feiri \u015f\u0259xsi instaqram hesab\u0131nda payla\u015f\u0131b. \u015eeiri rus dilind\u0259n Aydan X\u0259ndan t\u0259rc\u00fcm\u0259 edib. H\u0259min \u015feiri t\u0259qdim edirik: \u018fsg\u0259r \u018fsg\u0259r, \u0259sg\u0259r yurdun o\u011flu, \u0130nan\u0131r haqqa, z\u0259f\u0259r\u0259! S\u00fckutun s\u0259sin dinl\u0259yir Ba\u011fl\u0131d\u0131r nurlu v\u0259t\u0259n\u0259! G\u00fcll\u0259d\u0259n qorxusu yoxdur, G\u00fcn\u0259\u015fi da\u011flar he\u00e7 \u00f6rtm\u0259z \u018fsg\u0259r bilir sevgi n\u0259dir \u018fdal\u0259td\u0259n \u00fcz d\u00f6nd\u0259rm\u0259z! Yoxdur qorxu \u00fcr\u0259yind\u0259 Gec\u0259 bitsin, s\u0259h\u0259r g\u0259lsin! Z\u00fclm\u0259td\u0259n qorxmaq d\u0259rd deyil! T\u0259ki g\u00fcn\u0259\u015f he\u00e7 s\u00f6nm\u0259sin! O, Allah\u0131n k\u0259lam\u0131n\u0131 K\u00f6nl\u00fcnd\u0259 bir yaz\u0131&hellip;<\/p>\n","protected":false},"author":2,"featured_media":236805,"comment_status":"closed","ping_status":"closed","sticky":false,"template":"","format":"standard","meta":{"om_disable_all_campaigns":false,"_monsterinsights_skip_tracking":false,"_monsterinsights_sitenote_active":false,"_monsterinsights_sitenote_note":"","_monsterinsights_sitenote_category":0},"categories":[1],"tags":[],"aioseo_notices":[],"gutentor_comment":0,"rttpg_featured_image_url":{"full":["https:\/\/arantv.az\/wp-content\/uploads\/2020\/11\/85b6c99b160489923022183741010265773.jpg",975,540,false],"landscape":["https:\/\/arantv.az\/wp-content\/uploads\/2020\/11\/85b6c99b160489923022183741010265773.jpg",975,540,false],"portraits":["https:\/\/arantv.az\/wp-content\/uploads\/2020\/11\/85b6c99b160489923022183741010265773.jpg",975,540,false],"thumbnail":["https:\/\/arantv.az\/wp-content\/uploads\/2020\/11\/85b6c99b160489923022183741010265773-150x150.jpg",150,150,true],"medium":["https:\/\/arantv.az\/wp-content\/uploads\/2020\/11\/85b6c99b160489923022183741010265773-300x166.jpg",300,166,true],"large":["https:\/\/arantv.az\/wp-content\/uploads\/2020\/11\/85b6c99b160489923022183741010265773.jpg",640,354,false],"1536x1536":["https:\/\/arantv.az\/wp-content\/uploads\/2020\/11\/85b6c99b160489923022183741010265773.jpg",975,540,false],"2048x2048":["https:\/\/arantv.az\/wp-content\/uploads\/2020\/11\/85b6c99b160489923022183741010265773.jpg",975,540,false],"post-thumbnail":["https:\/\/arantv.az\/wp-content\/uploads\/2020\/11\/85b6c99b160489923022183741010265773-240x172.jpg",240,172,true],"advps-thumb-one":["https:\/\/arantv.az\/wp-content\/uploads\/2020\/11\/85b6c99b160489923022183741010265773.jpg",975,540,false]},"rttpg_author":{"display_name":"V\u00fcsal Rafiqo\u011flu","author_link":"https:\/\/arantv.az\/?author=2"},"rttpg_comment":0,"rttpg_category":"<a href=\"https:\/\/arantv.az\/?cat=1\" rel=\"category\">C\u0259miyy\u0259t<\/a>","rttpg_excerpt":"Heyd\u0259r \u018fliyev Fondunun vitse-prezidenti Leyla \u018fliyeva Ali Ba\u015f Komandan \u0130lham \u018fliyev\u0259 V\u0259t\u0259n m\u00fcharib\u0259sind\u0259 qazand\u0131\u011f\u0131 z\u0259f\u0259r m\u00fcnasib\u0259til\u0259 \u015feir h\u0259sr edib. \u201c\u0130ki sahil\u201d bildirir ki, Leyla \u018fliyeva \u015feiri \u015f\u0259xsi instaqram hesab\u0131nda payla\u015f\u0131b. \u015eeiri rus dilind\u0259n Aydan X\u0259ndan t\u0259rc\u00fcm\u0259 edib. H\u0259min \u015feiri t\u0259qdim edirik: \u018fsg\u0259r \u018fsg\u0259r, \u0259sg\u0259r yurdun o\u011flu, \u0130nan\u0131r haqqa, z\u0259f\u0259r\u0259! S\u00fckutun s\u0259sin dinl\u0259yir Ba\u011fl\u0131d\u0131r nurlu v\u0259t\u0259n\u0259!&hellip;","_links":{"self":[{"href":"https:\/\/arantv.az\/index.php?rest_route=\/wp\/v2\/posts\/236804"}],"collection":[{"href":"https:\/\/arantv.az\/index.php?rest_route=\/wp\/v2\/posts"}],"about":[{"href":"https:\/\/arantv.az\/index.php?rest_route=\/wp\/v2\/types\/post"}],"author":[{"embeddable":true,"href":"https:\/\/arantv.az\/index.php?rest_route=\/wp\/v2\/users\/2"}],"replies":[{"embeddable":true,"href":"https:\/\/arantv.az\/index.php?rest_route=%2Fwp%2Fv2%2Fcomments&post=236804"}],"version-history":[{"count":0,"href":"https:\/\/arantv.az\/index.php?rest_route=\/wp\/v2\/posts\/236804\/revisions"}],"wp:featuredmedia":[{"embeddable":true,"href":"https:\/\/arantv.az\/index.php?rest_route=\/wp\/v2\/media\/236805"}],"wp:attachment":[{"href":"https:\/\/arantv.az\/index.php?rest_route=%2Fwp%2Fv2%2Fmedia&parent=236804"}],"wp:term":[{"taxonomy":"category","embeddable":true,"href":"https:\/\/arantv.az\/index.php?rest_route=%2Fwp%2Fv2%2Fcategories&post=236804"},{"taxonomy":"post_tag","embeddable":true,"href":"https:\/\/arantv.az\/index.php?rest_route=%2Fwp%2Fv2%2Ftags&post=236804"}],"curies":[{"name":"wp","href":"https:\/\/api.w.org\/{rel}","templated":true}]}}