{"id":236812,"date":"2020-11-15T13:52:31","date_gmt":"2020-11-15T10:52:31","guid":{"rendered":"http:\/\/arantv.az\/?p=236812"},"modified":"2020-11-15T13:52:31","modified_gmt":"2020-11-15T10:52:31","slug":"erm%c9%99nistan-k%c9%99lb%c9%99c%c9%99rin-tam-bosaldilmasi-ucun-25-dekabrad%c9%99k-vaxt-ist%c9%99yib-hikm%c9%99t-haciyev","status":"publish","type":"post","link":"https:\/\/arantv.az\/?p=236812","title":{"rendered":"Erm\u0259nistan K\u0259lb\u0259c\u0259rin tam bo\u015fald\u0131lmas\u0131 \u00fc\u00e7\u00fcn 25 dekabrad\u0259k vaxt ist\u0259yib &#8211; Hikm\u0259t Hac\u0131yev"},"content":{"rendered":"<p><strong>Erm\u0259nistan K\u0259lb\u0259c\u0259rin tam bo\u015fald\u0131lmas\u0131 \u00fc\u00e7\u00fcn 25 dekabrad\u0259k vaxt ist\u0259yib.<\/strong><\/p>\n<p>ARANTV.AZ\u00a0<a href=\"http:\/\/az.trend.az\/\" target=\"_blank\" rel=\"noopener\">Trend<\/a>-\u0259 istinad\u0259n bildirir ki,\u00a0bu fikirl\u0259ri Prezidentin k\u00f6m\u0259k\u00e7isi, Prezident Administrasiyas\u0131n\u0131n Xarici siyas\u0259t m\u0259s\u0259l\u0259l\u0259ri \u015f\u00f6b\u0259sinin m\u00fcdiri Hikm\u0259t Hac\u0131yev bu g\u00fcn ke\u00e7iril\u0259n brifinqd\u0259 deyib.<\/p>\n<p>Onun s\u00f6zl\u0259rin\u0259 g\u00f6r\u0259, Erm\u0259nil\u0259rin b\u0259yanatda qeyd edil\u0259n rayonlardan \u00e7\u0131xar\u0131lma i\u015fl\u0259ri davam edir. Erm\u0259nistan Rusiya vasit\u0259sil\u0259 Az\u0259rbaycandan 25 dekabra q\u0259d\u0259r vaxt ist\u0259yib:<\/p>\n<p>&#8220;Az\u0259rbaycan K\u0259lb\u0259c\u0259r rayonunun \u0259razi b\u00f6y\u00fckl\u00fcy\u00fcn\u00fc n\u0259z\u0259r\u0259 alaraq v\u0259 humanizm prinsipind\u0259n \u00e7\u0131x\u0131\u015f ed\u0259r\u0259k Erm\u0259nistana 25 dekabra q\u0259d\u0259r vaxt verdi&#8221;.<\/p>\n","protected":false},"excerpt":{"rendered":"<p>Erm\u0259nistan K\u0259lb\u0259c\u0259rin tam bo\u015fald\u0131lmas\u0131 \u00fc\u00e7\u00fcn 25 dekabrad\u0259k vaxt ist\u0259yib. ARANTV.AZ\u00a0Trend-\u0259 istinad\u0259n bildirir ki,\u00a0bu fikirl\u0259ri Prezidentin k\u00f6m\u0259k\u00e7isi, Prezident Administrasiyas\u0131n\u0131n Xarici siyas\u0259t m\u0259s\u0259l\u0259l\u0259ri \u015f\u00f6b\u0259sinin m\u00fcdiri Hikm\u0259t Hac\u0131yev bu g\u00fcn ke\u00e7iril\u0259n brifinqd\u0259 deyib. Onun s\u00f6zl\u0259rin\u0259 g\u00f6r\u0259, Erm\u0259nil\u0259rin b\u0259yanatda qeyd edil\u0259n rayonlardan \u00e7\u0131xar\u0131lma i\u015fl\u0259ri davam edir. Erm\u0259nistan Rusiya vasit\u0259sil\u0259 Az\u0259rbaycandan 25 dekabra q\u0259d\u0259r vaxt ist\u0259yib: &#8220;Az\u0259rbaycan K\u0259lb\u0259c\u0259r rayonunun \u0259razi b\u00f6y\u00fckl\u00fcy\u00fcn\u00fc n\u0259z\u0259r\u0259 alaraq v\u0259 humanizm prinsipind\u0259n \u00e7\u0131x\u0131\u015f ed\u0259r\u0259k Erm\u0259nistana 25 dekabra q\u0259d\u0259r vaxt verdi&#8221;.<\/p>\n","protected":false},"author":2,"featured_media":236813,"comment_status":"closed","ping_status":"closed","sticky":false,"template":"","format":"standard","meta":{"om_disable_all_campaigns":false,"_monsterinsights_skip_tracking":false,"_monsterinsights_sitenote_active":false,"_monsterinsights_sitenote_note":"","_monsterinsights_sitenote_category":0},"categories":[19],"tags":[],"aioseo_notices":[],"gutentor_comment":0,"rttpg_featured_image_url":{"full":["https:\/\/arantv.az\/wp-content\/uploads\/2020\/11\/897425.jpg",660,440,false],"landscape":["https:\/\/arantv.az\/wp-content\/uploads\/2020\/11\/897425.jpg",660,440,false],"portraits":["https:\/\/arantv.az\/wp-content\/uploads\/2020\/11\/897425.jpg",660,440,false],"thumbnail":["https:\/\/arantv.az\/wp-content\/uploads\/2020\/11\/897425-150x150.jpg",150,150,true],"medium":["https:\/\/arantv.az\/wp-content\/uploads\/2020\/11\/897425-300x200.jpg",300,200,true],"large":["https:\/\/arantv.az\/wp-content\/uploads\/2020\/11\/897425.jpg",640,427,false],"1536x1536":["https:\/\/arantv.az\/wp-content\/uploads\/2020\/11\/897425.jpg",660,440,false],"2048x2048":["https:\/\/arantv.az\/wp-content\/uploads\/2020\/11\/897425.jpg",660,440,false],"post-thumbnail":["https:\/\/arantv.az\/wp-content\/uploads\/2020\/11\/897425-240x172.jpg",240,172,true],"advps-thumb-one":["https:\/\/arantv.az\/wp-content\/uploads\/2020\/11\/897425.jpg",660,440,false]},"rttpg_author":{"display_name":"V\u00fcsal Rafiqo\u011flu","author_link":"https:\/\/arantv.az\/?author=2"},"rttpg_comment":0,"rttpg_category":"<a href=\"https:\/\/arantv.az\/?cat=19\" rel=\"category\">G\u00fcnd\u0259m<\/a>","rttpg_excerpt":"Erm\u0259nistan K\u0259lb\u0259c\u0259rin tam bo\u015fald\u0131lmas\u0131 \u00fc\u00e7\u00fcn 25 dekabrad\u0259k vaxt ist\u0259yib. ARANTV.AZ\u00a0Trend-\u0259 istinad\u0259n bildirir ki,\u00a0bu fikirl\u0259ri Prezidentin k\u00f6m\u0259k\u00e7isi, Prezident Administrasiyas\u0131n\u0131n Xarici siyas\u0259t m\u0259s\u0259l\u0259l\u0259ri \u015f\u00f6b\u0259sinin m\u00fcdiri Hikm\u0259t Hac\u0131yev bu g\u00fcn ke\u00e7iril\u0259n brifinqd\u0259 deyib. Onun s\u00f6zl\u0259rin\u0259 g\u00f6r\u0259, Erm\u0259nil\u0259rin b\u0259yanatda qeyd edil\u0259n rayonlardan \u00e7\u0131xar\u0131lma i\u015fl\u0259ri davam edir. Erm\u0259nistan Rusiya vasit\u0259sil\u0259 Az\u0259rbaycandan 25 dekabra q\u0259d\u0259r vaxt ist\u0259yib: &#8220;Az\u0259rbaycan K\u0259lb\u0259c\u0259r rayonunun \u0259razi&hellip;","_links":{"self":[{"href":"https:\/\/arantv.az\/index.php?rest_route=\/wp\/v2\/posts\/236812"}],"collection":[{"href":"https:\/\/arantv.az\/index.php?rest_route=\/wp\/v2\/posts"}],"about":[{"href":"https:\/\/arantv.az\/index.php?rest_route=\/wp\/v2\/types\/post"}],"author":[{"embeddable":true,"href":"https:\/\/arantv.az\/index.php?rest_route=\/wp\/v2\/users\/2"}],"replies":[{"embeddable":true,"href":"https:\/\/arantv.az\/index.php?rest_route=%2Fwp%2Fv2%2Fcomments&post=236812"}],"version-history":[{"count":0,"href":"https:\/\/arantv.az\/index.php?rest_route=\/wp\/v2\/posts\/236812\/revisions"}],"wp:featuredmedia":[{"embeddable":true,"href":"https:\/\/arantv.az\/index.php?rest_route=\/wp\/v2\/media\/236813"}],"wp:attachment":[{"href":"https:\/\/arantv.az\/index.php?rest_route=%2Fwp%2Fv2%2Fmedia&parent=236812"}],"wp:term":[{"taxonomy":"category","embeddable":true,"href":"https:\/\/arantv.az\/index.php?rest_route=%2Fwp%2Fv2%2Fcategories&post=236812"},{"taxonomy":"post_tag","embeddable":true,"href":"https:\/\/arantv.az\/index.php?rest_route=%2Fwp%2Fv2%2Ftags&post=236812"}],"curies":[{"name":"wp","href":"https:\/\/api.w.org\/{rel}","templated":true}]}}