{"id":236816,"date":"2020-11-15T13:53:29","date_gmt":"2020-11-15T10:53:29","guid":{"rendered":"http:\/\/arantv.az\/?p=236816"},"modified":"2020-11-15T13:53:29","modified_gmt":"2020-11-15T10:53:29","slug":"mutl%c9%99q-s%c9%99rt-karantin-rejimin%c9%99-kecirilm%c9%99lidir-az%c9%99rbaycanli-alimd%c9%99n-aciqlama","status":"publish","type":"post","link":"https:\/\/arantv.az\/?p=236816","title":{"rendered":"&#8220;M\u00fctl\u0259q s\u0259rt karantin rejimin\u0259 ke\u00e7irilm\u0259lidir&#8221; &#8211; Az\u0259rbaycanl\u0131 alimd\u0259n A\u00c7IQLAMA"},"content":{"rendered":"<p>&#8220;Elm bildirir ki, may v\u0259 noyabr koronavirus infeksiyas\u0131na \u0259n \u00e7ox yoluxma ba\u015f verdiyi aylard\u0131r&#8221;.<\/p>\n<p>ARANTV.AZ bildirir ki, bu s\u00f6zl\u0259ri Lent.az -a a\u00e7\u0131qlamas\u0131nda Almaniya-Az\u0259rbaycan Radioloji v\u0259 Neyroradioloji C\u0259miyy\u0259tinin s\u0259dri, K\u00f6ln Universiteti Klinikas\u0131n\u0131n tibb elml\u0259ri doktoru Nuran Abdullayev deyib. O bildirib ki, ad\u0131n\u0131 \u00e7\u0259kdiyi aylar yeni n\u00f6v koronavirus infeksiyas\u0131 olan COVID-19-a da aid edilir:<\/p>\n<p>&#8220;Amma bu onun n\u00f6vb\u0259ti dig\u0259r aylarda sabitl\u0259\u015fm\u0259si dem\u0259k deyil. G\u00fcv\u0259nli, amma m\u00fcv\u0259qq\u0259ti stabill\u0259\u015fm\u0259ni almaq \u00fc\u00e7\u00fcn m\u00fctl\u0259q olaraq \u0259n az\u0131 2-3 h\u0259ft\u0259 s\u0259rt karantin rejimin\u0259 ke\u00e7ilm\u0259li, bundan sonra is\u0259 insanlar deyil\u0259n b\u00fct\u00fcn qaydalara \u0259m\u0259l etm\u0259lidir. T\u0259kc\u0259 m\u0259saf\u0259 saxlay\u0131b v\u0259 maska taxmaq yox, insanlarla \u00fcnsiyy\u0259t saylar\u0131n\u0131 a\u015fa\u011f\u0131 salmaq, qapal\u0131 m\u0259kanlarda g\u00f6r\u00fc\u015fl\u0259ri t\u0259xir\u0259 salmaq, klaster (topluluq &#8211; red.) \u00fcsulu il\u0259 yoluxmalara n\u0259zar\u0259t v\u0259 s. bu g\u00fcn\u0259 q\u0259d\u0259r dediyimiz vacib qaydalara \u0259m\u0259l etm\u0259lidirl\u0259r&#8221;.<\/p>\n<p>N.Abdullayev qeyd edib ki, ancaq bunlara \u0259m\u0259l olunarsa, n\u0259zar\u0259ti \u0259ld\u0259 saxlamaq m\u00fcmk\u00fcn ola bil\u0259r:<\/p>\n<p>&#8220;\u018fks halda virusla m\u00fcbariz\u0259 \u00e7ox t\u0259hl\u00fck\u0259li qazan\u0131lm\u0131\u015f immunitet strategiyas\u0131na q\u0259d\u0259m qoyur. Real olaraq bu g\u00fcn pandemiyan\u0131n tam bitm\u0259si bar\u0259d\u0259 n\u0259l\u0259rs\u0259 dem\u0259k \u00e7ox \u00e7\u0259tindir, amma yax\u0131n zamanlarda peyv\u0259ndin Avropada, o c\u00fcml\u0259d\u0259n Almaniyada m\u00fc\u0259yy\u0259n formada t\u0259tbiqin\u0259 ba\u015flanaca\u011f\u0131n\u0131 n\u0259z\u0259r\u0259 alsaq, dey\u0259 bil\u0259rik ki, y\u0259qin, h\u0259r \u015fey n\u0259z\u0259rd\u0259 tutulan kimi olarsa, yay aylar\u0131na tam t\u0259hl\u00fck\u0259siz peyv\u0259ndin olmas\u0131n\u0131 g\u00f6zl\u0259m\u0259k olar&#8221;.<\/p>\n<p>Az\u0259rbaycanl\u0131 alim \u0259lav\u0259 edib ki, havan\u0131n virusun yoluxdurma qabiliyy\u0259tin\u0259 he\u00e7 bir t\u0259siri yoxdur:<\/p>\n<p>&#8220;Yad\u0131n\u0131zdad\u0131rsa, bir \u00e7ox insan mart v\u0259 apreld\u0259 yay aylar\u0131nda istid\u0259 virusun yox olaca\u011f\u0131n\u0131 deyirdi. Amma elm bel\u0259 demirdi v\u0259 biz bir daha g\u00f6rd\u00fck ki, elm do\u011fru deyir v\u0259 yay aylar\u0131nda Az\u0259rbaycanda n\u00f6vb\u0259ti dal\u011fa oldu. \u0130ndi d\u0259 q\u0131\u015f aylar\u0131nda havan\u0131n t\u0259siri olmasa da, \u0259g\u0259r yuxar\u0131da qeyd etdikl\u0259rimiz\u0259 insanlar \u0259m\u0259l etm\u0259s\u0259l\u0259r, eyni zamanda insanlar\u0131n maarifl\u0259ndirilm\u0259si istiqam\u0259tind\u0259 m\u00fcvafiq qurumlar t\u0259r\u0259find\u0259n kifay\u0259t q\u0259d\u0259r i\u015fl\u0259r apar\u0131lmasa, klasterl\u0259r izl\u0259nilm\u0259s\u0259 v\u0259 karantin, el\u0259c\u0259 d\u0259 izolyasiya t\u0259dbirl\u0259ri m\u00fcasir elmin dediyi kimi olmasa bizl\u0259ri \u00f6n\u00fcm\u00fczd\u0259ki aylarda da \u00e7ox \u00e7\u0259tin g\u00fcnl\u0259r g\u00f6zl\u0259yir&#8221;.<\/p>\n","protected":false},"excerpt":{"rendered":"<p>&#8220;Elm bildirir ki, may v\u0259 noyabr koronavirus infeksiyas\u0131na \u0259n \u00e7ox yoluxma ba\u015f verdiyi aylard\u0131r&#8221;. ARANTV.AZ bildirir ki, bu s\u00f6zl\u0259ri Lent.az -a a\u00e7\u0131qlamas\u0131nda Almaniya-Az\u0259rbaycan Radioloji v\u0259 Neyroradioloji C\u0259miyy\u0259tinin s\u0259dri, K\u00f6ln Universiteti Klinikas\u0131n\u0131n tibb elml\u0259ri doktoru Nuran Abdullayev deyib. O bildirib ki, ad\u0131n\u0131 \u00e7\u0259kdiyi aylar yeni n\u00f6v koronavirus infeksiyas\u0131 olan COVID-19-a da aid edilir: &#8220;Amma bu onun n\u00f6vb\u0259ti dig\u0259r aylarda sabitl\u0259\u015fm\u0259si dem\u0259k deyil. G\u00fcv\u0259nli, amma m\u00fcv\u0259qq\u0259ti stabill\u0259\u015fm\u0259ni almaq \u00fc\u00e7\u00fcn m\u00fctl\u0259q olaraq \u0259n az\u0131 2-3 h\u0259ft\u0259 s\u0259rt karantin rejimin\u0259 ke\u00e7ilm\u0259li, bundan sonra is\u0259 insanlar deyil\u0259n b\u00fct\u00fcn qaydalara \u0259m\u0259l etm\u0259lidir. T\u0259kc\u0259 m\u0259saf\u0259 saxlay\u0131b v\u0259&hellip;<\/p>\n","protected":false},"author":2,"featured_media":236817,"comment_status":"closed","ping_status":"closed","sticky":false,"template":"","format":"standard","meta":{"om_disable_all_campaigns":false,"_monsterinsights_skip_tracking":false,"_monsterinsights_sitenote_active":false,"_monsterinsights_sitenote_note":"","_monsterinsights_sitenote_category":0},"categories":[13],"tags":[],"aioseo_notices":[],"gutentor_comment":0,"rttpg_featured_image_url":{"full":["https:\/\/arantv.az\/wp-content\/uploads\/2020\/11\/897084.jpg",800,600,false],"landscape":["https:\/\/arantv.az\/wp-content\/uploads\/2020\/11\/897084.jpg",800,600,false],"portraits":["https:\/\/arantv.az\/wp-content\/uploads\/2020\/11\/897084.jpg",800,600,false],"thumbnail":["https:\/\/arantv.az\/wp-content\/uploads\/2020\/11\/897084-150x150.jpg",150,150,true],"medium":["https:\/\/arantv.az\/wp-content\/uploads\/2020\/11\/897084-300x225.jpg",300,225,true],"large":["https:\/\/arantv.az\/wp-content\/uploads\/2020\/11\/897084.jpg",640,480,false],"1536x1536":["https:\/\/arantv.az\/wp-content\/uploads\/2020\/11\/897084.jpg",800,600,false],"2048x2048":["https:\/\/arantv.az\/wp-content\/uploads\/2020\/11\/897084.jpg",800,600,false],"post-thumbnail":["https:\/\/arantv.az\/wp-content\/uploads\/2020\/11\/897084-240x172.jpg",240,172,true],"advps-thumb-one":["https:\/\/arantv.az\/wp-content\/uploads\/2020\/11\/897084.jpg",800,600,false]},"rttpg_author":{"display_name":"V\u00fcsal Rafiqo\u011flu","author_link":"https:\/\/arantv.az\/?author=2"},"rttpg_comment":0,"rttpg_category":"<a href=\"https:\/\/arantv.az\/?cat=13\" rel=\"category\">Bizim h\u0259kim<\/a>","rttpg_excerpt":"&#8220;Elm bildirir ki, may v\u0259 noyabr koronavirus infeksiyas\u0131na \u0259n \u00e7ox yoluxma ba\u015f verdiyi aylard\u0131r&#8221;. ARANTV.AZ bildirir ki, bu s\u00f6zl\u0259ri Lent.az -a a\u00e7\u0131qlamas\u0131nda Almaniya-Az\u0259rbaycan Radioloji v\u0259 Neyroradioloji C\u0259miyy\u0259tinin s\u0259dri, K\u00f6ln Universiteti Klinikas\u0131n\u0131n tibb elml\u0259ri doktoru Nuran Abdullayev deyib. O bildirib ki, ad\u0131n\u0131 \u00e7\u0259kdiyi aylar yeni n\u00f6v koronavirus infeksiyas\u0131 olan COVID-19-a da aid edilir: &#8220;Amma bu onun&hellip;","_links":{"self":[{"href":"https:\/\/arantv.az\/index.php?rest_route=\/wp\/v2\/posts\/236816"}],"collection":[{"href":"https:\/\/arantv.az\/index.php?rest_route=\/wp\/v2\/posts"}],"about":[{"href":"https:\/\/arantv.az\/index.php?rest_route=\/wp\/v2\/types\/post"}],"author":[{"embeddable":true,"href":"https:\/\/arantv.az\/index.php?rest_route=\/wp\/v2\/users\/2"}],"replies":[{"embeddable":true,"href":"https:\/\/arantv.az\/index.php?rest_route=%2Fwp%2Fv2%2Fcomments&post=236816"}],"version-history":[{"count":0,"href":"https:\/\/arantv.az\/index.php?rest_route=\/wp\/v2\/posts\/236816\/revisions"}],"wp:featuredmedia":[{"embeddable":true,"href":"https:\/\/arantv.az\/index.php?rest_route=\/wp\/v2\/media\/236817"}],"wp:attachment":[{"href":"https:\/\/arantv.az\/index.php?rest_route=%2Fwp%2Fv2%2Fmedia&parent=236816"}],"wp:term":[{"taxonomy":"category","embeddable":true,"href":"https:\/\/arantv.az\/index.php?rest_route=%2Fwp%2Fv2%2Fcategories&post=236816"},{"taxonomy":"post_tag","embeddable":true,"href":"https:\/\/arantv.az\/index.php?rest_route=%2Fwp%2Fv2%2Ftags&post=236816"}],"curies":[{"name":"wp","href":"https:\/\/api.w.org\/{rel}","templated":true}]}}