{"id":236820,"date":"2020-11-15T13:54:42","date_gmt":"2020-11-15T10:54:42","guid":{"rendered":"http:\/\/arantv.az\/?p=236820"},"modified":"2020-11-15T13:54:42","modified_gmt":"2020-11-15T10:54:42","slug":"ir%c9%99vanda-yuz%c9%99-yaxin-insan-m%c9%99hk%c9%99m%c9%99-binasinin-qarsisina-toplasib","status":"publish","type":"post","link":"https:\/\/arantv.az\/?p=236820","title":{"rendered":"\u0130r\u0259vanda y\u00fcz\u0259 yax\u0131n insan m\u0259hk\u0259m\u0259 binas\u0131n\u0131n qar\u015f\u0131s\u0131na topla\u015f\u0131b"},"content":{"rendered":"<p><strong>\u0130r\u0259vanda y\u00fcz\u0259 yax\u0131n insan m\u0259hk\u0259m\u0259 binas\u0131n\u0131n qar\u015f\u0131s\u0131na topla\u015fd\u0131\u011f\u0131 bildirilir.<\/strong><\/p>\n<p>ARANTV.AZ APA-ya istinad\u0259n bildirir ki,\u00a0k\u00f6n\u00fcll\u00fc d\u0259st\u0259 komandiri A\u015fot Minasyan\u0131n y\u00fcz\u0259 yax\u0131n t\u0259r\u0259fdar\u0131 \u0130r\u0259vanda \u015eenqavit Rayon M\u0259hk\u0259m\u0259sinin qar\u015f\u0131s\u0131na topla\u015f\u0131b.<\/p>\n<p>Qeyd ed\u0259k ki, Erm\u0259nistan Milli T\u0259hl\u00fck\u0259sizlik Xidm\u0259ti \u015f\u0259nb\u0259 g\u00fcn\u00fc Ba\u015f nazir Nikol Pa\u015finyana siyasi r\u0259qibl\u0259ri t\u0259r\u0259find\u0259n sui-q\u0259sd c\u0259hdinin oldu\u011funu bildirib.<\/p>\n<p>Sisyan k\u00f6n\u00fcll\u00fc d\u0259st\u0259sinin komandiri A\u015fot Minasyan da daxil olmaqla bir ne\u00e7\u0259 n\u0259f\u0259r cinay\u0259t \u0259m\u0259ll\u0259rind\u0259 \u015f\u00fcbh\u0259li bilin\u0259r\u0259k saxlan\u0131l\u0131b.<\/p>\n<p>M\u0259lumata g\u00f6r\u0259, haz\u0131rda m\u0259hk\u0259m\u0259 binas\u0131n\u0131n qar\u015f\u0131s\u0131na toplanan\u00a0t\u0259r\u0259fdarlar sakit davran\u0131r, \u015f\u00fcarlar s\u0259sl\u0259ndirmir.<\/p>\n","protected":false},"excerpt":{"rendered":"<p>\u0130r\u0259vanda y\u00fcz\u0259 yax\u0131n insan m\u0259hk\u0259m\u0259 binas\u0131n\u0131n qar\u015f\u0131s\u0131na topla\u015fd\u0131\u011f\u0131 bildirilir. ARANTV.AZ APA-ya istinad\u0259n bildirir ki,\u00a0k\u00f6n\u00fcll\u00fc d\u0259st\u0259 komandiri A\u015fot Minasyan\u0131n y\u00fcz\u0259 yax\u0131n t\u0259r\u0259fdar\u0131 \u0130r\u0259vanda \u015eenqavit Rayon M\u0259hk\u0259m\u0259sinin qar\u015f\u0131s\u0131na topla\u015f\u0131b. Qeyd ed\u0259k ki, Erm\u0259nistan Milli T\u0259hl\u00fck\u0259sizlik Xidm\u0259ti \u015f\u0259nb\u0259 g\u00fcn\u00fc Ba\u015f nazir Nikol Pa\u015finyana siyasi r\u0259qibl\u0259ri t\u0259r\u0259find\u0259n sui-q\u0259sd c\u0259hdinin oldu\u011funu bildirib. Sisyan k\u00f6n\u00fcll\u00fc d\u0259st\u0259sinin komandiri A\u015fot Minasyan da daxil olmaqla bir ne\u00e7\u0259 n\u0259f\u0259r cinay\u0259t \u0259m\u0259ll\u0259rind\u0259 \u015f\u00fcbh\u0259li bilin\u0259r\u0259k saxlan\u0131l\u0131b. M\u0259lumata g\u00f6r\u0259, haz\u0131rda m\u0259hk\u0259m\u0259 binas\u0131n\u0131n qar\u015f\u0131s\u0131na toplanan\u00a0t\u0259r\u0259fdarlar sakit davran\u0131r, \u015f\u00fcarlar s\u0259sl\u0259ndirmir.<\/p>\n","protected":false},"author":2,"featured_media":236821,"comment_status":"closed","ping_status":"closed","sticky":false,"template":"","format":"standard","meta":{"om_disable_all_campaigns":false,"_monsterinsights_skip_tracking":false,"_monsterinsights_sitenote_active":false,"_monsterinsights_sitenote_note":"","_monsterinsights_sitenote_category":0},"categories":[7],"tags":[],"aioseo_notices":[],"gutentor_comment":0,"rttpg_featured_image_url":{"full":["https:\/\/arantv.az\/wp-content\/uploads\/2020\/11\/897422.jpg",750,422,false],"landscape":["https:\/\/arantv.az\/wp-content\/uploads\/2020\/11\/897422.jpg",750,422,false],"portraits":["https:\/\/arantv.az\/wp-content\/uploads\/2020\/11\/897422.jpg",750,422,false],"thumbnail":["https:\/\/arantv.az\/wp-content\/uploads\/2020\/11\/897422-150x150.jpg",150,150,true],"medium":["https:\/\/arantv.az\/wp-content\/uploads\/2020\/11\/897422-300x169.jpg",300,169,true],"large":["https:\/\/arantv.az\/wp-content\/uploads\/2020\/11\/897422.jpg",640,360,false],"1536x1536":["https:\/\/arantv.az\/wp-content\/uploads\/2020\/11\/897422.jpg",750,422,false],"2048x2048":["https:\/\/arantv.az\/wp-content\/uploads\/2020\/11\/897422.jpg",750,422,false],"post-thumbnail":["https:\/\/arantv.az\/wp-content\/uploads\/2020\/11\/897422-240x172.jpg",240,172,true],"advps-thumb-one":["https:\/\/arantv.az\/wp-content\/uploads\/2020\/11\/897422.jpg",750,422,false]},"rttpg_author":{"display_name":"V\u00fcsal Rafiqo\u011flu","author_link":"https:\/\/arantv.az\/?author=2"},"rttpg_comment":0,"rttpg_category":"<a href=\"https:\/\/arantv.az\/?cat=7\" rel=\"category\">D\u00fcnya<\/a>","rttpg_excerpt":"\u0130r\u0259vanda y\u00fcz\u0259 yax\u0131n insan m\u0259hk\u0259m\u0259 binas\u0131n\u0131n qar\u015f\u0131s\u0131na topla\u015fd\u0131\u011f\u0131 bildirilir. ARANTV.AZ APA-ya istinad\u0259n bildirir ki,\u00a0k\u00f6n\u00fcll\u00fc d\u0259st\u0259 komandiri A\u015fot Minasyan\u0131n y\u00fcz\u0259 yax\u0131n t\u0259r\u0259fdar\u0131 \u0130r\u0259vanda \u015eenqavit Rayon M\u0259hk\u0259m\u0259sinin qar\u015f\u0131s\u0131na topla\u015f\u0131b. Qeyd ed\u0259k ki, Erm\u0259nistan Milli T\u0259hl\u00fck\u0259sizlik Xidm\u0259ti \u015f\u0259nb\u0259 g\u00fcn\u00fc Ba\u015f nazir Nikol Pa\u015finyana siyasi r\u0259qibl\u0259ri t\u0259r\u0259find\u0259n sui-q\u0259sd c\u0259hdinin oldu\u011funu bildirib. Sisyan k\u00f6n\u00fcll\u00fc d\u0259st\u0259sinin komandiri A\u015fot Minasyan da daxil&hellip;","_links":{"self":[{"href":"https:\/\/arantv.az\/index.php?rest_route=\/wp\/v2\/posts\/236820"}],"collection":[{"href":"https:\/\/arantv.az\/index.php?rest_route=\/wp\/v2\/posts"}],"about":[{"href":"https:\/\/arantv.az\/index.php?rest_route=\/wp\/v2\/types\/post"}],"author":[{"embeddable":true,"href":"https:\/\/arantv.az\/index.php?rest_route=\/wp\/v2\/users\/2"}],"replies":[{"embeddable":true,"href":"https:\/\/arantv.az\/index.php?rest_route=%2Fwp%2Fv2%2Fcomments&post=236820"}],"version-history":[{"count":0,"href":"https:\/\/arantv.az\/index.php?rest_route=\/wp\/v2\/posts\/236820\/revisions"}],"wp:featuredmedia":[{"embeddable":true,"href":"https:\/\/arantv.az\/index.php?rest_route=\/wp\/v2\/media\/236821"}],"wp:attachment":[{"href":"https:\/\/arantv.az\/index.php?rest_route=%2Fwp%2Fv2%2Fmedia&parent=236820"}],"wp:term":[{"taxonomy":"category","embeddable":true,"href":"https:\/\/arantv.az\/index.php?rest_route=%2Fwp%2Fv2%2Fcategories&post=236820"},{"taxonomy":"post_tag","embeddable":true,"href":"https:\/\/arantv.az\/index.php?rest_route=%2Fwp%2Fv2%2Ftags&post=236820"}],"curies":[{"name":"wp","href":"https:\/\/api.w.org\/{rel}","templated":true}]}}