{"id":23691,"date":"2018-11-17T09:13:36","date_gmt":"2018-11-17T06:13:36","guid":{"rendered":"http:\/\/arantv.az\/?p=23691"},"modified":"2018-11-17T09:13:36","modified_gmt":"2018-11-17T06:13:36","slug":"ramil-quliyev-turkiy%c9%99-ordusunda-and-icdi-foto","status":"publish","type":"post","link":"https:\/\/arantv.az\/?p=23691","title":{"rendered":"Ramil Quliyev T\u00fcrkiy\u0259 ordusunda and i\u00e7di &#8211; Foto"},"content":{"rendered":"<p><strong>Y\u00fcng\u00fcl Atletika \u00fczr\u0259 d\u00fcnya \u00e7empionu olan T\u00fcrkiy\u0259 millisinin \u00fczv\u00fc Ramil Quliyev qarda\u015f \u00f6lk\u0259d\u0259 h\u0259rbi xidm\u0259t\u0259 yollan\u0131b.<\/strong><\/p>\n<p><strong>ARANTV.AZ<\/strong> x\u0259b\u0259r verir ki, onun d\u00fcn\u0259n andi\u00e7m\u0259 m\u0259rasimi olub.<\/p>\n<p>Quliyevin bu g\u00f6r\u00fcnt\u00fcl\u0259ri T\u00fcrkiy\u0259 medias\u0131nda x\u00fcsusi maraq do\u011furub.<\/p>\n<p><img class=\"img-responsive\" title=\"\" src=\"http:\/\/qafqazinfo.az\/uploads\/1542433363\/rm%20(3).jpg\" alt=\"\" \/><\/p>\n<p>qafqazinfo<\/p>\n","protected":false},"excerpt":{"rendered":"<p>Y\u00fcng\u00fcl Atletika \u00fczr\u0259 d\u00fcnya \u00e7empionu olan T\u00fcrkiy\u0259 millisinin \u00fczv\u00fc Ramil Quliyev qarda\u015f \u00f6lk\u0259d\u0259 h\u0259rbi xidm\u0259t\u0259 yollan\u0131b. ARANTV.AZ x\u0259b\u0259r verir ki, onun d\u00fcn\u0259n andi\u00e7m\u0259 m\u0259rasimi olub. Quliyevin bu g\u00f6r\u00fcnt\u00fcl\u0259ri T\u00fcrkiy\u0259 medias\u0131nda x\u00fcsusi maraq do\u011furub. qafqazinfo<\/p>\n","protected":false},"author":2,"featured_media":23692,"comment_status":"closed","ping_status":"closed","sticky":false,"template":"","format":"standard","meta":{"om_disable_all_campaigns":false,"_monsterinsights_skip_tracking":false,"_monsterinsights_sitenote_active":false,"_monsterinsights_sitenote_note":"","_monsterinsights_sitenote_category":0},"categories":[6],"tags":[],"aioseo_notices":[],"gutentor_comment":0,"rttpg_featured_image_url":{"full":["https:\/\/arantv.az\/wp-content\/uploads\/2018\/11\/rm-2.jpg",637,400,false],"landscape":["https:\/\/arantv.az\/wp-content\/uploads\/2018\/11\/rm-2.jpg",637,400,false],"portraits":["https:\/\/arantv.az\/wp-content\/uploads\/2018\/11\/rm-2.jpg",637,400,false],"thumbnail":["https:\/\/arantv.az\/wp-content\/uploads\/2018\/11\/rm-2-150x150.jpg",150,150,true],"medium":["https:\/\/arantv.az\/wp-content\/uploads\/2018\/11\/rm-2-300x188.jpg",300,188,true],"large":["https:\/\/arantv.az\/wp-content\/uploads\/2018\/11\/rm-2.jpg",637,400,false],"1536x1536":["https:\/\/arantv.az\/wp-content\/uploads\/2018\/11\/rm-2.jpg",637,400,false],"2048x2048":["https:\/\/arantv.az\/wp-content\/uploads\/2018\/11\/rm-2.jpg",637,400,false],"post-thumbnail":["https:\/\/arantv.az\/wp-content\/uploads\/2018\/11\/rm-2-240x172.jpg",240,172,true],"advps-thumb-one":["https:\/\/arantv.az\/wp-content\/uploads\/2018\/11\/rm-2.jpg",637,400,false]},"rttpg_author":{"display_name":"V\u00fcsal Rafiqo\u011flu","author_link":"https:\/\/arantv.az\/?author=2"},"rttpg_comment":0,"rttpg_category":"<a href=\"https:\/\/arantv.az\/?cat=6\" rel=\"category\">\u0130dman<\/a>","rttpg_excerpt":"Y\u00fcng\u00fcl Atletika \u00fczr\u0259 d\u00fcnya \u00e7empionu olan T\u00fcrkiy\u0259 millisinin \u00fczv\u00fc Ramil Quliyev qarda\u015f \u00f6lk\u0259d\u0259 h\u0259rbi xidm\u0259t\u0259 yollan\u0131b. ARANTV.AZ x\u0259b\u0259r verir ki, onun d\u00fcn\u0259n andi\u00e7m\u0259 m\u0259rasimi olub. Quliyevin bu g\u00f6r\u00fcnt\u00fcl\u0259ri T\u00fcrkiy\u0259 medias\u0131nda x\u00fcsusi maraq do\u011furub. qafqazinfo","_links":{"self":[{"href":"https:\/\/arantv.az\/index.php?rest_route=\/wp\/v2\/posts\/23691"}],"collection":[{"href":"https:\/\/arantv.az\/index.php?rest_route=\/wp\/v2\/posts"}],"about":[{"href":"https:\/\/arantv.az\/index.php?rest_route=\/wp\/v2\/types\/post"}],"author":[{"embeddable":true,"href":"https:\/\/arantv.az\/index.php?rest_route=\/wp\/v2\/users\/2"}],"replies":[{"embeddable":true,"href":"https:\/\/arantv.az\/index.php?rest_route=%2Fwp%2Fv2%2Fcomments&post=23691"}],"version-history":[{"count":0,"href":"https:\/\/arantv.az\/index.php?rest_route=\/wp\/v2\/posts\/23691\/revisions"}],"wp:featuredmedia":[{"embeddable":true,"href":"https:\/\/arantv.az\/index.php?rest_route=\/wp\/v2\/media\/23692"}],"wp:attachment":[{"href":"https:\/\/arantv.az\/index.php?rest_route=%2Fwp%2Fv2%2Fmedia&parent=23691"}],"wp:term":[{"taxonomy":"category","embeddable":true,"href":"https:\/\/arantv.az\/index.php?rest_route=%2Fwp%2Fv2%2Fcategories&post=23691"},{"taxonomy":"post_tag","embeddable":true,"href":"https:\/\/arantv.az\/index.php?rest_route=%2Fwp%2Fv2%2Ftags&post=23691"}],"curies":[{"name":"wp","href":"https:\/\/api.w.org\/{rel}","templated":true}]}}