{"id":23697,"date":"2018-11-17T09:23:56","date_gmt":"2018-11-17T06:23:56","guid":{"rendered":"http:\/\/arantv.az\/?p=23697"},"modified":"2018-11-17T09:23:56","modified_gmt":"2018-11-17T06:23:56","slug":"qurban-qurbanov-farer-adalari-iddiali-danisir","status":"publish","type":"post","link":"https:\/\/arantv.az\/?p=23697","title":{"rendered":"Qurban Qurbanov: Farer adalar\u0131 iddial\u0131 dan\u0131\u015f\u0131r"},"content":{"rendered":"<p>UEFA Mill\u0259tl\u0259r Liqas\u0131n\u0131n qrup m\u0259rh\u0259l\u0259si \u00e7\u0259r\u00e7iv\u0259sind\u0259 bu g\u00fcn millimiz Bak\u0131 Olimpiya Stadionunda Farer adalar\u0131 il\u0259 qar\u015f\u0131la\u015facaq.<\/p>\n<p><b>ARANTV.AZ\u00a0<\/b>x\u0259b\u0259r verir ki, Az\u0259rbaycan y\u0131\u011fmas\u0131n\u0131n\u00a0ba\u015f m\u0259\u015fq\u00e7isi\u00a0<strong>Qurban Qurbanov<\/strong>\u00a0oyundan \u0259vv\u0259l ist\u0259diyimiz n\u0259tic\u0259ni \u0259ld\u0259 ed\u0259c\u0259yimiz\u0259 inand\u0131qlar\u0131n\u0131 bildirib:<\/p>\n<p>\u201cOyunla ba\u011fl\u0131 \u00e7ox dan\u0131\u015fma\u011fa ehtiyac yoxdur. Sabahk\u0131 qar\u015f\u0131la\u015fmaya komandan\u0131 pis haz\u0131rlamam\u0131\u015f\u0131q. Oyunu d\u00fczg\u00fcn qurub, u\u011furlu n\u0259tic\u0259 qazanma\u011fa \u00e7al\u0131\u015faca\u011f\u0131q. R\u0259qibi d\u0259 yax\u0131ndan tan\u0131y\u0131r\u0131q, onlara qar\u015f\u0131 oynam\u0131\u015f\u0131q. \u0130ddial\u0131 dan\u0131\u015f\u0131rlar, biz d\u0259 iddial\u0131y\u0131q. Futbol\u00e7ular\u0131m\u0131z \u0259n yax\u015f\u0131 oyununu g\u00f6st\u0259rm\u0259y\u0259 \u00e7al\u0131\u015facaq v\u0259 r\u0259qibin s\u00fcrprizl\u0259rin\u0259 haz\u0131r olmal\u0131y\u0131q. Kosovo il\u0259 oyunlar\u0131n\u0131 izl\u0259mi\u015fik. \u0130st\u0259diyimiz n\u0259tic\u0259ni \u0259ld\u0259 ed\u0259c\u0259yimiz\u0259 inan\u0131r\u0131q. T\u0259bii ki, oyunun gedi\u015find\u0259 m\u00fc\u0259yy\u0259n d\u0259yi\u015fikliy\u0259 \u0259l ataca\u011f\u0131q.<\/p>\n<div id=\"AdributorNativeVideo0\" class=\"AdributorNativeVideo\"><\/div>\n<p>Futbol\u00e7ulardan \u0259sas t\u0259l\u0259bl\u0259rimd\u0259n biri oyun zaman\u0131 h\u00fccumda say\u0131m\u0131z\u0131n \u00e7oxalmas\u0131 il\u0259\u00a0ba\u011fl\u0131d\u0131r. M\u00fctl\u0259q deyil ki, meydana iki h\u00fccum\u00e7u il\u0259 \u00e7\u0131xaq. \u00d6n x\u0259td\u0259 yer alan futbol\u00e7ulara h\u0259r zaman h\u00fccum\u00e7u kimi yana\u015fm\u0131\u015fam. M\u0259qs\u0259dimiz oyun \u00fcslubumuzu yax\u015f\u0131la\u015fd\u0131rmaqd\u0131r. Buna nail olmaq \u00fc\u00e7\u00fcn d\u0259yi\u015fikliy\u0259 ehtiyac olsa, ed\u0259c\u0259yik. \u0130st\u0259nil\u0259n halda, \u0259n yax\u015f\u0131 oyunlar\u0131m\u0131zdan birini g\u00f6st\u0259rm\u0259y\u0259 \u00e7al\u0131\u015faca\u011f\u0131q\u201d.<\/p>\n<p>Millimizin Almaniya III divizionunda \u00e7\u0131x\u0131\u015f ed\u0259n h\u00fccum\u00e7usu\u00a0<strong>R\u00fcf\u0259t Dada\u015fov<\/strong>\u00a0is\u0259 fikirl\u0259rini bu formada \u00e7atd\u0131r\u0131b:<\/p>\n<p>\u201cKomandam\u0131z \u00fc\u00e7\u00fcn vacib oyun oldu\u011funu bilirik. \u018flb\u0259tt\u0259, \u00e7al\u0131\u015fmal\u0131y\u0131q ki, yekunda sevin\u0259n t\u0259r\u0259f biz olaq. \u00d6z oyunumuzu oynamal\u0131y\u0131q. R\u0259qibin hey\u0259tind\u0259 ucaboylu futbol\u00e7ular yer al\u0131b, amma bizim d\u0259 bu c\u00fcr oyun\u00e7ular\u0131m\u0131z var. H\u00fccum\u00e7uyam, qol vurmal\u0131yam. Ancaq Farer adalar\u0131 v\u0259 Kosovo il\u0259 oyunlarda kimin f\u0259rql\u0259nm\u0259si yox, Az\u0259rbaycan milli komandas\u0131n\u0131n q\u0259l\u0259b\u0259 qazanma\u011f\u0131 vacibdir\u201d.<\/p>\n<p>Qeyd ed\u0259k ki, bu g\u00f6r\u00fc\u015f saat 21:00-da ba\u015flayacaq.<\/p>\n<p><img src=\"http:\/\/www.affa.az\/images\/18585\/929\/46\/2\/18_3\/3.jpg\" alt=\"\u00e2\u0080\u009c\u00c4\u00b0st\u00c9\u0099diyimiz n\u00c9\u0099tic\u00c9\u0099ni \u00c9\u0099ld\u00c9\u0099 ed\u00c9\u0099c\u00c9\u0099yimiz\u00c9\u0099 inan\u00c4\u00b1r\u00c4\u00b1q\u00e2\u0080\u009d\" \/><\/p>\n<p><strong>oxu.az<\/strong><\/p>\n","protected":false},"excerpt":{"rendered":"<p>UEFA Mill\u0259tl\u0259r Liqas\u0131n\u0131n qrup m\u0259rh\u0259l\u0259si \u00e7\u0259r\u00e7iv\u0259sind\u0259 bu g\u00fcn millimiz Bak\u0131 Olimpiya Stadionunda Farer adalar\u0131 il\u0259 qar\u015f\u0131la\u015facaq. ARANTV.AZ\u00a0x\u0259b\u0259r verir ki, Az\u0259rbaycan y\u0131\u011fmas\u0131n\u0131n\u00a0ba\u015f m\u0259\u015fq\u00e7isi\u00a0Qurban Qurbanov\u00a0oyundan \u0259vv\u0259l ist\u0259diyimiz n\u0259tic\u0259ni \u0259ld\u0259 ed\u0259c\u0259yimiz\u0259 inand\u0131qlar\u0131n\u0131 bildirib: \u201cOyunla ba\u011fl\u0131 \u00e7ox dan\u0131\u015fma\u011fa ehtiyac yoxdur. Sabahk\u0131 qar\u015f\u0131la\u015fmaya komandan\u0131 pis haz\u0131rlamam\u0131\u015f\u0131q. Oyunu d\u00fczg\u00fcn qurub, u\u011furlu n\u0259tic\u0259 qazanma\u011fa \u00e7al\u0131\u015faca\u011f\u0131q. R\u0259qibi d\u0259 yax\u0131ndan tan\u0131y\u0131r\u0131q, onlara qar\u015f\u0131 oynam\u0131\u015f\u0131q. \u0130ddial\u0131 dan\u0131\u015f\u0131rlar, biz d\u0259 iddial\u0131y\u0131q. Futbol\u00e7ular\u0131m\u0131z \u0259n yax\u015f\u0131 oyununu g\u00f6st\u0259rm\u0259y\u0259 \u00e7al\u0131\u015facaq v\u0259 r\u0259qibin s\u00fcrprizl\u0259rin\u0259 haz\u0131r olmal\u0131y\u0131q. Kosovo il\u0259 oyunlar\u0131n\u0131 izl\u0259mi\u015fik. \u0130st\u0259diyimiz n\u0259tic\u0259ni \u0259ld\u0259 ed\u0259c\u0259yimiz\u0259 inan\u0131r\u0131q. T\u0259bii ki, oyunun gedi\u015find\u0259 m\u00fc\u0259yy\u0259n d\u0259yi\u015fikliy\u0259 \u0259l ataca\u011f\u0131q. Futbol\u00e7ulardan \u0259sas&hellip;<\/p>\n","protected":false},"author":2,"featured_media":23698,"comment_status":"closed","ping_status":"closed","sticky":false,"template":"","format":"standard","meta":{"om_disable_all_campaigns":false,"_monsterinsights_skip_tracking":false,"_monsterinsights_sitenote_active":false,"_monsterinsights_sitenote_note":"","_monsterinsights_sitenote_category":0},"categories":[6],"tags":[],"aioseo_notices":[],"gutentor_comment":0,"rttpg_featured_image_url":{"full":["https:\/\/arantv.az\/wp-content\/uploads\/2018\/11\/qurban.jpg",600,450,false],"landscape":["https:\/\/arantv.az\/wp-content\/uploads\/2018\/11\/qurban.jpg",600,450,false],"portraits":["https:\/\/arantv.az\/wp-content\/uploads\/2018\/11\/qurban.jpg",600,450,false],"thumbnail":["https:\/\/arantv.az\/wp-content\/uploads\/2018\/11\/qurban-150x150.jpg",150,150,true],"medium":["https:\/\/arantv.az\/wp-content\/uploads\/2018\/11\/qurban-300x225.jpg",300,225,true],"large":["https:\/\/arantv.az\/wp-content\/uploads\/2018\/11\/qurban.jpg",600,450,false],"1536x1536":["https:\/\/arantv.az\/wp-content\/uploads\/2018\/11\/qurban.jpg",600,450,false],"2048x2048":["https:\/\/arantv.az\/wp-content\/uploads\/2018\/11\/qurban.jpg",600,450,false],"post-thumbnail":["https:\/\/arantv.az\/wp-content\/uploads\/2018\/11\/qurban-240x172.jpg",240,172,true],"advps-thumb-one":["https:\/\/arantv.az\/wp-content\/uploads\/2018\/11\/qurban.jpg",600,450,false]},"rttpg_author":{"display_name":"V\u00fcsal Rafiqo\u011flu","author_link":"https:\/\/arantv.az\/?author=2"},"rttpg_comment":0,"rttpg_category":"<a href=\"https:\/\/arantv.az\/?cat=6\" rel=\"category\">\u0130dman<\/a>","rttpg_excerpt":"UEFA Mill\u0259tl\u0259r Liqas\u0131n\u0131n qrup m\u0259rh\u0259l\u0259si \u00e7\u0259r\u00e7iv\u0259sind\u0259 bu g\u00fcn millimiz Bak\u0131 Olimpiya Stadionunda Farer adalar\u0131 il\u0259 qar\u015f\u0131la\u015facaq. ARANTV.AZ\u00a0x\u0259b\u0259r verir ki, Az\u0259rbaycan y\u0131\u011fmas\u0131n\u0131n\u00a0ba\u015f m\u0259\u015fq\u00e7isi\u00a0Qurban Qurbanov\u00a0oyundan \u0259vv\u0259l ist\u0259diyimiz n\u0259tic\u0259ni \u0259ld\u0259 ed\u0259c\u0259yimiz\u0259 inand\u0131qlar\u0131n\u0131 bildirib: \u201cOyunla ba\u011fl\u0131 \u00e7ox dan\u0131\u015fma\u011fa ehtiyac yoxdur. Sabahk\u0131 qar\u015f\u0131la\u015fmaya komandan\u0131 pis haz\u0131rlamam\u0131\u015f\u0131q. Oyunu d\u00fczg\u00fcn qurub, u\u011furlu n\u0259tic\u0259 qazanma\u011fa \u00e7al\u0131\u015faca\u011f\u0131q. R\u0259qibi d\u0259 yax\u0131ndan tan\u0131y\u0131r\u0131q, onlara qar\u015f\u0131 oynam\u0131\u015f\u0131q.&hellip;","_links":{"self":[{"href":"https:\/\/arantv.az\/index.php?rest_route=\/wp\/v2\/posts\/23697"}],"collection":[{"href":"https:\/\/arantv.az\/index.php?rest_route=\/wp\/v2\/posts"}],"about":[{"href":"https:\/\/arantv.az\/index.php?rest_route=\/wp\/v2\/types\/post"}],"author":[{"embeddable":true,"href":"https:\/\/arantv.az\/index.php?rest_route=\/wp\/v2\/users\/2"}],"replies":[{"embeddable":true,"href":"https:\/\/arantv.az\/index.php?rest_route=%2Fwp%2Fv2%2Fcomments&post=23697"}],"version-history":[{"count":0,"href":"https:\/\/arantv.az\/index.php?rest_route=\/wp\/v2\/posts\/23697\/revisions"}],"wp:featuredmedia":[{"embeddable":true,"href":"https:\/\/arantv.az\/index.php?rest_route=\/wp\/v2\/media\/23698"}],"wp:attachment":[{"href":"https:\/\/arantv.az\/index.php?rest_route=%2Fwp%2Fv2%2Fmedia&parent=23697"}],"wp:term":[{"taxonomy":"category","embeddable":true,"href":"https:\/\/arantv.az\/index.php?rest_route=%2Fwp%2Fv2%2Fcategories&post=23697"},{"taxonomy":"post_tag","embeddable":true,"href":"https:\/\/arantv.az\/index.php?rest_route=%2Fwp%2Fv2%2Ftags&post=23697"}],"curies":[{"name":"wp","href":"https:\/\/api.w.org\/{rel}","templated":true}]}}