{"id":23700,"date":"2018-11-17T09:26:07","date_gmt":"2018-11-17T06:26:07","guid":{"rendered":"http:\/\/arantv.az\/?p=23700"},"modified":"2018-11-17T09:26:07","modified_gmt":"2018-11-17T06:26:07","slug":"axi-s%c9%99n-kims%c9%99n-ki-seyx%c9%99-s%c9%99rxos-halda-soz-atirsan-deputatdan-eks-rektora-reaksiya","status":"publish","type":"post","link":"https:\/\/arantv.az\/?p=23700","title":{"rendered":"\u201cAx\u0131 s\u0259n kims\u0259n ki, \u015feyx\u0259 s\u0259rxo\u015f halda s\u00f6z at\u0131rsan?\u201d &#8211; Deputatdan eks-rektora reaksiya"},"content":{"rendered":"<p><strong>Milli M\u0259clisin deputat\u0131, Yeni Az\u0259rbaycan Partiyas\u0131 (YAP) X\u0259tai rayon t\u0259\u015fkilat\u0131n\u0131n s\u0259dri H\u00fcseynbala Mir\u0259l\u0259mov akademik Abel M\u0259h\u0259rr\u0259movun Bak\u0131 D\u00f6vl\u0259t Universitetinin rektoru v\u0259zif\u0259sind\u0259n azad edilm\u0259si v\u0259 ad\u0131n\u0131n \u015f\u0259rab biznesind\u0259 hallanmas\u0131 m\u0259s\u0259l\u0259l\u0259rin\u0259 m\u00fcnasib\u0259t bildirib.\u00a0<\/strong><\/p>\n<p><strong>ARANTV.AZ<\/strong> qafqazinfo-ya istinad\u0259n x\u0259b\u0259r verir ki, H\u00fcseynbala Mir\u0259l\u0259mov demokrat.az-a a\u00e7\u0131qlamas\u0131nda deyib ki, \u0259g\u0259r Abel M\u0259h\u0259rr\u0259mov, do\u011frudan da, Qafqaz M\u00fcs\u0259lmanlar\u0131 \u0130dar\u0259sinin s\u0259dri hac\u0131 Allah\u015f\u00fck\u00fcr Pa\u015fazad\u0259nin oldu\u011fu t\u0259yyar\u0259d\u0259 bu c\u00fcr h\u0259r\u0259k\u0259tl\u0259r\u0259 yol veribs\u0259, onun bu add\u0131m\u0131 \u0259n b\u00f6y\u00fck \u0259xlaqs\u0131zl\u0131qd\u0131r:<\/p>\n<p>&#8220;M\u0259n bunu \u0259n b\u00f6y\u00fck \u0259xlaqs\u0131zl\u0131q say\u0131ram. Birinci ona sual olunur ki, ax\u0131 s\u0259n bu q\u0259d\u0259r \u00e7ax\u0131r\u0131 hara apar\u0131rsan? \u018fg\u0259r biz deyil\u0259nl\u0259r\u0259 inansaq v\u0259 Abel M\u0259h\u0259rr\u0259mov h\u0259min \u00e7ax\u0131rlar\u0131 \u0130spaniyada qabla\u015fd\u0131r\u0131b Az\u0259rbaycan insanlar\u0131na &#8220;ispan \u00e7ax\u0131r\u0131&#8221; ad\u0131 il\u0259 s\u0131r\u0131y\u0131bsa, bunun birc\u0259 ad\u0131 var, o da \u0259xlaqs\u0131zl\u0131qd\u0131r. Ax\u0131 s\u0259n kims\u0259n ki, bizim dini r\u0259hb\u0259rimiz olan v\u0259 milli ad\u0259t-\u0259n\u0259n\u0259l\u0259rimizi \u00f6z\u00fcnd\u0259 ehtiva ed\u0259n h\u00f6rm\u0259tli \u015feyximiz Allah\u015f\u00fck\u00fcr Pa\u015fazad\u0259y\u0259 qar\u015f\u0131 s\u0259rxo\u015f v\u0259ziyy\u0259td\u0259 s\u00f6z at\u0131rsan? Onun \u0259s\u0259bl\u0259ri il\u0259 oynamaq v\u0259 onu dolamaq \u0259n b\u00f6y\u00fck \u0259xlaqs\u0131zl\u0131qd\u0131r. Bunun ayr\u0131 ad\u0131 yoxdur&#8221;.<\/p>\n","protected":false},"excerpt":{"rendered":"<p>Milli M\u0259clisin deputat\u0131, Yeni Az\u0259rbaycan Partiyas\u0131 (YAP) X\u0259tai rayon t\u0259\u015fkilat\u0131n\u0131n s\u0259dri H\u00fcseynbala Mir\u0259l\u0259mov akademik Abel M\u0259h\u0259rr\u0259movun Bak\u0131 D\u00f6vl\u0259t Universitetinin rektoru v\u0259zif\u0259sind\u0259n azad edilm\u0259si v\u0259 ad\u0131n\u0131n \u015f\u0259rab biznesind\u0259 hallanmas\u0131 m\u0259s\u0259l\u0259l\u0259rin\u0259 m\u00fcnasib\u0259t bildirib.\u00a0 ARANTV.AZ qafqazinfo-ya istinad\u0259n x\u0259b\u0259r verir ki, H\u00fcseynbala Mir\u0259l\u0259mov demokrat.az-a a\u00e7\u0131qlamas\u0131nda deyib ki, \u0259g\u0259r Abel M\u0259h\u0259rr\u0259mov, do\u011frudan da, Qafqaz M\u00fcs\u0259lmanlar\u0131 \u0130dar\u0259sinin s\u0259dri hac\u0131 Allah\u015f\u00fck\u00fcr Pa\u015fazad\u0259nin oldu\u011fu t\u0259yyar\u0259d\u0259 bu c\u00fcr h\u0259r\u0259k\u0259tl\u0259r\u0259 yol veribs\u0259, onun bu add\u0131m\u0131 \u0259n b\u00f6y\u00fck \u0259xlaqs\u0131zl\u0131qd\u0131r: &#8220;M\u0259n bunu \u0259n b\u00f6y\u00fck \u0259xlaqs\u0131zl\u0131q say\u0131ram. Birinci ona sual olunur ki, ax\u0131 s\u0259n bu q\u0259d\u0259r \u00e7ax\u0131r\u0131 hara apar\u0131rsan? \u018fg\u0259r biz deyil\u0259nl\u0259r\u0259 inansaq&hellip;<\/p>\n","protected":false},"author":2,"featured_media":23701,"comment_status":"closed","ping_status":"closed","sticky":false,"template":"","format":"standard","meta":{"om_disable_all_campaigns":false,"_monsterinsights_skip_tracking":false,"_monsterinsights_sitenote_active":false,"_monsterinsights_sitenote_note":"","_monsterinsights_sitenote_category":0},"categories":[1],"tags":[],"aioseo_notices":[],"gutentor_comment":0,"rttpg_featured_image_url":{"full":["https:\/\/arantv.az\/wp-content\/uploads\/2018\/11\/704656.jpg",800,600,false],"landscape":["https:\/\/arantv.az\/wp-content\/uploads\/2018\/11\/704656.jpg",800,600,false],"portraits":["https:\/\/arantv.az\/wp-content\/uploads\/2018\/11\/704656.jpg",800,600,false],"thumbnail":["https:\/\/arantv.az\/wp-content\/uploads\/2018\/11\/704656-150x150.jpg",150,150,true],"medium":["https:\/\/arantv.az\/wp-content\/uploads\/2018\/11\/704656-300x225.jpg",300,225,true],"large":["https:\/\/arantv.az\/wp-content\/uploads\/2018\/11\/704656.jpg",640,480,false],"1536x1536":["https:\/\/arantv.az\/wp-content\/uploads\/2018\/11\/704656.jpg",800,600,false],"2048x2048":["https:\/\/arantv.az\/wp-content\/uploads\/2018\/11\/704656.jpg",800,600,false],"post-thumbnail":["https:\/\/arantv.az\/wp-content\/uploads\/2018\/11\/704656-240x172.jpg",240,172,true],"advps-thumb-one":["https:\/\/arantv.az\/wp-content\/uploads\/2018\/11\/704656.jpg",800,600,false]},"rttpg_author":{"display_name":"V\u00fcsal Rafiqo\u011flu","author_link":"https:\/\/arantv.az\/?author=2"},"rttpg_comment":0,"rttpg_category":"<a href=\"https:\/\/arantv.az\/?cat=1\" rel=\"category\">C\u0259miyy\u0259t<\/a>","rttpg_excerpt":"Milli M\u0259clisin deputat\u0131, Yeni Az\u0259rbaycan Partiyas\u0131 (YAP) X\u0259tai rayon t\u0259\u015fkilat\u0131n\u0131n s\u0259dri H\u00fcseynbala Mir\u0259l\u0259mov akademik Abel M\u0259h\u0259rr\u0259movun Bak\u0131 D\u00f6vl\u0259t Universitetinin rektoru v\u0259zif\u0259sind\u0259n azad edilm\u0259si v\u0259 ad\u0131n\u0131n \u015f\u0259rab biznesind\u0259 hallanmas\u0131 m\u0259s\u0259l\u0259l\u0259rin\u0259 m\u00fcnasib\u0259t bildirib.\u00a0 ARANTV.AZ qafqazinfo-ya istinad\u0259n x\u0259b\u0259r verir ki, H\u00fcseynbala Mir\u0259l\u0259mov demokrat.az-a a\u00e7\u0131qlamas\u0131nda deyib ki, \u0259g\u0259r Abel M\u0259h\u0259rr\u0259mov, do\u011frudan da, Qafqaz M\u00fcs\u0259lmanlar\u0131 \u0130dar\u0259sinin s\u0259dri hac\u0131 Allah\u015f\u00fck\u00fcr Pa\u015fazad\u0259nin&hellip;","_links":{"self":[{"href":"https:\/\/arantv.az\/index.php?rest_route=\/wp\/v2\/posts\/23700"}],"collection":[{"href":"https:\/\/arantv.az\/index.php?rest_route=\/wp\/v2\/posts"}],"about":[{"href":"https:\/\/arantv.az\/index.php?rest_route=\/wp\/v2\/types\/post"}],"author":[{"embeddable":true,"href":"https:\/\/arantv.az\/index.php?rest_route=\/wp\/v2\/users\/2"}],"replies":[{"embeddable":true,"href":"https:\/\/arantv.az\/index.php?rest_route=%2Fwp%2Fv2%2Fcomments&post=23700"}],"version-history":[{"count":0,"href":"https:\/\/arantv.az\/index.php?rest_route=\/wp\/v2\/posts\/23700\/revisions"}],"wp:featuredmedia":[{"embeddable":true,"href":"https:\/\/arantv.az\/index.php?rest_route=\/wp\/v2\/media\/23701"}],"wp:attachment":[{"href":"https:\/\/arantv.az\/index.php?rest_route=%2Fwp%2Fv2%2Fmedia&parent=23700"}],"wp:term":[{"taxonomy":"category","embeddable":true,"href":"https:\/\/arantv.az\/index.php?rest_route=%2Fwp%2Fv2%2Fcategories&post=23700"},{"taxonomy":"post_tag","embeddable":true,"href":"https:\/\/arantv.az\/index.php?rest_route=%2Fwp%2Fv2%2Ftags&post=23700"}],"curies":[{"name":"wp","href":"https:\/\/api.w.org\/{rel}","templated":true}]}}