{"id":23708,"date":"2018-11-17T10:32:35","date_gmt":"2018-11-17T07:32:35","guid":{"rendered":"http:\/\/arantv.az\/?p=23708"},"modified":"2018-11-17T10:32:35","modified_gmt":"2018-11-17T07:32:35","slug":"sona-v%c9%99liyeva-oz-%c9%99riz%c9%99si-il%c9%99-mtrs-uzvluyund%c9%99n-cixib","status":"publish","type":"post","link":"https:\/\/arantv.az\/?p=23708","title":{"rendered":"&#8220;Sona V\u0259liyeva \u00f6z \u0259riz\u0259si il\u0259 MTR\u015e \u00fczvl\u00fcy\u00fcnd\u0259n \u00e7\u0131x\u0131b&#8221;"},"content":{"rendered":"<p>Milli Televiziya v\u0259 Radio \u015euras\u0131 (MTR\u015e) filologiya \u00fczr\u0259 f\u0259ls\u0259f\u0259 doktoru, &#8220;Kaspi&#8221; M\u0259tbuat v\u0259 T\u0259hsil M\u0259rk\u0259zinin r\u0259hb\u0259ri, &#8220;Kaspi&#8221; q\u0259zetininin t\u0259sis\u00e7isi Sona V\u0259liyevan\u0131n \u015euran\u0131n \u00fczvl\u00fcy\u00fcnd\u0259n \u00e7\u0131xmas\u0131 m\u0259s\u0259l\u0259sin\u0259 ayd\u0131nl\u0131q g\u0259tirib.<\/p>\n<p><strong>ARANTV.AZ<\/strong>\u00a0 x\u0259b\u0259r verir ki, Milli Televiziya v\u0259 Radio \u015euras\u0131n\u0131n s\u0259dri Nu\u015fir\u0259van M\u0259h\u0259rr\u0259mli trend-\u0259 bildirib ki, S.V\u0259liyevan\u0131n MTR\u015e \u00fczvl\u00fcy\u00fcnd\u0259n \u00e7\u0131xmas\u0131 onun s\u0131x elmi-pedaqoji f\u0259aliyy\u0259ti il\u0259 ba\u011fl\u0131d\u0131r:<\/p>\n<div id=\"AdributorNativeVideo0\" class=\"AdributorNativeVideo\">\n<div class=\"adributor-inboard\">\n<div>\n<div id=\"teads0\" class=\"adributor-player\"><\/div>\n<\/div>\n<\/div>\n<\/div>\n<p>&#8220;Sona V\u0259liyeva s\u0131x elmi-pedaqoji f\u0259aliyy\u0259ti il\u0259 \u0259laq\u0259dar olaraq istefa \u0259riz\u0259si il\u0259 c\u0259nab Prezident \u0130lham \u018fliyev\u0259 m\u00fcraci\u0259t edib v\u0259 \u0259riz\u0259si q\u0259bul olunub&#8221;.<\/p>\n","protected":false},"excerpt":{"rendered":"<p>Milli Televiziya v\u0259 Radio \u015euras\u0131 (MTR\u015e) filologiya \u00fczr\u0259 f\u0259ls\u0259f\u0259 doktoru, &#8220;Kaspi&#8221; M\u0259tbuat v\u0259 T\u0259hsil M\u0259rk\u0259zinin r\u0259hb\u0259ri, &#8220;Kaspi&#8221; q\u0259zetininin t\u0259sis\u00e7isi Sona V\u0259liyevan\u0131n \u015euran\u0131n \u00fczvl\u00fcy\u00fcnd\u0259n \u00e7\u0131xmas\u0131 m\u0259s\u0259l\u0259sin\u0259 ayd\u0131nl\u0131q g\u0259tirib. ARANTV.AZ\u00a0 x\u0259b\u0259r verir ki, Milli Televiziya v\u0259 Radio \u015euras\u0131n\u0131n s\u0259dri Nu\u015fir\u0259van M\u0259h\u0259rr\u0259mli trend-\u0259 bildirib ki, S.V\u0259liyevan\u0131n MTR\u015e \u00fczvl\u00fcy\u00fcnd\u0259n \u00e7\u0131xmas\u0131 onun s\u0131x elmi-pedaqoji f\u0259aliyy\u0259ti il\u0259 ba\u011fl\u0131d\u0131r: &#8220;Sona V\u0259liyeva s\u0131x elmi-pedaqoji f\u0259aliyy\u0259ti il\u0259 \u0259laq\u0259dar olaraq istefa \u0259riz\u0259si il\u0259 c\u0259nab Prezident \u0130lham \u018fliyev\u0259 m\u00fcraci\u0259t edib v\u0259 \u0259riz\u0259si q\u0259bul olunub&#8221;.<\/p>\n","protected":false},"author":2,"featured_media":23709,"comment_status":"closed","ping_status":"closed","sticky":false,"template":"","format":"standard","meta":{"om_disable_all_campaigns":false,"_monsterinsights_skip_tracking":false,"_monsterinsights_sitenote_active":false,"_monsterinsights_sitenote_note":"","_monsterinsights_sitenote_category":0},"categories":[1],"tags":[],"aioseo_notices":[],"gutentor_comment":0,"rttpg_featured_image_url":{"full":["https:\/\/arantv.az\/wp-content\/uploads\/2018\/11\/704671.jpg",800,600,false],"landscape":["https:\/\/arantv.az\/wp-content\/uploads\/2018\/11\/704671.jpg",800,600,false],"portraits":["https:\/\/arantv.az\/wp-content\/uploads\/2018\/11\/704671.jpg",800,600,false],"thumbnail":["https:\/\/arantv.az\/wp-content\/uploads\/2018\/11\/704671-150x150.jpg",150,150,true],"medium":["https:\/\/arantv.az\/wp-content\/uploads\/2018\/11\/704671-300x225.jpg",300,225,true],"large":["https:\/\/arantv.az\/wp-content\/uploads\/2018\/11\/704671.jpg",640,480,false],"1536x1536":["https:\/\/arantv.az\/wp-content\/uploads\/2018\/11\/704671.jpg",800,600,false],"2048x2048":["https:\/\/arantv.az\/wp-content\/uploads\/2018\/11\/704671.jpg",800,600,false],"post-thumbnail":["https:\/\/arantv.az\/wp-content\/uploads\/2018\/11\/704671-240x172.jpg",240,172,true],"advps-thumb-one":["https:\/\/arantv.az\/wp-content\/uploads\/2018\/11\/704671.jpg",800,600,false]},"rttpg_author":{"display_name":"V\u00fcsal Rafiqo\u011flu","author_link":"https:\/\/arantv.az\/?author=2"},"rttpg_comment":0,"rttpg_category":"<a href=\"https:\/\/arantv.az\/?cat=1\" rel=\"category\">C\u0259miyy\u0259t<\/a>","rttpg_excerpt":"Milli Televiziya v\u0259 Radio \u015euras\u0131 (MTR\u015e) filologiya \u00fczr\u0259 f\u0259ls\u0259f\u0259 doktoru, &#8220;Kaspi&#8221; M\u0259tbuat v\u0259 T\u0259hsil M\u0259rk\u0259zinin r\u0259hb\u0259ri, &#8220;Kaspi&#8221; q\u0259zetininin t\u0259sis\u00e7isi Sona V\u0259liyevan\u0131n \u015euran\u0131n \u00fczvl\u00fcy\u00fcnd\u0259n \u00e7\u0131xmas\u0131 m\u0259s\u0259l\u0259sin\u0259 ayd\u0131nl\u0131q g\u0259tirib. ARANTV.AZ\u00a0 x\u0259b\u0259r verir ki, Milli Televiziya v\u0259 Radio \u015euras\u0131n\u0131n s\u0259dri Nu\u015fir\u0259van M\u0259h\u0259rr\u0259mli trend-\u0259 bildirib ki, S.V\u0259liyevan\u0131n MTR\u015e \u00fczvl\u00fcy\u00fcnd\u0259n \u00e7\u0131xmas\u0131 onun s\u0131x elmi-pedaqoji f\u0259aliyy\u0259ti il\u0259 ba\u011fl\u0131d\u0131r: &#8220;Sona V\u0259liyeva s\u0131x&hellip;","_links":{"self":[{"href":"https:\/\/arantv.az\/index.php?rest_route=\/wp\/v2\/posts\/23708"}],"collection":[{"href":"https:\/\/arantv.az\/index.php?rest_route=\/wp\/v2\/posts"}],"about":[{"href":"https:\/\/arantv.az\/index.php?rest_route=\/wp\/v2\/types\/post"}],"author":[{"embeddable":true,"href":"https:\/\/arantv.az\/index.php?rest_route=\/wp\/v2\/users\/2"}],"replies":[{"embeddable":true,"href":"https:\/\/arantv.az\/index.php?rest_route=%2Fwp%2Fv2%2Fcomments&post=23708"}],"version-history":[{"count":0,"href":"https:\/\/arantv.az\/index.php?rest_route=\/wp\/v2\/posts\/23708\/revisions"}],"wp:featuredmedia":[{"embeddable":true,"href":"https:\/\/arantv.az\/index.php?rest_route=\/wp\/v2\/media\/23709"}],"wp:attachment":[{"href":"https:\/\/arantv.az\/index.php?rest_route=%2Fwp%2Fv2%2Fmedia&parent=23708"}],"wp:term":[{"taxonomy":"category","embeddable":true,"href":"https:\/\/arantv.az\/index.php?rest_route=%2Fwp%2Fv2%2Fcategories&post=23708"},{"taxonomy":"post_tag","embeddable":true,"href":"https:\/\/arantv.az\/index.php?rest_route=%2Fwp%2Fv2%2Ftags&post=23708"}],"curies":[{"name":"wp","href":"https:\/\/api.w.org\/{rel}","templated":true}]}}