{"id":23714,"date":"2018-11-17T10:36:28","date_gmt":"2018-11-17T07:36:28","guid":{"rendered":"http:\/\/arantv.az\/?p=23714"},"modified":"2018-11-17T10:36:28","modified_gmt":"2018-11-17T07:36:28","slug":"m%c9%99leyk%c9%99-abbaszad%c9%99-g%c9%99l%c9%99n-il-keciril%c9%99c%c9%99k-imtahanlarda-ciddi-d%c9%99yisiklikl%c9%99r-olacaq","status":"publish","type":"post","link":"https:\/\/arantv.az\/?p=23714","title":{"rendered":"M\u0259leyk\u0259 Abbaszad\u0259: &#8220;G\u0259l\u0259n il ke\u00e7iril\u0259c\u0259k imtahanlarda ciddi d\u0259yi\u015fiklikl\u0259r olacaq&#8221;"},"content":{"rendered":"<p>G\u0259l\u0259n il D\u00f6vl\u0259t \u0130mtahan M\u0259rk\u0259zi \u00fc\u00e7\u00fcn g\u0259rgin ke\u00e7\u0259c\u0259k. \u00c7\u00fcnki g\u0259l\u0259n il ke\u00e7iril\u0259c\u0259k imtahanlarda ciddi d\u0259yi\u015fiklikl\u0259r olacaq.<\/p>\n<p><strong>ARANTV.AZ<\/strong> trend-\u0259 istinad\u0259n bildirir ki, bunu D\u00f6vl\u0259t \u0130mtahan M\u0259rk\u0259zinin Direktorlar \u015euras\u0131n\u0131n s\u0259dri M\u0259leyk\u0259 Abbaszad\u0259 &#8220;D\u00f6vl\u0259t \u0130mtahan M\u0259rk\u0259zinin f\u0259aliyy\u0259ti: imtahanlara d\u00f6vl\u0259t n\u0259zar\u0259ti v\u0259 ictimai n\u0259zar\u0259tin v\u0259hd\u0259ti&#8221; m\u00f6vzusunda konfransda \u00e7\u0131x\u0131\u015f\u0131 zaman\u0131 deyib.<\/p>\n<p>Onun s\u00f6zl\u0259rin\u0259 g\u00f6r\u0259, 2018-ci ilin 10 ay\u0131 \u0259rzind\u0259 641 min 517 i\u015ftirak\u00e7\u0131 imtahanda olub: &#8220;18603 n\u0259f\u0259r qabiliyy\u0259t imtahanlar\u0131nda i\u015ftirak edib. 48309 n\u0259f\u0259r ictimaiyy\u0259t n\u00fcmay\u0259nd\u0259si imtahan prosesini idar\u0259 etm\u0259k \u00fc\u00e7\u00fcn D\u0130M t\u0259r\u0259find\u0259n d\u0259v\u0259t olunub. 2367 n\u0259f\u0259r ekspert, marker qismind\u0259 imtahan\u0131n m\u0259zmunu il\u0259 ba\u011fl\u0131 i\u015fl\u0259ri h\u0259yata ke\u00e7irm\u0259k \u00fc\u00e7\u00fcn c\u0259lb olunub. Bu \u0259m\u0259kda\u015flar v\u0259 m\u00fct\u0259x\u0259ssisl\u0259r h\u00fcquq-m\u00fchafiz\u0259, icra hakimiyy\u0259ti v\u0259 dig\u0259r d\u00f6vl\u0259t orqanlar\u0131n\u0131, elm v\u0259 t\u0259hsil m\u00fc\u0259ssis\u0259l\u0259rini t\u0259msil edir v\u0259 D\u0130M-in \u0259m\u0259kda\u015flar\u0131 il\u0259 \u00e7iyin-\u00e7iyin\u0259 imtahanlar\u0131n h\u0259yata ke\u00e7irilm\u0259sin\u0259 \u00f6z t\u00f6hf\u0259l\u0259rini verirl\u0259r&#8221;.<\/p>\n<div id=\"AdributorNativeVideo0\" class=\"AdributorNativeVideo\"><\/div>\n<p>M.Abbaszad\u0259 qeyd edib ki, beyn\u0259lxalq qiym\u0259tl\u0259ndirm\u0259l\u0259rin n\u0259tic\u0259l\u0259ri v\u0259 orada istifad\u0259 edil\u0259n al\u0259tl\u0259r \u00f6yr\u0259nilir. &#8220;Buna etm\u0259yimiz\u0259 s\u0259b\u0259b istifad\u0259\u00e7il\u0259r\u0259 veril\u0259n suallar\u0131n m\u00fcasir d\u00f6vr\u0259 uy\u011fun olmas\u0131 il\u0259 ba\u011fl\u0131d\u0131r&#8221;.<\/p>\n","protected":false},"excerpt":{"rendered":"<p>G\u0259l\u0259n il D\u00f6vl\u0259t \u0130mtahan M\u0259rk\u0259zi \u00fc\u00e7\u00fcn g\u0259rgin ke\u00e7\u0259c\u0259k. \u00c7\u00fcnki g\u0259l\u0259n il ke\u00e7iril\u0259c\u0259k imtahanlarda ciddi d\u0259yi\u015fiklikl\u0259r olacaq. ARANTV.AZ trend-\u0259 istinad\u0259n bildirir ki, bunu D\u00f6vl\u0259t \u0130mtahan M\u0259rk\u0259zinin Direktorlar \u015euras\u0131n\u0131n s\u0259dri M\u0259leyk\u0259 Abbaszad\u0259 &#8220;D\u00f6vl\u0259t \u0130mtahan M\u0259rk\u0259zinin f\u0259aliyy\u0259ti: imtahanlara d\u00f6vl\u0259t n\u0259zar\u0259ti v\u0259 ictimai n\u0259zar\u0259tin v\u0259hd\u0259ti&#8221; m\u00f6vzusunda konfransda \u00e7\u0131x\u0131\u015f\u0131 zaman\u0131 deyib. Onun s\u00f6zl\u0259rin\u0259 g\u00f6r\u0259, 2018-ci ilin 10 ay\u0131 \u0259rzind\u0259 641 min 517 i\u015ftirak\u00e7\u0131 imtahanda olub: &#8220;18603 n\u0259f\u0259r qabiliyy\u0259t imtahanlar\u0131nda i\u015ftirak edib. 48309 n\u0259f\u0259r ictimaiyy\u0259t n\u00fcmay\u0259nd\u0259si imtahan prosesini idar\u0259 etm\u0259k \u00fc\u00e7\u00fcn D\u0130M t\u0259r\u0259find\u0259n d\u0259v\u0259t olunub. 2367 n\u0259f\u0259r ekspert, marker qismind\u0259 imtahan\u0131n m\u0259zmunu il\u0259 ba\u011fl\u0131 i\u015fl\u0259ri h\u0259yata&hellip;<\/p>\n","protected":false},"author":2,"featured_media":23715,"comment_status":"closed","ping_status":"closed","sticky":false,"template":"","format":"standard","meta":{"om_disable_all_campaigns":false,"_monsterinsights_skip_tracking":false,"_monsterinsights_sitenote_active":false,"_monsterinsights_sitenote_note":"","_monsterinsights_sitenote_category":0},"categories":[1],"tags":[],"aioseo_notices":[],"gutentor_comment":0,"rttpg_featured_image_url":{"full":["https:\/\/arantv.az\/wp-content\/uploads\/2018\/11\/meleyke_abbaszade_0987.jpg",800,600,false],"landscape":["https:\/\/arantv.az\/wp-content\/uploads\/2018\/11\/meleyke_abbaszade_0987.jpg",800,600,false],"portraits":["https:\/\/arantv.az\/wp-content\/uploads\/2018\/11\/meleyke_abbaszade_0987.jpg",800,600,false],"thumbnail":["https:\/\/arantv.az\/wp-content\/uploads\/2018\/11\/meleyke_abbaszade_0987-150x150.jpg",150,150,true],"medium":["https:\/\/arantv.az\/wp-content\/uploads\/2018\/11\/meleyke_abbaszade_0987-300x225.jpg",300,225,true],"large":["https:\/\/arantv.az\/wp-content\/uploads\/2018\/11\/meleyke_abbaszade_0987.jpg",640,480,false],"1536x1536":["https:\/\/arantv.az\/wp-content\/uploads\/2018\/11\/meleyke_abbaszade_0987.jpg",800,600,false],"2048x2048":["https:\/\/arantv.az\/wp-content\/uploads\/2018\/11\/meleyke_abbaszade_0987.jpg",800,600,false],"post-thumbnail":["https:\/\/arantv.az\/wp-content\/uploads\/2018\/11\/meleyke_abbaszade_0987-240x172.jpg",240,172,true],"advps-thumb-one":["https:\/\/arantv.az\/wp-content\/uploads\/2018\/11\/meleyke_abbaszade_0987.jpg",800,600,false]},"rttpg_author":{"display_name":"V\u00fcsal Rafiqo\u011flu","author_link":"https:\/\/arantv.az\/?author=2"},"rttpg_comment":0,"rttpg_category":"<a href=\"https:\/\/arantv.az\/?cat=1\" rel=\"category\">C\u0259miyy\u0259t<\/a>","rttpg_excerpt":"G\u0259l\u0259n il D\u00f6vl\u0259t \u0130mtahan M\u0259rk\u0259zi \u00fc\u00e7\u00fcn g\u0259rgin ke\u00e7\u0259c\u0259k. \u00c7\u00fcnki g\u0259l\u0259n il ke\u00e7iril\u0259c\u0259k imtahanlarda ciddi d\u0259yi\u015fiklikl\u0259r olacaq. ARANTV.AZ trend-\u0259 istinad\u0259n bildirir ki, bunu D\u00f6vl\u0259t \u0130mtahan M\u0259rk\u0259zinin Direktorlar \u015euras\u0131n\u0131n s\u0259dri M\u0259leyk\u0259 Abbaszad\u0259 &#8220;D\u00f6vl\u0259t \u0130mtahan M\u0259rk\u0259zinin f\u0259aliyy\u0259ti: imtahanlara d\u00f6vl\u0259t n\u0259zar\u0259ti v\u0259 ictimai n\u0259zar\u0259tin v\u0259hd\u0259ti&#8221; m\u00f6vzusunda konfransda \u00e7\u0131x\u0131\u015f\u0131 zaman\u0131 deyib. Onun s\u00f6zl\u0259rin\u0259 g\u00f6r\u0259, 2018-ci ilin 10 ay\u0131 \u0259rzind\u0259 641&hellip;","_links":{"self":[{"href":"https:\/\/arantv.az\/index.php?rest_route=\/wp\/v2\/posts\/23714"}],"collection":[{"href":"https:\/\/arantv.az\/index.php?rest_route=\/wp\/v2\/posts"}],"about":[{"href":"https:\/\/arantv.az\/index.php?rest_route=\/wp\/v2\/types\/post"}],"author":[{"embeddable":true,"href":"https:\/\/arantv.az\/index.php?rest_route=\/wp\/v2\/users\/2"}],"replies":[{"embeddable":true,"href":"https:\/\/arantv.az\/index.php?rest_route=%2Fwp%2Fv2%2Fcomments&post=23714"}],"version-history":[{"count":0,"href":"https:\/\/arantv.az\/index.php?rest_route=\/wp\/v2\/posts\/23714\/revisions"}],"wp:featuredmedia":[{"embeddable":true,"href":"https:\/\/arantv.az\/index.php?rest_route=\/wp\/v2\/media\/23715"}],"wp:attachment":[{"href":"https:\/\/arantv.az\/index.php?rest_route=%2Fwp%2Fv2%2Fmedia&parent=23714"}],"wp:term":[{"taxonomy":"category","embeddable":true,"href":"https:\/\/arantv.az\/index.php?rest_route=%2Fwp%2Fv2%2Fcategories&post=23714"},{"taxonomy":"post_tag","embeddable":true,"href":"https:\/\/arantv.az\/index.php?rest_route=%2Fwp%2Fv2%2Ftags&post=23714"}],"curies":[{"name":"wp","href":"https:\/\/api.w.org\/{rel}","templated":true}]}}