{"id":23730,"date":"2018-11-17T11:39:58","date_gmt":"2018-11-17T08:39:58","guid":{"rendered":"http:\/\/arantv.az\/?p=23730"},"modified":"2018-11-17T11:39:58","modified_gmt":"2018-11-17T08:39:58","slug":"abel-m%c9%99h%c9%99rr%c9%99movun-general-qardasi-isd%c9%99n-cixarilib-nazirlikd%c9%99n-cavab","status":"publish","type":"post","link":"https:\/\/arantv.az\/?p=23730","title":{"rendered":"Abel M\u0259h\u0259rr\u0259movun general qarda\u015f\u0131 i\u015fd\u0259n \u00e7\u0131xar\u0131l\u0131b? &#8211; Nazirlikd\u0259n CAVAB"},"content":{"rendered":"<p>Prezident \u0130lham \u018fliyevin s\u0259r\u0259ncam\u0131 il\u0259 Bak\u0131 D\u00f6vl\u0259t Universitetinin rektoru v\u0259zif\u0259sind\u0259n azad olunan Abel M\u0259h\u0259rr\u0259movun general qarda\u015f\u0131n\u0131n da i\u015fd\u0259n \u00e7\u0131xar\u0131lmas\u0131 x\u0259b\u0259ri yay\u0131l\u0131b.<\/p>\n<p>M\u0259lumatda qeyd olunub ki, A.M\u0259h\u0259r\u0259movun qarda\u015f\u0131 Rauf M\u0259h\u0259rr\u0259mov \u018fdliyy\u0259 Nazirliyi Kadrlar idar\u0259sinin r\u0259isi v\u0259zif\u0259sind\u0259n azad olunub.<\/p>\n<div id=\"AdributorNativeVideo0\" class=\"AdributorNativeVideo\"><\/div>\n<p><strong>ARANTV.AZ<\/strong> x\u0259b\u0259r verir ki, Nazirliyin M\u0259tbuat Xidm\u0259tind\u0259n qafqazinfo-ya veril\u0259n a\u00e7\u0131qlamada x\u0259b\u0259r t\u0259kzib edilib: &#8220;H\u0259min m\u0259lumatlar tamamil\u0259 uydurma olmaqla sensasiya xarakteri da\u015f\u0131y\u0131r v\u0259 Rauf M\u0259h\u0259rr\u0259mov haz\u0131rda i\u015f ba\u015f\u0131ndad\u0131r v\u0259 \u00f6z v\u0259zif\u0259sini icra edir&#8221;.<\/p>\n","protected":false},"excerpt":{"rendered":"<p>Prezident \u0130lham \u018fliyevin s\u0259r\u0259ncam\u0131 il\u0259 Bak\u0131 D\u00f6vl\u0259t Universitetinin rektoru v\u0259zif\u0259sind\u0259n azad olunan Abel M\u0259h\u0259rr\u0259movun general qarda\u015f\u0131n\u0131n da i\u015fd\u0259n \u00e7\u0131xar\u0131lmas\u0131 x\u0259b\u0259ri yay\u0131l\u0131b. M\u0259lumatda qeyd olunub ki, A.M\u0259h\u0259r\u0259movun qarda\u015f\u0131 Rauf M\u0259h\u0259rr\u0259mov \u018fdliyy\u0259 Nazirliyi Kadrlar idar\u0259sinin r\u0259isi v\u0259zif\u0259sind\u0259n azad olunub. ARANTV.AZ x\u0259b\u0259r verir ki, Nazirliyin M\u0259tbuat Xidm\u0259tind\u0259n qafqazinfo-ya veril\u0259n a\u00e7\u0131qlamada x\u0259b\u0259r t\u0259kzib edilib: &#8220;H\u0259min m\u0259lumatlar tamamil\u0259 uydurma olmaqla sensasiya xarakteri da\u015f\u0131y\u0131r v\u0259 Rauf M\u0259h\u0259rr\u0259mov haz\u0131rda i\u015f ba\u015f\u0131ndad\u0131r v\u0259 \u00f6z v\u0259zif\u0259sini icra edir&#8221;.<\/p>\n","protected":false},"author":2,"featured_media":23731,"comment_status":"closed","ping_status":"closed","sticky":false,"template":"","format":"standard","meta":{"om_disable_all_campaigns":false,"_monsterinsights_skip_tracking":false,"_monsterinsights_sitenote_active":false,"_monsterinsights_sitenote_note":"","_monsterinsights_sitenote_category":0},"categories":[19],"tags":[],"aioseo_notices":[],"gutentor_comment":0,"rttpg_featured_image_url":{"full":["https:\/\/arantv.az\/wp-content\/uploads\/2018\/11\/704702.jpg",600,450,false],"landscape":["https:\/\/arantv.az\/wp-content\/uploads\/2018\/11\/704702.jpg",600,450,false],"portraits":["https:\/\/arantv.az\/wp-content\/uploads\/2018\/11\/704702.jpg",600,450,false],"thumbnail":["https:\/\/arantv.az\/wp-content\/uploads\/2018\/11\/704702-150x150.jpg",150,150,true],"medium":["https:\/\/arantv.az\/wp-content\/uploads\/2018\/11\/704702-300x225.jpg",300,225,true],"large":["https:\/\/arantv.az\/wp-content\/uploads\/2018\/11\/704702.jpg",600,450,false],"1536x1536":["https:\/\/arantv.az\/wp-content\/uploads\/2018\/11\/704702.jpg",600,450,false],"2048x2048":["https:\/\/arantv.az\/wp-content\/uploads\/2018\/11\/704702.jpg",600,450,false],"post-thumbnail":["https:\/\/arantv.az\/wp-content\/uploads\/2018\/11\/704702-240x172.jpg",240,172,true],"advps-thumb-one":["https:\/\/arantv.az\/wp-content\/uploads\/2018\/11\/704702.jpg",600,450,false]},"rttpg_author":{"display_name":"V\u00fcsal Rafiqo\u011flu","author_link":"https:\/\/arantv.az\/?author=2"},"rttpg_comment":0,"rttpg_category":"<a href=\"https:\/\/arantv.az\/?cat=19\" rel=\"category\">G\u00fcnd\u0259m<\/a>","rttpg_excerpt":"Prezident \u0130lham \u018fliyevin s\u0259r\u0259ncam\u0131 il\u0259 Bak\u0131 D\u00f6vl\u0259t Universitetinin rektoru v\u0259zif\u0259sind\u0259n azad olunan Abel M\u0259h\u0259rr\u0259movun general qarda\u015f\u0131n\u0131n da i\u015fd\u0259n \u00e7\u0131xar\u0131lmas\u0131 x\u0259b\u0259ri yay\u0131l\u0131b. M\u0259lumatda qeyd olunub ki, A.M\u0259h\u0259r\u0259movun qarda\u015f\u0131 Rauf M\u0259h\u0259rr\u0259mov \u018fdliyy\u0259 Nazirliyi Kadrlar idar\u0259sinin r\u0259isi v\u0259zif\u0259sind\u0259n azad olunub. ARANTV.AZ x\u0259b\u0259r verir ki, Nazirliyin M\u0259tbuat Xidm\u0259tind\u0259n qafqazinfo-ya veril\u0259n a\u00e7\u0131qlamada x\u0259b\u0259r t\u0259kzib edilib: &#8220;H\u0259min m\u0259lumatlar tamamil\u0259 uydurma olmaqla&hellip;","_links":{"self":[{"href":"https:\/\/arantv.az\/index.php?rest_route=\/wp\/v2\/posts\/23730"}],"collection":[{"href":"https:\/\/arantv.az\/index.php?rest_route=\/wp\/v2\/posts"}],"about":[{"href":"https:\/\/arantv.az\/index.php?rest_route=\/wp\/v2\/types\/post"}],"author":[{"embeddable":true,"href":"https:\/\/arantv.az\/index.php?rest_route=\/wp\/v2\/users\/2"}],"replies":[{"embeddable":true,"href":"https:\/\/arantv.az\/index.php?rest_route=%2Fwp%2Fv2%2Fcomments&post=23730"}],"version-history":[{"count":0,"href":"https:\/\/arantv.az\/index.php?rest_route=\/wp\/v2\/posts\/23730\/revisions"}],"wp:featuredmedia":[{"embeddable":true,"href":"https:\/\/arantv.az\/index.php?rest_route=\/wp\/v2\/media\/23731"}],"wp:attachment":[{"href":"https:\/\/arantv.az\/index.php?rest_route=%2Fwp%2Fv2%2Fmedia&parent=23730"}],"wp:term":[{"taxonomy":"category","embeddable":true,"href":"https:\/\/arantv.az\/index.php?rest_route=%2Fwp%2Fv2%2Fcategories&post=23730"},{"taxonomy":"post_tag","embeddable":true,"href":"https:\/\/arantv.az\/index.php?rest_route=%2Fwp%2Fv2%2Ftags&post=23730"}],"curies":[{"name":"wp","href":"https:\/\/api.w.org\/{rel}","templated":true}]}}