{"id":23737,"date":"2018-11-17T13:21:54","date_gmt":"2018-11-17T10:21:54","guid":{"rendered":"http:\/\/arantv.az\/?p=23737"},"modified":"2018-11-17T13:21:54","modified_gmt":"2018-11-17T10:21:54","slug":"paracudocularimiz-dunya-cempionatinin-ilk-gunund%c9%99-dord-medal-qazandi-foto","status":"publish","type":"post","link":"https:\/\/arantv.az\/?p=23737","title":{"rendered":"Parac\u00fcdo\u00e7ular\u0131m\u0131z d\u00fcnya \u00e7empionat\u0131n\u0131n ilk g\u00fcn\u00fcnd\u0259 d\u00f6rd medal qazand\u0131 &#8211; FOTO"},"content":{"rendered":"<p>X\u0259b\u0259r verdiyimiz kimi, Portuqaliyan\u0131n Odivela\u015f \u015f\u0259h\u0259rind\u0259 Beyn\u0259lxalq Korlar \u0130dman\u0131 Federasiyas\u0131n\u0131n (IBSA) t\u0259\u015fkilat\u00e7\u0131l\u0131\u011f\u0131 il\u0259 parac\u00fcdo\u00e7ular aras\u0131nda d\u00fcnya \u00e7empionat\u0131 start g\u00f6t\u00fcr\u00fcb.<\/p>\n<p><b>ARANTV.AZ\u00a0<\/b>x\u0259b\u0259r verir ki, milli komandam\u0131z\u0131n 60 kq-da \u00e7\u0131x\u0131\u015f ed\u0259n iki c\u00fcdo\u00e7usu\u00a0<strong>V\u00fcqar \u015eirinli<\/strong>\u00a0(B3) v\u0259\u00a0<strong>Orxan Qarayev<\/strong>\u00a0(B2) is\u0259 III yer u\u011frunda tatamid\u0259 qar\u015f\u0131la\u015f\u0131blar.<\/p>\n<p>Bu ilin \u0259vv\u0259lin\u0259d\u0259k \u201csa\u011flamlar\u201dda \u00e7\u0131x\u0131\u015f etmi\u015f \u015eirinli qalib g\u0259l\u0259r\u0259k b\u00fcr\u00fcnc medala sahib olub.<\/p>\n<div id=\"AdributorNativeVideo0\" class=\"AdributorNativeVideo\"><\/div>\n<p><img src=\"https:\/\/scontent.fgyd11-1.fna.fbcdn.net\/v\/t1.0-9\/46460814_579626025809978_6275803992417107968_o.jpg?_nc_cat=110&amp;_nc_ht=scontent.fgyd11-1.fna&amp;oh=fa6200ed30a6a4dac64de776201a5264&amp;oe=5C791176\" alt=\"IBSA Judo adl\u00c4\u00b1 \u00c5\u009f\u00c9\u0099xsin \u00c5\u009f\u00c9\u0099kli.\" \/><\/p>\n<p>B2 g\u00f6rm\u0259 qabiliyy\u0259tin\u0259 m\u0259xsus olan\u00a0<strong>Bayram Mustafayev<\/strong>\u00a0(-66 kq) \u0259lc\u0259zairli r\u0259qibi\u00a0<strong>Sid Ali Lamri<\/strong>ni (B3) ipponla m\u0259\u011flub ed\u0259r\u0259k f\u0259xri k\u00fcrs\u00fcn\u00fcn \u0259n y\u00fcks\u0259k pill\u0259sin\u0259 y\u00fcks\u0259lib.<\/p>\n<p><img src=\"https:\/\/scontent.fgyd11-1.fna.fbcdn.net\/v\/t1.0-9\/46389717_579626599143254_3900603828378009600_o.jpg?_nc_cat=109&amp;_nc_ht=scontent.fgyd11-1.fna&amp;oh=8bd39e5f6e011a22f782bb3421e5bd7e&amp;oe=5C63B4C8\" alt=\"IBSA Judo adl\u00c4\u00b1 \u00c5\u009f\u00c9\u0099xsin \u00c5\u009f\u00c9\u0099kli.\" \/><\/p>\n<p>Sonuncu Paralimpiya Oyunlar\u0131n\u0131n qalibi, d\u00fcnya, ikiqat Avropa \u00e7empionu, IV \u0130slam H\u0259mr\u0259ylik Oyunlar\u0131n\u0131n q\u0131z\u0131l m\u00fckafat\u00e7\u0131s\u0131\u00a0<strong>Ramil Qas\u0131mov<\/strong>\u00a0(-73 kq) B3 g\u00f6rm\u0259 qabiliyy\u0259tin\u0259 m\u0259xsus olsa da, yar\u0131mfinalda B1 kateqoriyal\u0131 olan koreyal\u0131 r\u0259qibin\u0259 uduzub. Lakin m\u0259\u015fhur idman\u00e7\u0131m\u0131z b\u00fcr\u00fcnc medal u\u011frunda g\u00f6r\u00fc\u015fd\u0259 G\u00fcrc\u00fcstan t\u0259msil\u00e7isi\u00a0<strong>Ba\u00e7uki \u015eelia<\/strong>n\u0131 (B2) m\u0259\u011flub ed\u0259r\u0259k m\u00fckafat qazana bilib.<\/p>\n<p><img src=\"https:\/\/scontent.fgyd11-1.fna.fbcdn.net\/v\/t1.0-9\/46415896_579626409143273_2745499861909504000_o.jpg?_nc_cat=105&amp;_nc_ht=scontent.fgyd11-1.fna&amp;oh=d28f84ea22eab0225452471c6d0f9996&amp;oe=5C65A7FA\" alt=\"IBSA Judo adl\u00c4\u00b1 \u00c5\u009f\u00c9\u0099xsin \u00c5\u009f\u00c9\u0099kli.\" \/><\/p>\n<p>Qad\u0131nlar\u0131n final m\u00fcbariz\u0259sind\u0259 is\u0259\u00a0<strong>\u015eahan\u0259 Hac\u0131yeva<\/strong>\u00a0(-48 kq) koreyal\u0131\u00a0<strong>Suhi \u00c7oi<\/strong>y\u0259 uduzaraq d\u00fcnya \u00e7empionat\u0131n\u0131n g\u00fcm\u00fc\u015f medal\u0131 il\u0259 kifay\u0259tl\u0259nib.<\/p>\n<p><img src=\"https:\/\/scontent.fgyd11-1.fna.fbcdn.net\/v\/t1.0-9\/46362145_579624899143424_1024390283241979904_o.jpg?_nc_cat=111&amp;_nc_ht=scontent.fgyd11-1.fna&amp;oh=df952e62b1634732684851094c0b8f50&amp;oe=5C6A7F1F\" alt=\"IBSA Judo adl\u00c4\u00b1 \u00c5\u009f\u00c9\u0099xsin \u00c5\u009f\u00c9\u0099kli.\" \/><\/p>\n<p>Qeyd ed\u0259k ki, 43 \u00f6lk\u0259d\u0259n 268 idman\u00e7\u0131 bu yar\u0131\u015fda m\u00fcbariz\u0259 apar\u0131r. Millimiz f\u0259rdi yar\u0131\u015flarda 14 idman\u00e7\u0131 il\u0259 t\u0259msil olunur. Bu g\u00fcn f\u0259rdi yar\u0131\u015flara yekun vurulacaq.<\/p>\n<p>oxu.az<\/p>\n","protected":false},"excerpt":{"rendered":"<p>X\u0259b\u0259r verdiyimiz kimi, Portuqaliyan\u0131n Odivela\u015f \u015f\u0259h\u0259rind\u0259 Beyn\u0259lxalq Korlar \u0130dman\u0131 Federasiyas\u0131n\u0131n (IBSA) t\u0259\u015fkilat\u00e7\u0131l\u0131\u011f\u0131 il\u0259 parac\u00fcdo\u00e7ular aras\u0131nda d\u00fcnya \u00e7empionat\u0131 start g\u00f6t\u00fcr\u00fcb. ARANTV.AZ\u00a0x\u0259b\u0259r verir ki, milli komandam\u0131z\u0131n 60 kq-da \u00e7\u0131x\u0131\u015f ed\u0259n iki c\u00fcdo\u00e7usu\u00a0V\u00fcqar \u015eirinli\u00a0(B3) v\u0259\u00a0Orxan Qarayev\u00a0(B2) is\u0259 III yer u\u011frunda tatamid\u0259 qar\u015f\u0131la\u015f\u0131blar. Bu ilin \u0259vv\u0259lin\u0259d\u0259k \u201csa\u011flamlar\u201dda \u00e7\u0131x\u0131\u015f etmi\u015f \u015eirinli qalib g\u0259l\u0259r\u0259k b\u00fcr\u00fcnc medala sahib olub. B2 g\u00f6rm\u0259 qabiliyy\u0259tin\u0259 m\u0259xsus olan\u00a0Bayram Mustafayev\u00a0(-66 kq) \u0259lc\u0259zairli r\u0259qibi\u00a0Sid Ali Lamrini (B3) ipponla m\u0259\u011flub ed\u0259r\u0259k f\u0259xri k\u00fcrs\u00fcn\u00fcn \u0259n y\u00fcks\u0259k pill\u0259sin\u0259 y\u00fcks\u0259lib. Sonuncu Paralimpiya Oyunlar\u0131n\u0131n qalibi, d\u00fcnya, ikiqat Avropa \u00e7empionu, IV \u0130slam H\u0259mr\u0259ylik Oyunlar\u0131n\u0131n q\u0131z\u0131l m\u00fckafat\u00e7\u0131s\u0131\u00a0Ramil Qas\u0131mov\u00a0(-73 kq) B3&hellip;<\/p>\n","protected":false},"author":2,"featured_media":23738,"comment_status":"closed","ping_status":"closed","sticky":false,"template":"","format":"standard","meta":{"om_disable_all_campaigns":false,"_monsterinsights_skip_tracking":false,"_monsterinsights_sitenote_active":false,"_monsterinsights_sitenote_note":"","_monsterinsights_sitenote_category":0},"categories":[6],"tags":[],"aioseo_notices":[],"gutentor_comment":0,"rttpg_featured_image_url":{"full":["https:\/\/arantv.az\/wp-content\/uploads\/2018\/11\/bayram.jpg",620,413,false],"landscape":["https:\/\/arantv.az\/wp-content\/uploads\/2018\/11\/bayram.jpg",620,413,false],"portraits":["https:\/\/arantv.az\/wp-content\/uploads\/2018\/11\/bayram.jpg",620,413,false],"thumbnail":["https:\/\/arantv.az\/wp-content\/uploads\/2018\/11\/bayram-150x150.jpg",150,150,true],"medium":["https:\/\/arantv.az\/wp-content\/uploads\/2018\/11\/bayram-300x200.jpg",300,200,true],"large":["https:\/\/arantv.az\/wp-content\/uploads\/2018\/11\/bayram.jpg",620,413,false],"1536x1536":["https:\/\/arantv.az\/wp-content\/uploads\/2018\/11\/bayram.jpg",620,413,false],"2048x2048":["https:\/\/arantv.az\/wp-content\/uploads\/2018\/11\/bayram.jpg",620,413,false],"post-thumbnail":["https:\/\/arantv.az\/wp-content\/uploads\/2018\/11\/bayram-240x172.jpg",240,172,true],"advps-thumb-one":["https:\/\/arantv.az\/wp-content\/uploads\/2018\/11\/bayram.jpg",620,413,false]},"rttpg_author":{"display_name":"V\u00fcsal Rafiqo\u011flu","author_link":"https:\/\/arantv.az\/?author=2"},"rttpg_comment":0,"rttpg_category":"<a href=\"https:\/\/arantv.az\/?cat=6\" rel=\"category\">\u0130dman<\/a>","rttpg_excerpt":"X\u0259b\u0259r verdiyimiz kimi, Portuqaliyan\u0131n Odivela\u015f \u015f\u0259h\u0259rind\u0259 Beyn\u0259lxalq Korlar \u0130dman\u0131 Federasiyas\u0131n\u0131n (IBSA) t\u0259\u015fkilat\u00e7\u0131l\u0131\u011f\u0131 il\u0259 parac\u00fcdo\u00e7ular aras\u0131nda d\u00fcnya \u00e7empionat\u0131 start g\u00f6t\u00fcr\u00fcb. ARANTV.AZ\u00a0x\u0259b\u0259r verir ki, milli komandam\u0131z\u0131n 60 kq-da \u00e7\u0131x\u0131\u015f ed\u0259n iki c\u00fcdo\u00e7usu\u00a0V\u00fcqar \u015eirinli\u00a0(B3) v\u0259\u00a0Orxan Qarayev\u00a0(B2) is\u0259 III yer u\u011frunda tatamid\u0259 qar\u015f\u0131la\u015f\u0131blar. Bu ilin \u0259vv\u0259lin\u0259d\u0259k \u201csa\u011flamlar\u201dda \u00e7\u0131x\u0131\u015f etmi\u015f \u015eirinli qalib g\u0259l\u0259r\u0259k b\u00fcr\u00fcnc medala sahib olub. B2 g\u00f6rm\u0259 qabiliyy\u0259tin\u0259&hellip;","_links":{"self":[{"href":"https:\/\/arantv.az\/index.php?rest_route=\/wp\/v2\/posts\/23737"}],"collection":[{"href":"https:\/\/arantv.az\/index.php?rest_route=\/wp\/v2\/posts"}],"about":[{"href":"https:\/\/arantv.az\/index.php?rest_route=\/wp\/v2\/types\/post"}],"author":[{"embeddable":true,"href":"https:\/\/arantv.az\/index.php?rest_route=\/wp\/v2\/users\/2"}],"replies":[{"embeddable":true,"href":"https:\/\/arantv.az\/index.php?rest_route=%2Fwp%2Fv2%2Fcomments&post=23737"}],"version-history":[{"count":0,"href":"https:\/\/arantv.az\/index.php?rest_route=\/wp\/v2\/posts\/23737\/revisions"}],"wp:featuredmedia":[{"embeddable":true,"href":"https:\/\/arantv.az\/index.php?rest_route=\/wp\/v2\/media\/23738"}],"wp:attachment":[{"href":"https:\/\/arantv.az\/index.php?rest_route=%2Fwp%2Fv2%2Fmedia&parent=23737"}],"wp:term":[{"taxonomy":"category","embeddable":true,"href":"https:\/\/arantv.az\/index.php?rest_route=%2Fwp%2Fv2%2Fcategories&post=23737"},{"taxonomy":"post_tag","embeddable":true,"href":"https:\/\/arantv.az\/index.php?rest_route=%2Fwp%2Fv2%2Ftags&post=23737"}],"curies":[{"name":"wp","href":"https:\/\/api.w.org\/{rel}","templated":true}]}}