{"id":23740,"date":"2018-11-17T13:22:51","date_gmt":"2018-11-17T10:22:51","guid":{"rendered":"http:\/\/arantv.az\/?p=23740"},"modified":"2018-11-17T13:22:51","modified_gmt":"2018-11-17T10:22:51","slug":"az%c9%99rbaycan-fransaya-etiraz-notasi-verdi","status":"publish","type":"post","link":"https:\/\/arantv.az\/?p=23740","title":{"rendered":"Az\u0259rbaycan Fransaya etiraz notas\u0131 verdi"},"content":{"rendered":"<p>Az\u0259rbaycan Fransa kimi bir \u00f6lk\u0259nin- BMT-nin T\u0259hl\u00fck\u0259sizlik \u015euras\u0131n\u0131n daimi \u00fczv\u00fc v\u0259 Minsk qrupunun h\u0259ms\u0259dr qismind\u0259 \u00e7\u0131x\u0131\u015f ed\u0259n bir \u00f6lk\u0259nin i\u015f\u011fal\u00e7\u0131 d\u00f6vl\u0259tin v\u0259 i\u015fgal\u00e7\u0131 rejimin n\u00fcmay\u0259nd\u0259sin\u0259 s\u0259f\u0259r etm\u0259k imkan\u0131n\u0131 v\u0259 bu s\u0259f\u0259r \u00e7\u0259r\u00e7iv\u0259sind\u0259 m\u00fc\u0259yy\u0259n g\u00f6r\u00fc\u015fl\u0259rin t\u0259\u015fkilin\u0259 \u015f\u0259rait yaratmas\u0131n\u0131 bir n\u00f6v i\u015f\u011fal\u00e7\u0131 rejimin t\u0259\u015fviqin\u0259 xidm\u0259t ed\u0259n bir add\u0131m kimi qiym\u0259tl\u0259ndirir.<\/p>\n<p><strong>ARANTV.AZ<\/strong>-\u0131n x\u0259b\u0259rin\u0259 g\u00f6r\u0259, bu bar\u0259d\u0259 Az\u0259rbaycan Xarici \u0130\u015fl\u0259r Nazirliyinin m\u0259tbuat xidm\u0259tinin r\u0259hb\u0259ri<strong>\u00a0Leyla Abdullayeva<\/strong>\u00a0Da\u011fl\u0131q Qaraba\u011fdak\u0131 separat\u00e7\u0131 rejimin ba\u015f\u00e7\u0131s\u0131 Bako Saakyan\u0131n Fransaya s\u0259f\u0259rin\u0259 m\u00fcnasib\u0259t bildir\u0259rk\u0259n deyib.<\/p>\n<div id=\"AdributorNativeVideo0\" class=\"AdributorNativeVideo\"><\/div>\n<p>L.Abdullayeva qeyd edib ki, Fransan\u0131n bu add\u0131m\u0131 onun obyektivliyini v\u0259 q\u0259r\u0259zsizliyini ciddi \u015f\u00fcbh\u0259 alt\u0131na al\u0131r.<\/p>\n<p>\u201cFransan\u0131n bu add\u0131m\u0131 il\u0259 \u0259laq\u0259dar Az\u0259rbaycan\u0131n Parisd\u0259ki s\u0259firliyi t\u0259r\u0259find\u0259n Fransa Xarici \u0130\u015fl\u0259r Nazirliyin\u0259 etiraz notas\u0131 t\u0259qdim olunub\u201d, &#8211; dey\u0259 X\u0130N n\u00fcmay\u0259nd\u0259si vur\u011fulay\u0131b. oxu.az<\/p>\n","protected":false},"excerpt":{"rendered":"<p>Az\u0259rbaycan Fransa kimi bir \u00f6lk\u0259nin- BMT-nin T\u0259hl\u00fck\u0259sizlik \u015euras\u0131n\u0131n daimi \u00fczv\u00fc v\u0259 Minsk qrupunun h\u0259ms\u0259dr qismind\u0259 \u00e7\u0131x\u0131\u015f ed\u0259n bir \u00f6lk\u0259nin i\u015f\u011fal\u00e7\u0131 d\u00f6vl\u0259tin v\u0259 i\u015fgal\u00e7\u0131 rejimin n\u00fcmay\u0259nd\u0259sin\u0259 s\u0259f\u0259r etm\u0259k imkan\u0131n\u0131 v\u0259 bu s\u0259f\u0259r \u00e7\u0259r\u00e7iv\u0259sind\u0259 m\u00fc\u0259yy\u0259n g\u00f6r\u00fc\u015fl\u0259rin t\u0259\u015fkilin\u0259 \u015f\u0259rait yaratmas\u0131n\u0131 bir n\u00f6v i\u015f\u011fal\u00e7\u0131 rejimin t\u0259\u015fviqin\u0259 xidm\u0259t ed\u0259n bir add\u0131m kimi qiym\u0259tl\u0259ndirir. ARANTV.AZ-\u0131n x\u0259b\u0259rin\u0259 g\u00f6r\u0259, bu bar\u0259d\u0259 Az\u0259rbaycan Xarici \u0130\u015fl\u0259r Nazirliyinin m\u0259tbuat xidm\u0259tinin r\u0259hb\u0259ri\u00a0Leyla Abdullayeva\u00a0Da\u011fl\u0131q Qaraba\u011fdak\u0131 separat\u00e7\u0131 rejimin ba\u015f\u00e7\u0131s\u0131 Bako Saakyan\u0131n Fransaya s\u0259f\u0259rin\u0259 m\u00fcnasib\u0259t bildir\u0259rk\u0259n deyib. L.Abdullayeva qeyd edib ki, Fransan\u0131n bu add\u0131m\u0131 onun obyektivliyini v\u0259 q\u0259r\u0259zsizliyini ciddi \u015f\u00fcbh\u0259 alt\u0131na al\u0131r. \u201cFransan\u0131n bu add\u0131m\u0131&hellip;<\/p>\n","protected":false},"author":2,"featured_media":23741,"comment_status":"closed","ping_status":"closed","sticky":false,"template":"","format":"standard","meta":{"om_disable_all_campaigns":false,"_monsterinsights_skip_tracking":false,"_monsterinsights_sitenote_active":false,"_monsterinsights_sitenote_note":"","_monsterinsights_sitenote_category":0},"categories":[4],"tags":[],"aioseo_notices":[],"gutentor_comment":0,"rttpg_featured_image_url":{"full":["https:\/\/arantv.az\/wp-content\/uploads\/2018\/11\/bayraq14ju54_691_167.jpg",620,414,false],"landscape":["https:\/\/arantv.az\/wp-content\/uploads\/2018\/11\/bayraq14ju54_691_167.jpg",620,414,false],"portraits":["https:\/\/arantv.az\/wp-content\/uploads\/2018\/11\/bayraq14ju54_691_167.jpg",620,414,false],"thumbnail":["https:\/\/arantv.az\/wp-content\/uploads\/2018\/11\/bayraq14ju54_691_167-150x150.jpg",150,150,true],"medium":["https:\/\/arantv.az\/wp-content\/uploads\/2018\/11\/bayraq14ju54_691_167-300x200.jpg",300,200,true],"large":["https:\/\/arantv.az\/wp-content\/uploads\/2018\/11\/bayraq14ju54_691_167.jpg",620,414,false],"1536x1536":["https:\/\/arantv.az\/wp-content\/uploads\/2018\/11\/bayraq14ju54_691_167.jpg",620,414,false],"2048x2048":["https:\/\/arantv.az\/wp-content\/uploads\/2018\/11\/bayraq14ju54_691_167.jpg",620,414,false],"post-thumbnail":["https:\/\/arantv.az\/wp-content\/uploads\/2018\/11\/bayraq14ju54_691_167-240x172.jpg",240,172,true],"advps-thumb-one":["https:\/\/arantv.az\/wp-content\/uploads\/2018\/11\/bayraq14ju54_691_167.jpg",620,414,false]},"rttpg_author":{"display_name":"V\u00fcsal Rafiqo\u011flu","author_link":"https:\/\/arantv.az\/?author=2"},"rttpg_comment":0,"rttpg_category":"<a href=\"https:\/\/arantv.az\/?cat=4\" rel=\"category\">Siyas\u0259t<\/a>","rttpg_excerpt":"Az\u0259rbaycan Fransa kimi bir \u00f6lk\u0259nin- BMT-nin T\u0259hl\u00fck\u0259sizlik \u015euras\u0131n\u0131n daimi \u00fczv\u00fc v\u0259 Minsk qrupunun h\u0259ms\u0259dr qismind\u0259 \u00e7\u0131x\u0131\u015f ed\u0259n bir \u00f6lk\u0259nin i\u015f\u011fal\u00e7\u0131 d\u00f6vl\u0259tin v\u0259 i\u015fgal\u00e7\u0131 rejimin n\u00fcmay\u0259nd\u0259sin\u0259 s\u0259f\u0259r etm\u0259k imkan\u0131n\u0131 v\u0259 bu s\u0259f\u0259r \u00e7\u0259r\u00e7iv\u0259sind\u0259 m\u00fc\u0259yy\u0259n g\u00f6r\u00fc\u015fl\u0259rin t\u0259\u015fkilin\u0259 \u015f\u0259rait yaratmas\u0131n\u0131 bir n\u00f6v i\u015f\u011fal\u00e7\u0131 rejimin t\u0259\u015fviqin\u0259 xidm\u0259t ed\u0259n bir add\u0131m kimi qiym\u0259tl\u0259ndirir. ARANTV.AZ-\u0131n x\u0259b\u0259rin\u0259 g\u00f6r\u0259, bu bar\u0259d\u0259 Az\u0259rbaycan Xarici&hellip;","_links":{"self":[{"href":"https:\/\/arantv.az\/index.php?rest_route=\/wp\/v2\/posts\/23740"}],"collection":[{"href":"https:\/\/arantv.az\/index.php?rest_route=\/wp\/v2\/posts"}],"about":[{"href":"https:\/\/arantv.az\/index.php?rest_route=\/wp\/v2\/types\/post"}],"author":[{"embeddable":true,"href":"https:\/\/arantv.az\/index.php?rest_route=\/wp\/v2\/users\/2"}],"replies":[{"embeddable":true,"href":"https:\/\/arantv.az\/index.php?rest_route=%2Fwp%2Fv2%2Fcomments&post=23740"}],"version-history":[{"count":0,"href":"https:\/\/arantv.az\/index.php?rest_route=\/wp\/v2\/posts\/23740\/revisions"}],"wp:featuredmedia":[{"embeddable":true,"href":"https:\/\/arantv.az\/index.php?rest_route=\/wp\/v2\/media\/23741"}],"wp:attachment":[{"href":"https:\/\/arantv.az\/index.php?rest_route=%2Fwp%2Fv2%2Fmedia&parent=23740"}],"wp:term":[{"taxonomy":"category","embeddable":true,"href":"https:\/\/arantv.az\/index.php?rest_route=%2Fwp%2Fv2%2Fcategories&post=23740"},{"taxonomy":"post_tag","embeddable":true,"href":"https:\/\/arantv.az\/index.php?rest_route=%2Fwp%2Fv2%2Ftags&post=23740"}],"curies":[{"name":"wp","href":"https:\/\/api.w.org\/{rel}","templated":true}]}}