{"id":23746,"date":"2018-11-17T13:24:44","date_gmt":"2018-11-17T10:24:44","guid":{"rendered":"http:\/\/arantv.az\/?p=23746"},"modified":"2018-11-17T13:24:44","modified_gmt":"2018-11-17T10:24:44","slug":"hikm%c9%99t-haciyev-erm%c9%99nil%c9%99r-qarabagda-qeyri-qanuni-f%c9%99aliyy%c9%99t-gost%c9%99rirl%c9%99r","status":"publish","type":"post","link":"https:\/\/arantv.az\/?p=23746","title":{"rendered":"Hikm\u0259t Hac\u0131yev: Erm\u0259nil\u0259r Qaraba\u011fda qeyri-qanuni f\u0259aliyy\u0259t g\u00f6st\u0259rirl\u0259r"},"content":{"rendered":"<p>Erm\u0259nil\u0259rin Az\u0259rbaycan\u0131n i\u015f\u011fal olunmu\u015f \u0259razil\u0259rind\u0259ki qanunsuz f\u0259aliyy\u0259tinin n\u0259tic\u0259sind\u0259 dan\u0131\u015f\u0131qlar prosesind\u0259 b\u00f6y\u00fck probleml\u0259r yaran\u0131r v\u0259 bu, erm\u0259nil\u0259rin maraqlar\u0131na cavab verir. Onlar status-kvonun qorunmas\u0131 \u00fc\u00e7\u00fcn h\u0259r \u015feyi edirl\u0259r.<\/p>\n<p><strong>ARANTV.AZ<\/strong>\u00a0\u201c Reporta\u201d istinad\u0259n x\u0259b\u0259r verir ki, bunu Az\u0259rbaycan Prezidenti Administrasiyas\u0131n\u0131n Xarici siyas\u0259t m\u0259s\u0259l\u0259l\u0259ri \u015f\u00f6b\u0259sinin m\u00fcdir m\u00fcavini\u00a0<strong>Hikm\u0259t Hac\u0131yev<\/strong>\u00a0Az\u0259rbaycan Respublikas\u0131n\u0131n Prezidenti yan\u0131nda Strateji Ara\u015fd\u0131rmalar M\u0259rk\u0259zinin (SAM) t\u0259\u015fkilat\u00e7\u0131l\u0131\u011f\u0131 Bak\u0131da ke\u00e7iril\u0259n \u201cAz\u0259rbaycan\u0131n i\u015f\u011fal edilmi\u015f \u0259razil\u0259rind\u0259 qeyri-qanuni f\u0259aliyy\u0259t v\u0259 \u00fc\u00e7\u00fcnc\u00fc t\u0259r\u0259fl\u0259rin m\u0259suliyy\u0259ti\u201d m\u00f6vzusundak\u0131 beyn\u0259lxalq konfransda deyib.<\/p>\n<p>Onun s\u00f6zl\u0259rin\u0259 g\u00f6r\u0259, erm\u0259nil\u0259r Da\u011fl\u0131q Qaraba\u011fda bir ne\u00e7\u0259 istiqam\u0259td\u0259 qeyri-qanuni f\u0259aliyy\u0259t g\u00f6st\u0259rirl\u0259r.<\/p>\n<div id=\"AdributorNativeVideo0\" class=\"AdributorNativeVideo\"><\/div>\n<p>\u201cBura h\u0259m i\u015f\u011fal alt\u0131ndak\u0131 \u0259razil\u0259rd\u0259 demoqrafiyan\u0131n d\u0259yi\u015fdirilm\u0259si, h\u0259m m\u0259skunla\u015fma siyas\u0259ti, h\u0259m t\u0259bii s\u0259rv\u0259tl\u0259rd\u0259n qanunsuz istifad\u0259, h\u0259m \u00e7irkli pullar\u0131n yuyulmas\u0131, h\u0259m infrastrukturun d\u0259yi\u015fdirilm\u0259si, h\u0259m maddi-m\u0259d\u0259ni irsin m\u0259hv edilm\u0259si, h\u0259m turizm qurulmas\u0131, h\u0259m d\u0259 i\u015f\u011fal alt\u0131ndak\u0131 \u0259razil\u0259r\u0259 qeyri-qanuni s\u0259f\u0259rl\u0259r edilm\u0259si aiddir\u201d, &#8211; o deyib.<\/p>\n<p>H.Hac\u0131yev qeyd edib ki, Erm\u0259nistan i\u015f\u011fal olunmu\u015f \u0259razil\u0259rd\u0259 t\u0259bii s\u0259rv\u0259tl\u0259ri m\u0259hv ed\u0259r\u0259k v\u0259 talan ed\u0259r\u0259k orada faktara\u015fd\u0131r\u0131c\u0131 missiya aparma\u011fa imkan vermir, \u00e7\u00fcnki bu, onlara s\u0259rf etmir.<\/p>\n<p>H.Hac\u0131yevin s\u00f6zl\u0259rin\u0259 g\u00f6r\u0259, AT\u018fT-in Minsk qrupunun h\u0259ms\u0259drl\u0259rinin diqq\u0259tini erm\u0259nil\u0259rin bu \u0259razil\u0259rd\u0259ki qanunsuz f\u0259aliyy\u0259tin\u0259 y\u00f6n\u0259ltm\u0259k vacibdir.<\/p>\n","protected":false},"excerpt":{"rendered":"<p>Erm\u0259nil\u0259rin Az\u0259rbaycan\u0131n i\u015f\u011fal olunmu\u015f \u0259razil\u0259rind\u0259ki qanunsuz f\u0259aliyy\u0259tinin n\u0259tic\u0259sind\u0259 dan\u0131\u015f\u0131qlar prosesind\u0259 b\u00f6y\u00fck probleml\u0259r yaran\u0131r v\u0259 bu, erm\u0259nil\u0259rin maraqlar\u0131na cavab verir. Onlar status-kvonun qorunmas\u0131 \u00fc\u00e7\u00fcn h\u0259r \u015feyi edirl\u0259r. ARANTV.AZ\u00a0\u201c Reporta\u201d istinad\u0259n x\u0259b\u0259r verir ki, bunu Az\u0259rbaycan Prezidenti Administrasiyas\u0131n\u0131n Xarici siyas\u0259t m\u0259s\u0259l\u0259l\u0259ri \u015f\u00f6b\u0259sinin m\u00fcdir m\u00fcavini\u00a0Hikm\u0259t Hac\u0131yev\u00a0Az\u0259rbaycan Respublikas\u0131n\u0131n Prezidenti yan\u0131nda Strateji Ara\u015fd\u0131rmalar M\u0259rk\u0259zinin (SAM) t\u0259\u015fkilat\u00e7\u0131l\u0131\u011f\u0131 Bak\u0131da ke\u00e7iril\u0259n \u201cAz\u0259rbaycan\u0131n i\u015f\u011fal edilmi\u015f \u0259razil\u0259rind\u0259 qeyri-qanuni f\u0259aliyy\u0259t v\u0259 \u00fc\u00e7\u00fcnc\u00fc t\u0259r\u0259fl\u0259rin m\u0259suliyy\u0259ti\u201d m\u00f6vzusundak\u0131 beyn\u0259lxalq konfransda deyib. Onun s\u00f6zl\u0259rin\u0259 g\u00f6r\u0259, erm\u0259nil\u0259r Da\u011fl\u0131q Qaraba\u011fda bir ne\u00e7\u0259 istiqam\u0259td\u0259 qeyri-qanuni f\u0259aliyy\u0259t g\u00f6st\u0259rirl\u0259r. \u201cBura h\u0259m i\u015f\u011fal alt\u0131ndak\u0131 \u0259razil\u0259rd\u0259 demoqrafiyan\u0131n d\u0259yi\u015fdirilm\u0259si, h\u0259m m\u0259skunla\u015fma siyas\u0259ti, h\u0259m&hellip;<\/p>\n","protected":false},"author":2,"featured_media":23747,"comment_status":"closed","ping_status":"closed","sticky":false,"template":"","format":"standard","meta":{"om_disable_all_campaigns":false,"_monsterinsights_skip_tracking":false,"_monsterinsights_sitenote_active":false,"_monsterinsights_sitenote_note":"","_monsterinsights_sitenote_category":0},"categories":[1],"tags":[],"aioseo_notices":[],"gutentor_comment":0,"rttpg_featured_image_url":{"full":["https:\/\/arantv.az\/wp-content\/uploads\/2018\/11\/1441010821_2e40b68e61b7e1baecc3fd7f2bbbd861.jpg",620,425,false],"landscape":["https:\/\/arantv.az\/wp-content\/uploads\/2018\/11\/1441010821_2e40b68e61b7e1baecc3fd7f2bbbd861.jpg",620,425,false],"portraits":["https:\/\/arantv.az\/wp-content\/uploads\/2018\/11\/1441010821_2e40b68e61b7e1baecc3fd7f2bbbd861.jpg",620,425,false],"thumbnail":["https:\/\/arantv.az\/wp-content\/uploads\/2018\/11\/1441010821_2e40b68e61b7e1baecc3fd7f2bbbd861-150x150.jpg",150,150,true],"medium":["https:\/\/arantv.az\/wp-content\/uploads\/2018\/11\/1441010821_2e40b68e61b7e1baecc3fd7f2bbbd861-300x206.jpg",300,206,true],"large":["https:\/\/arantv.az\/wp-content\/uploads\/2018\/11\/1441010821_2e40b68e61b7e1baecc3fd7f2bbbd861.jpg",620,425,false],"1536x1536":["https:\/\/arantv.az\/wp-content\/uploads\/2018\/11\/1441010821_2e40b68e61b7e1baecc3fd7f2bbbd861.jpg",620,425,false],"2048x2048":["https:\/\/arantv.az\/wp-content\/uploads\/2018\/11\/1441010821_2e40b68e61b7e1baecc3fd7f2bbbd861.jpg",620,425,false],"post-thumbnail":["https:\/\/arantv.az\/wp-content\/uploads\/2018\/11\/1441010821_2e40b68e61b7e1baecc3fd7f2bbbd861-240x172.jpg",240,172,true],"advps-thumb-one":["https:\/\/arantv.az\/wp-content\/uploads\/2018\/11\/1441010821_2e40b68e61b7e1baecc3fd7f2bbbd861.jpg",620,425,false]},"rttpg_author":{"display_name":"V\u00fcsal Rafiqo\u011flu","author_link":"https:\/\/arantv.az\/?author=2"},"rttpg_comment":0,"rttpg_category":"<a href=\"https:\/\/arantv.az\/?cat=1\" rel=\"category\">C\u0259miyy\u0259t<\/a>","rttpg_excerpt":"Erm\u0259nil\u0259rin Az\u0259rbaycan\u0131n i\u015f\u011fal olunmu\u015f \u0259razil\u0259rind\u0259ki qanunsuz f\u0259aliyy\u0259tinin n\u0259tic\u0259sind\u0259 dan\u0131\u015f\u0131qlar prosesind\u0259 b\u00f6y\u00fck probleml\u0259r yaran\u0131r v\u0259 bu, erm\u0259nil\u0259rin maraqlar\u0131na cavab verir. Onlar status-kvonun qorunmas\u0131 \u00fc\u00e7\u00fcn h\u0259r \u015feyi edirl\u0259r. ARANTV.AZ\u00a0\u201c Reporta\u201d istinad\u0259n x\u0259b\u0259r verir ki, bunu Az\u0259rbaycan Prezidenti Administrasiyas\u0131n\u0131n Xarici siyas\u0259t m\u0259s\u0259l\u0259l\u0259ri \u015f\u00f6b\u0259sinin m\u00fcdir m\u00fcavini\u00a0Hikm\u0259t Hac\u0131yev\u00a0Az\u0259rbaycan Respublikas\u0131n\u0131n Prezidenti yan\u0131nda Strateji Ara\u015fd\u0131rmalar M\u0259rk\u0259zinin (SAM) t\u0259\u015fkilat\u00e7\u0131l\u0131\u011f\u0131 Bak\u0131da ke\u00e7iril\u0259n \u201cAz\u0259rbaycan\u0131n i\u015f\u011fal&hellip;","_links":{"self":[{"href":"https:\/\/arantv.az\/index.php?rest_route=\/wp\/v2\/posts\/23746"}],"collection":[{"href":"https:\/\/arantv.az\/index.php?rest_route=\/wp\/v2\/posts"}],"about":[{"href":"https:\/\/arantv.az\/index.php?rest_route=\/wp\/v2\/types\/post"}],"author":[{"embeddable":true,"href":"https:\/\/arantv.az\/index.php?rest_route=\/wp\/v2\/users\/2"}],"replies":[{"embeddable":true,"href":"https:\/\/arantv.az\/index.php?rest_route=%2Fwp%2Fv2%2Fcomments&post=23746"}],"version-history":[{"count":0,"href":"https:\/\/arantv.az\/index.php?rest_route=\/wp\/v2\/posts\/23746\/revisions"}],"wp:featuredmedia":[{"embeddable":true,"href":"https:\/\/arantv.az\/index.php?rest_route=\/wp\/v2\/media\/23747"}],"wp:attachment":[{"href":"https:\/\/arantv.az\/index.php?rest_route=%2Fwp%2Fv2%2Fmedia&parent=23746"}],"wp:term":[{"taxonomy":"category","embeddable":true,"href":"https:\/\/arantv.az\/index.php?rest_route=%2Fwp%2Fv2%2Fcategories&post=23746"},{"taxonomy":"post_tag","embeddable":true,"href":"https:\/\/arantv.az\/index.php?rest_route=%2Fwp%2Fv2%2Ftags&post=23746"}],"curies":[{"name":"wp","href":"https:\/\/api.w.org\/{rel}","templated":true}]}}