{"id":23752,"date":"2018-11-17T13:27:34","date_gmt":"2018-11-17T10:27:34","guid":{"rendered":"http:\/\/arantv.az\/?p=23752"},"modified":"2018-11-17T13:27:34","modified_gmt":"2018-11-17T10:27:34","slug":"dim-s%c9%99dri-yuks%c9%99k-v%c9%99zif%c9%99l%c9%99r%c9%99-s%c9%99n%c9%99d-ver%c9%99n-yoxdur","status":"publish","type":"post","link":"https:\/\/arantv.az\/?p=23752","title":{"rendered":"D\u0130M s\u0259dri: Y\u00fcks\u0259k v\u0259zif\u0259l\u0259r\u0259 s\u0259n\u0259d ver\u0259n yoxdur"},"content":{"rendered":"<p>D\u00f6vl\u0259t qullu\u011funda y\u00fcks\u0259k v\u0259zif\u0259l\u0259r\u0259 \u00fcmumiyy\u0259tl\u0259 s\u0259n\u0259d ver\u0259n yoxdur.<\/p>\n<p><strong>ARANTV.AZ<\/strong>-\u0131n m\u0259lumat\u0131na g\u00f6r\u0259, bunu D\u00f6vl\u0259t \u0130mtahan M\u0259rk\u0259zinin Direktorlar \u015euras\u0131n\u0131n s\u0259dri\u00a0<strong>M\u0259leyk\u0259 Abbaszad\u0259<\/strong>\u00a0\u201cD\u00f6vl\u0259t \u0130mtahan M\u0259rk\u0259zinin f\u0259aliyy\u0259ti: imtahanlara d\u00f6vl\u0259t n\u0259zar\u0259ti v\u0259 ictimai n\u0259zar\u0259tin v\u0259hd\u0259ti\u201d\u00a0m\u00f6vzusunda konfransda \u00e7\u0131x\u0131\u015f\u0131 zaman\u0131 deyib.<\/p>\n<p>Onun s\u00f6zl\u0259rin\u0259 g\u00f6r\u0259, 2018-ci ild\u0259 d\u00f6vl\u0259t qullu\u011funda 17 min \u015ftat vahidi var:<\/p>\n<div id=\"AdributorNativeVideo0\" class=\"AdributorNativeVideo\"><\/div>\n<p>\u201cBiz g\u00f6zl\u0259yirik ki, imtahanlarda \u00e7oxlu i\u015ftirak\u00e7\u0131 olacaq. \u0130mtahan\u0131n birinci m\u0259rh\u0259l\u0259sind\u0259\u00a0 i\u015ftirak ed\u0259nl\u0259rin say\u0131 110 mindir. Sertifikat alanlar\u0131n say\u0131 t\u0259xmin\u0259n d\u00f6rd min\u0259 yax\u0131nd\u0131r. M\u00fcsabiq\u0259d\u0259 i\u015ftirak ed\u0259nl\u0259rin say\u0131 sertifikat alanlar\u0131n say\u0131ndan \u00e7oxdur. \u00c7\u00fcnki sertifikat alan bir \u015f\u0259xs m\u00fcxt\u0259lif m\u00fcsabiq\u0259l\u0259rd\u0259 i\u015ftirak ed\u0259 bil\u0259r.<\/p>\n<p>M\u00fcsahib\u0259 \u00fc\u00e7\u00fcn qeydiyyatdan ke\u00e7\u0259nl\u0259rin say\u0131 is\u0259 h\u0259ddind\u0259n art\u0131q \u00e7oxdur. Bir adam 25 yer\u0259 m\u00fcsahib\u0259y\u0259 yaz\u0131l\u0131r, \u00fc\u00e7 yer\u0259 g\u0259lir. Bu d\u00fczg\u00fcn deyil. Buna bizim resurslar\u0131m\u0131z gedir, m\u0259suliyy\u0259tsiz yana\u015fma var. U\u011furla m\u00fcsahib\u0259d\u0259n ke\u00e7\u0259nl\u0259rin say\u0131 is\u0259 sertifikat alanlar\u0131n t\u0259xmin\u0259n \u00fc\u00e7d\u0259 bir hiss\u0259sini \u0259hat\u0259 edir.<\/p>\n<p>Bu il d\u00f6vl\u0259t qullu\u011funa q\u0259bul olunanlar\u0131n say\u0131 t\u0259xmin\u0259n 600 n\u0259f\u0259rdir. Sertifikat alaraq m\u00fcsabiq\u0259d\u0259n ke\u00e7\u0259n 1200-d\u0259n \u00e7oxu d\u00f6vl\u0259t reyestrin\u0259 d\u00f6vl\u0259t qulluq\u00e7usu kimi d\u00f6vl\u0259t orqanlar\u0131 t\u0259r\u0259find\u0259n daxil olunub. Bu proses ist\u0259nil\u0259n s\u0259viyy\u0259d\u0259 \u00e7evik olmur, el\u0259 d\u0259 s\u0259m\u0259r\u0259 vermir\u201d.<\/p>\n<p>M\u0259leyk\u0259 Abbaszad\u0259 qeyd edib ki, imtahanlarda y\u00fcks\u0259k v\u0259zif\u0259l\u0259r\u0259 \u00fcmumiyy\u0259tl\u0259 s\u0259n\u0259d ver\u0259n yoxdur:<\/p>\n<p>\u201cQoyulan t\u0259l\u0259bl\u0259r var ki, r\u0259hb\u0259r v\u0259zif\u0259d\u0259 olanlar g\u0259lmir. Bel\u0259 ki, \u00fcmumi staj\u0131 11 ildir,\u00a0r\u0259hb\u0259r v\u0259zif\u0259d\u0259 is\u0259 yeddi il i\u015fl\u0259yir, amma d\u00f6vl\u0259t qullu\u011fu imtahanlarda i\u015ftirak etmir. M\u00fc\u0259yy\u0259n staj t\u0259l\u0259b olunmayan yerl\u0259r\u0259 staj\u0131 olmayan \u015f\u0259xsl\u0259r g\u0259l\u0259 bil\u0259r. Sektor m\u00fcdirind\u0259n a\u015fa\u011f\u0131 v\u0259zif\u0259l\u0259r\u0259 staj t\u0259l\u0259b olunmur. Ali m\u0259kt\u0259b m\u0259zunlar\u0131 h\u0259r il bu imtahanlarda i\u015ftirak edib i\u015f qazana bil\u0259r. G\u0259ncl\u0259r \u00fc\u00e7\u00fcn d\u00f6vl\u0259t qullu\u011funda karyeran\u0131 ba\u015flamaq vacib istiqam\u0259tdir\u201d.oxu.az<\/p>\n","protected":false},"excerpt":{"rendered":"<p>D\u00f6vl\u0259t qullu\u011funda y\u00fcks\u0259k v\u0259zif\u0259l\u0259r\u0259 \u00fcmumiyy\u0259tl\u0259 s\u0259n\u0259d ver\u0259n yoxdur. ARANTV.AZ-\u0131n m\u0259lumat\u0131na g\u00f6r\u0259, bunu D\u00f6vl\u0259t \u0130mtahan M\u0259rk\u0259zinin Direktorlar \u015euras\u0131n\u0131n s\u0259dri\u00a0M\u0259leyk\u0259 Abbaszad\u0259\u00a0\u201cD\u00f6vl\u0259t \u0130mtahan M\u0259rk\u0259zinin f\u0259aliyy\u0259ti: imtahanlara d\u00f6vl\u0259t n\u0259zar\u0259ti v\u0259 ictimai n\u0259zar\u0259tin v\u0259hd\u0259ti\u201d\u00a0m\u00f6vzusunda konfransda \u00e7\u0131x\u0131\u015f\u0131 zaman\u0131 deyib. Onun s\u00f6zl\u0259rin\u0259 g\u00f6r\u0259, 2018-ci ild\u0259 d\u00f6vl\u0259t qullu\u011funda 17 min \u015ftat vahidi var: \u201cBiz g\u00f6zl\u0259yirik ki, imtahanlarda \u00e7oxlu i\u015ftirak\u00e7\u0131 olacaq. \u0130mtahan\u0131n birinci m\u0259rh\u0259l\u0259sind\u0259\u00a0 i\u015ftirak ed\u0259nl\u0259rin say\u0131 110 mindir. Sertifikat alanlar\u0131n say\u0131 t\u0259xmin\u0259n d\u00f6rd min\u0259 yax\u0131nd\u0131r. M\u00fcsabiq\u0259d\u0259 i\u015ftirak ed\u0259nl\u0259rin say\u0131 sertifikat alanlar\u0131n say\u0131ndan \u00e7oxdur. \u00c7\u00fcnki sertifikat alan bir \u015f\u0259xs m\u00fcxt\u0259lif m\u00fcsabiq\u0259l\u0259rd\u0259 i\u015ftirak ed\u0259 bil\u0259r. M\u00fcsahib\u0259 \u00fc\u00e7\u00fcn qeydiyyatdan ke\u00e7\u0259nl\u0259rin say\u0131&hellip;<\/p>\n","protected":false},"author":2,"featured_media":23753,"comment_status":"closed","ping_status":"closed","sticky":false,"template":"","format":"standard","meta":{"om_disable_all_campaigns":false,"_monsterinsights_skip_tracking":false,"_monsterinsights_sitenote_active":false,"_monsterinsights_sitenote_note":"","_monsterinsights_sitenote_category":0},"categories":[1],"tags":[],"aioseo_notices":[],"gutentor_comment":0,"rttpg_featured_image_url":{"full":["https:\/\/arantv.az\/wp-content\/uploads\/2018\/11\/Predstavnytstvo-v-Sudi.jpg.jpg",620,429,false],"landscape":["https:\/\/arantv.az\/wp-content\/uploads\/2018\/11\/Predstavnytstvo-v-Sudi.jpg.jpg",620,429,false],"portraits":["https:\/\/arantv.az\/wp-content\/uploads\/2018\/11\/Predstavnytstvo-v-Sudi.jpg.jpg",620,429,false],"thumbnail":["https:\/\/arantv.az\/wp-content\/uploads\/2018\/11\/Predstavnytstvo-v-Sudi.jpg-150x150.jpg",150,150,true],"medium":["https:\/\/arantv.az\/wp-content\/uploads\/2018\/11\/Predstavnytstvo-v-Sudi.jpg-300x208.jpg",300,208,true],"large":["https:\/\/arantv.az\/wp-content\/uploads\/2018\/11\/Predstavnytstvo-v-Sudi.jpg.jpg",620,429,false],"1536x1536":["https:\/\/arantv.az\/wp-content\/uploads\/2018\/11\/Predstavnytstvo-v-Sudi.jpg.jpg",620,429,false],"2048x2048":["https:\/\/arantv.az\/wp-content\/uploads\/2018\/11\/Predstavnytstvo-v-Sudi.jpg.jpg",620,429,false],"post-thumbnail":["https:\/\/arantv.az\/wp-content\/uploads\/2018\/11\/Predstavnytstvo-v-Sudi.jpg-240x172.jpg",240,172,true],"advps-thumb-one":["https:\/\/arantv.az\/wp-content\/uploads\/2018\/11\/Predstavnytstvo-v-Sudi.jpg.jpg",620,429,false]},"rttpg_author":{"display_name":"V\u00fcsal Rafiqo\u011flu","author_link":"https:\/\/arantv.az\/?author=2"},"rttpg_comment":0,"rttpg_category":"<a href=\"https:\/\/arantv.az\/?cat=1\" rel=\"category\">C\u0259miyy\u0259t<\/a>","rttpg_excerpt":"D\u00f6vl\u0259t qullu\u011funda y\u00fcks\u0259k v\u0259zif\u0259l\u0259r\u0259 \u00fcmumiyy\u0259tl\u0259 s\u0259n\u0259d ver\u0259n yoxdur. ARANTV.AZ-\u0131n m\u0259lumat\u0131na g\u00f6r\u0259, bunu D\u00f6vl\u0259t \u0130mtahan M\u0259rk\u0259zinin Direktorlar \u015euras\u0131n\u0131n s\u0259dri\u00a0M\u0259leyk\u0259 Abbaszad\u0259\u00a0\u201cD\u00f6vl\u0259t \u0130mtahan M\u0259rk\u0259zinin f\u0259aliyy\u0259ti: imtahanlara d\u00f6vl\u0259t n\u0259zar\u0259ti v\u0259 ictimai n\u0259zar\u0259tin v\u0259hd\u0259ti\u201d\u00a0m\u00f6vzusunda konfransda \u00e7\u0131x\u0131\u015f\u0131 zaman\u0131 deyib. Onun s\u00f6zl\u0259rin\u0259 g\u00f6r\u0259, 2018-ci ild\u0259 d\u00f6vl\u0259t qullu\u011funda 17 min \u015ftat vahidi var: \u201cBiz g\u00f6zl\u0259yirik ki, imtahanlarda \u00e7oxlu i\u015ftirak\u00e7\u0131 olacaq. \u0130mtahan\u0131n birinci m\u0259rh\u0259l\u0259sind\u0259\u00a0&hellip;","_links":{"self":[{"href":"https:\/\/arantv.az\/index.php?rest_route=\/wp\/v2\/posts\/23752"}],"collection":[{"href":"https:\/\/arantv.az\/index.php?rest_route=\/wp\/v2\/posts"}],"about":[{"href":"https:\/\/arantv.az\/index.php?rest_route=\/wp\/v2\/types\/post"}],"author":[{"embeddable":true,"href":"https:\/\/arantv.az\/index.php?rest_route=\/wp\/v2\/users\/2"}],"replies":[{"embeddable":true,"href":"https:\/\/arantv.az\/index.php?rest_route=%2Fwp%2Fv2%2Fcomments&post=23752"}],"version-history":[{"count":0,"href":"https:\/\/arantv.az\/index.php?rest_route=\/wp\/v2\/posts\/23752\/revisions"}],"wp:featuredmedia":[{"embeddable":true,"href":"https:\/\/arantv.az\/index.php?rest_route=\/wp\/v2\/media\/23753"}],"wp:attachment":[{"href":"https:\/\/arantv.az\/index.php?rest_route=%2Fwp%2Fv2%2Fmedia&parent=23752"}],"wp:term":[{"taxonomy":"category","embeddable":true,"href":"https:\/\/arantv.az\/index.php?rest_route=%2Fwp%2Fv2%2Fcategories&post=23752"},{"taxonomy":"post_tag","embeddable":true,"href":"https:\/\/arantv.az\/index.php?rest_route=%2Fwp%2Fv2%2Ftags&post=23752"}],"curies":[{"name":"wp","href":"https:\/\/api.w.org\/{rel}","templated":true}]}}