{"id":23761,"date":"2018-11-17T13:39:46","date_gmt":"2018-11-17T10:39:46","guid":{"rendered":"http:\/\/arantv.az\/?p=23761"},"modified":"2018-11-17T13:39:46","modified_gmt":"2018-11-17T10:39:46","slug":"dovl%c9%99t-qullugunda-isl%c9%99m%c9%99k-ist%c9%99y%c9%99nl%c9%99r%c9%99-sad-x%c9%99b%c9%99r","status":"publish","type":"post","link":"https:\/\/arantv.az\/?p=23761","title":{"rendered":"D\u00f6vl\u0259t qullu\u011funda i\u015fl\u0259m\u0259k ist\u0259y\u0259nl\u0259r\u0259 \u015eAD X\u018fB\u018fR"},"content":{"rendered":"<p><strong>&#8220;Bu il \u00fc\u00e7\u00fcn d\u00f6vl\u0259t qullu\u011funda 17 min \u015ftat vahidi var v\u0259 g\u00f6zl\u0259yirik ki, imtahanlarda \u00e7oxlu i\u015ftirak\u00e7\u0131 olacaq&#8221;.<\/strong><\/p>\n<p><b>ARANTV.AZ<\/b> &#8220;Report&#8221;a istinad\u0259n x\u0259b\u0259r verir ki, bunu D\u00f6vl\u0259t \u0130mtahan M\u0259rk\u0259zinin Direktorlar \u015euras\u0131n\u0131n s\u0259dri M\u0259leyk\u0259 Abbaszad\u0259 deyib.<\/p>\n<p>O bildirib ki, birinci imtahanda i\u015ftirak ed\u0259nl\u0259rin say\u0131 110 mindir: &#8220;Sertifikat alanlar\u0131n say\u0131 t\u0259xmin\u0259n 4 min\u0259 yax\u0131nd\u0131r. M\u00fcsabiq\u0259d\u0259 i\u015ftirak ed\u0259nl\u0259rin say\u0131 sertifikat alanlar\u0131n say\u0131ndan \u00e7oxdur. \u00c7\u00fcnki sertifikat alan bir \u015f\u0259xs m\u00fcxt\u0259lif m\u00fcsabiq\u0259l\u0259rd\u0259 i\u015ftirak ed\u0259 bil\u0259r. M\u00fcsahib\u0259 \u00fc\u00e7\u00fcn qeydiyyatdan ke\u00e7\u0259nl\u0259rin say\u0131 is\u0259 h\u0259ddind\u0259n art\u0131q \u00e7oxdur. \u00c7\u00fcnki bir adam 25 yer\u0259 m\u00fcsahib\u0259y\u0259 yaz\u0131l\u0131r v\u0259 yaln\u0131z 3-n\u0259 g\u0259lir. Halbuki buna bizim resurslar gedir v\u0259 m\u0259suliyy\u0259tsiz yana\u015fma var&#8221;.<\/p>\n<div id=\"AdributorNativeVideo0\" class=\"AdributorNativeVideo\"><\/div>\n<p>M.Abbaszad\u0259 qeyd edib ki, u\u011furla m\u00fcsahib\u0259d\u0259n ke\u00e7\u0259nl\u0259rin say\u0131 sertifikat alanlar\u0131n t\u0259xmin\u0259n 1\/3-dir: &#8220;D\u00f6vl\u0259t qullu\u011funa q\u0259bul olunanlar\u0131n say\u0131 t\u0259xmin\u0259n 600 n\u0259f\u0259rdir. Bel\u0259likl\u0259 sertifikat alaraq m\u00fcsabiq\u0259d\u0259n 1200-d\u0259n \u00e7ox adam, onlar\u0131n yar\u0131s\u0131 d\u00f6vl\u0259t reyestrin\u0259 d\u00f6vl\u0259t qulluq\u00e7usu kimi d\u00f6vl\u0259t orqanlar\u0131 t\u0259r\u0259find\u0259n daxil olunub. Proses ist\u0259nil\u0259n s\u0259viyy\u0259d\u0259 \u00e7evik olmur, el\u0259 d\u0259 s\u0259m\u0259r\u0259 vermir&#8221;.<\/p>\n<p>O h\u0259m\u00e7inin \u0259lav\u0259 edib ki, y\u00fcks\u0259k v\u0259zif\u0259l\u0259r\u0259 \u00fcmumiyy\u0259tl\u0259 s\u0259n\u0259d ver\u0259n yoxdur: &#8220;Bu intahanlarda i\u015ftirak etm\u0259k ist\u0259mirl\u0259r. Burada qoyulan t\u0259l\u0259bl\u0259r var ki, r\u0259hb\u0259r v\u0259zif\u0259d\u0259 olanlar g\u0259lmir. Sektor m\u00fcdirind\u0259n a\u015fa\u011f\u0131 v\u0259zif\u0259l\u0259r\u0259 staj t\u0259l\u0259b olunmur. Ali m\u0259kt\u0259b m\u0259zunlar\u0131 h\u0259r il bu imtahanlarda i\u015ftirak edib i\u015f qazana bil\u0259r. G\u0259ncl\u0259r \u00fc\u00e7\u00fcn d\u00f6vl\u0259t qullu\u011funda karyeran\u0131 ba\u015flamaq vacib istiqam\u0259tdir&#8221;.<\/p>\n","protected":false},"excerpt":{"rendered":"<p>&#8220;Bu il \u00fc\u00e7\u00fcn d\u00f6vl\u0259t qullu\u011funda 17 min \u015ftat vahidi var v\u0259 g\u00f6zl\u0259yirik ki, imtahanlarda \u00e7oxlu i\u015ftirak\u00e7\u0131 olacaq&#8221;. ARANTV.AZ &#8220;Report&#8221;a istinad\u0259n x\u0259b\u0259r verir ki, bunu D\u00f6vl\u0259t \u0130mtahan M\u0259rk\u0259zinin Direktorlar \u015euras\u0131n\u0131n s\u0259dri M\u0259leyk\u0259 Abbaszad\u0259 deyib. O bildirib ki, birinci imtahanda i\u015ftirak ed\u0259nl\u0259rin say\u0131 110 mindir: &#8220;Sertifikat alanlar\u0131n say\u0131 t\u0259xmin\u0259n 4 min\u0259 yax\u0131nd\u0131r. M\u00fcsabiq\u0259d\u0259 i\u015ftirak ed\u0259nl\u0259rin say\u0131 sertifikat alanlar\u0131n say\u0131ndan \u00e7oxdur. \u00c7\u00fcnki sertifikat alan bir \u015f\u0259xs m\u00fcxt\u0259lif m\u00fcsabiq\u0259l\u0259rd\u0259 i\u015ftirak ed\u0259 bil\u0259r. M\u00fcsahib\u0259 \u00fc\u00e7\u00fcn qeydiyyatdan ke\u00e7\u0259nl\u0259rin say\u0131 is\u0259 h\u0259ddind\u0259n art\u0131q \u00e7oxdur. \u00c7\u00fcnki bir adam 25 yer\u0259 m\u00fcsahib\u0259y\u0259 yaz\u0131l\u0131r v\u0259 yaln\u0131z 3-n\u0259 g\u0259lir. Halbuki buna&hellip;<\/p>\n","protected":false},"author":2,"featured_media":23762,"comment_status":"closed","ping_status":"closed","sticky":false,"template":"","format":"standard","meta":{"om_disable_all_campaigns":false,"_monsterinsights_skip_tracking":false,"_monsterinsights_sitenote_active":false,"_monsterinsights_sitenote_note":"","_monsterinsights_sitenote_category":0},"categories":[1],"tags":[],"aioseo_notices":[],"gutentor_comment":0,"rttpg_featured_image_url":{"full":["https:\/\/arantv.az\/wp-content\/uploads\/2018\/11\/big_1468311140_39851.jpg",800,450,false],"landscape":["https:\/\/arantv.az\/wp-content\/uploads\/2018\/11\/big_1468311140_39851.jpg",800,450,false],"portraits":["https:\/\/arantv.az\/wp-content\/uploads\/2018\/11\/big_1468311140_39851.jpg",800,450,false],"thumbnail":["https:\/\/arantv.az\/wp-content\/uploads\/2018\/11\/big_1468311140_39851-150x150.jpg",150,150,true],"medium":["https:\/\/arantv.az\/wp-content\/uploads\/2018\/11\/big_1468311140_39851-300x169.jpg",300,169,true],"large":["https:\/\/arantv.az\/wp-content\/uploads\/2018\/11\/big_1468311140_39851.jpg",640,360,false],"1536x1536":["https:\/\/arantv.az\/wp-content\/uploads\/2018\/11\/big_1468311140_39851.jpg",800,450,false],"2048x2048":["https:\/\/arantv.az\/wp-content\/uploads\/2018\/11\/big_1468311140_39851.jpg",800,450,false],"post-thumbnail":["https:\/\/arantv.az\/wp-content\/uploads\/2018\/11\/big_1468311140_39851-240x172.jpg",240,172,true],"advps-thumb-one":["https:\/\/arantv.az\/wp-content\/uploads\/2018\/11\/big_1468311140_39851.jpg",800,450,false]},"rttpg_author":{"display_name":"V\u00fcsal Rafiqo\u011flu","author_link":"https:\/\/arantv.az\/?author=2"},"rttpg_comment":0,"rttpg_category":"<a href=\"https:\/\/arantv.az\/?cat=1\" rel=\"category\">C\u0259miyy\u0259t<\/a>","rttpg_excerpt":"&#8220;Bu il \u00fc\u00e7\u00fcn d\u00f6vl\u0259t qullu\u011funda 17 min \u015ftat vahidi var v\u0259 g\u00f6zl\u0259yirik ki, imtahanlarda \u00e7oxlu i\u015ftirak\u00e7\u0131 olacaq&#8221;. ARANTV.AZ &#8220;Report&#8221;a istinad\u0259n x\u0259b\u0259r verir ki, bunu D\u00f6vl\u0259t \u0130mtahan M\u0259rk\u0259zinin Direktorlar \u015euras\u0131n\u0131n s\u0259dri M\u0259leyk\u0259 Abbaszad\u0259 deyib. O bildirib ki, birinci imtahanda i\u015ftirak ed\u0259nl\u0259rin say\u0131 110 mindir: &#8220;Sertifikat alanlar\u0131n say\u0131 t\u0259xmin\u0259n 4 min\u0259 yax\u0131nd\u0131r. M\u00fcsabiq\u0259d\u0259 i\u015ftirak ed\u0259nl\u0259rin say\u0131 sertifikat&hellip;","_links":{"self":[{"href":"https:\/\/arantv.az\/index.php?rest_route=\/wp\/v2\/posts\/23761"}],"collection":[{"href":"https:\/\/arantv.az\/index.php?rest_route=\/wp\/v2\/posts"}],"about":[{"href":"https:\/\/arantv.az\/index.php?rest_route=\/wp\/v2\/types\/post"}],"author":[{"embeddable":true,"href":"https:\/\/arantv.az\/index.php?rest_route=\/wp\/v2\/users\/2"}],"replies":[{"embeddable":true,"href":"https:\/\/arantv.az\/index.php?rest_route=%2Fwp%2Fv2%2Fcomments&post=23761"}],"version-history":[{"count":0,"href":"https:\/\/arantv.az\/index.php?rest_route=\/wp\/v2\/posts\/23761\/revisions"}],"wp:featuredmedia":[{"embeddable":true,"href":"https:\/\/arantv.az\/index.php?rest_route=\/wp\/v2\/media\/23762"}],"wp:attachment":[{"href":"https:\/\/arantv.az\/index.php?rest_route=%2Fwp%2Fv2%2Fmedia&parent=23761"}],"wp:term":[{"taxonomy":"category","embeddable":true,"href":"https:\/\/arantv.az\/index.php?rest_route=%2Fwp%2Fv2%2Fcategories&post=23761"},{"taxonomy":"post_tag","embeddable":true,"href":"https:\/\/arantv.az\/index.php?rest_route=%2Fwp%2Fv2%2Ftags&post=23761"}],"curies":[{"name":"wp","href":"https:\/\/api.w.org\/{rel}","templated":true}]}}