{"id":23764,"date":"2018-11-17T13:46:08","date_gmt":"2018-11-17T10:46:08","guid":{"rendered":"http:\/\/arantv.az\/?p=23764"},"modified":"2018-11-17T13:46:08","modified_gmt":"2018-11-17T10:46:08","slug":"q%c9%99bul-imtahanlarinda-sagirdl%c9%99rin-dinl%c9%99yib-anlama-bacarigi-yoxlanilacaq","status":"publish","type":"post","link":"https:\/\/arantv.az\/?p=23764","title":{"rendered":"Q\u0259bul imtahanlar\u0131nda \u015fagirdl\u0259rin dinl\u0259yib anlama bacar\u0131\u011f\u0131 yoxlan\u0131lacaq"},"content":{"rendered":"<p>Yeni n\u00f6v q\u0259bul imtahanlar\u0131nda xarici dil b\u00f6lm\u0259si \u00fczr\u0259 \u015fagirdl\u0259rin dinl\u0259yib anlama bacar\u0131\u011f\u0131n\u0131 yoxlaca\u011f\u0131q. G\u0259ncl\u0259r \u00fcmumi t\u0259hsil m\u0259kt\u0259bini bitir\u0259nd\u0259 h\u0259r hans\u0131 xarici dili bilm\u0259lidir, dinl\u0259yib anlamal\u0131d\u0131r.<\/p>\n<p><strong>ARANTV.AZ<\/strong>-\u0131n m\u0259lumat\u0131na g\u00f6r\u0259, bunu jurnalistl\u0259r\u0259 a\u00e7\u0131qlamas\u0131nda D\u00f6vl\u0259t \u0130mtahan M\u0259rk\u0259zinin Direktorlar \u015euras\u0131n\u0131n s\u0259dri\u00a0<strong>M\u0259leyk\u0259 Abbaszad\u0259\u00a0<\/strong>deyib.<\/p>\n<p>Onun s\u00f6zl\u0259rin\u0259 g\u00f6r\u0259, h\u0259l\u0259lik \u015fagirdl\u0259rin dan\u0131\u015fma standartlar\u0131 yoxlan\u0131lm\u0131r:<\/p>\n<div id=\"AdributorNativeVideo0\" class=\"AdributorNativeVideo\"><\/div>\n<p>\u201c\u015eagirdl\u0259rin dan\u0131\u015fmaq standartlar\u0131n\u0131 da yoxmalama\u011fa haz\u0131r\u0131q. Amma iki il yar\u0131m biz \u015fagirdl\u0259rin dinl\u0259yib anlama standartlar\u0131 il\u0259 \u0259laq\u0259dar imtahanlar ke\u00e7ir\u0259c\u0259yik, sonra da dan\u0131\u015fma standartlar\u0131n\u0131 yoxlayaca\u011f\u0131q. Buna bizim elmi v\u0259 texniki potensial\u0131m\u0131z var\u201d.<\/p>\n<p>M\u0259leyk\u0259 Abbaszad\u0259 qeyd edib ki, xarici dil b\u00f6lm\u0259si \u00fczr\u0259 \u015fagirdl\u0259rin dan\u0131\u015fma standartlar\u0131n\u0131 yaln\u0131z onlara resurslar t\u0259qdim edildikd\u0259n sonra yoxlaya bil\u0259c\u0259kl\u0259r:<\/p>\n<p>\u201c\u015eagirdl\u0259rin dan\u0131\u015fmaq bacar\u0131\u011f\u0131n\u0131 yoxlamaq \u00fc\u00e7\u00fcn texnoloji, metodoloji, elmi c\u0259h\u0259td\u0259n biz haz\u0131r\u0131q. Bunun \u00fc\u00e7\u00fcn kifay\u0259t q\u0259d\u0259r resurs laz\u0131md\u0131r, o resurlar veril\u0259nd\u0259n sonra biz bunu t\u0259tbiq ed\u0259c\u0259yik\u201d.oxu.az<\/p>\n","protected":false},"excerpt":{"rendered":"<p>Yeni n\u00f6v q\u0259bul imtahanlar\u0131nda xarici dil b\u00f6lm\u0259si \u00fczr\u0259 \u015fagirdl\u0259rin dinl\u0259yib anlama bacar\u0131\u011f\u0131n\u0131 yoxlaca\u011f\u0131q. G\u0259ncl\u0259r \u00fcmumi t\u0259hsil m\u0259kt\u0259bini bitir\u0259nd\u0259 h\u0259r hans\u0131 xarici dili bilm\u0259lidir, dinl\u0259yib anlamal\u0131d\u0131r. ARANTV.AZ-\u0131n m\u0259lumat\u0131na g\u00f6r\u0259, bunu jurnalistl\u0259r\u0259 a\u00e7\u0131qlamas\u0131nda D\u00f6vl\u0259t \u0130mtahan M\u0259rk\u0259zinin Direktorlar \u015euras\u0131n\u0131n s\u0259dri\u00a0M\u0259leyk\u0259 Abbaszad\u0259\u00a0deyib. Onun s\u00f6zl\u0259rin\u0259 g\u00f6r\u0259, h\u0259l\u0259lik \u015fagirdl\u0259rin dan\u0131\u015fma standartlar\u0131 yoxlan\u0131lm\u0131r: \u201c\u015eagirdl\u0259rin dan\u0131\u015fmaq standartlar\u0131n\u0131 da yoxmalama\u011fa haz\u0131r\u0131q. Amma iki il yar\u0131m biz \u015fagirdl\u0259rin dinl\u0259yib anlama standartlar\u0131 il\u0259 \u0259laq\u0259dar imtahanlar ke\u00e7ir\u0259c\u0259yik, sonra da dan\u0131\u015fma standartlar\u0131n\u0131 yoxlayaca\u011f\u0131q. Buna bizim elmi v\u0259 texniki potensial\u0131m\u0131z var\u201d. M\u0259leyk\u0259 Abbaszad\u0259 qeyd edib ki, xarici dil b\u00f6lm\u0259si \u00fczr\u0259 \u015fagirdl\u0259rin dan\u0131\u015fma standartlar\u0131n\u0131 yaln\u0131z&hellip;<\/p>\n","protected":false},"author":2,"featured_media":23765,"comment_status":"closed","ping_status":"closed","sticky":false,"template":"","format":"standard","meta":{"om_disable_all_campaigns":false,"_monsterinsights_skip_tracking":false,"_monsterinsights_sitenote_active":false,"_monsterinsights_sitenote_note":"","_monsterinsights_sitenote_category":0},"categories":[1],"tags":[],"aioseo_notices":[],"gutentor_comment":0,"rttpg_featured_image_url":{"full":["https:\/\/arantv.az\/wp-content\/uploads\/2018\/11\/imtahan_0254.jpg",600,450,false],"landscape":["https:\/\/arantv.az\/wp-content\/uploads\/2018\/11\/imtahan_0254.jpg",600,450,false],"portraits":["https:\/\/arantv.az\/wp-content\/uploads\/2018\/11\/imtahan_0254.jpg",600,450,false],"thumbnail":["https:\/\/arantv.az\/wp-content\/uploads\/2018\/11\/imtahan_0254-150x150.jpg",150,150,true],"medium":["https:\/\/arantv.az\/wp-content\/uploads\/2018\/11\/imtahan_0254-300x225.jpg",300,225,true],"large":["https:\/\/arantv.az\/wp-content\/uploads\/2018\/11\/imtahan_0254.jpg",600,450,false],"1536x1536":["https:\/\/arantv.az\/wp-content\/uploads\/2018\/11\/imtahan_0254.jpg",600,450,false],"2048x2048":["https:\/\/arantv.az\/wp-content\/uploads\/2018\/11\/imtahan_0254.jpg",600,450,false],"post-thumbnail":["https:\/\/arantv.az\/wp-content\/uploads\/2018\/11\/imtahan_0254-240x172.jpg",240,172,true],"advps-thumb-one":["https:\/\/arantv.az\/wp-content\/uploads\/2018\/11\/imtahan_0254.jpg",600,450,false]},"rttpg_author":{"display_name":"V\u00fcsal Rafiqo\u011flu","author_link":"https:\/\/arantv.az\/?author=2"},"rttpg_comment":0,"rttpg_category":"<a href=\"https:\/\/arantv.az\/?cat=1\" rel=\"category\">C\u0259miyy\u0259t<\/a>","rttpg_excerpt":"Yeni n\u00f6v q\u0259bul imtahanlar\u0131nda xarici dil b\u00f6lm\u0259si \u00fczr\u0259 \u015fagirdl\u0259rin dinl\u0259yib anlama bacar\u0131\u011f\u0131n\u0131 yoxlaca\u011f\u0131q. G\u0259ncl\u0259r \u00fcmumi t\u0259hsil m\u0259kt\u0259bini bitir\u0259nd\u0259 h\u0259r hans\u0131 xarici dili bilm\u0259lidir, dinl\u0259yib anlamal\u0131d\u0131r. ARANTV.AZ-\u0131n m\u0259lumat\u0131na g\u00f6r\u0259, bunu jurnalistl\u0259r\u0259 a\u00e7\u0131qlamas\u0131nda D\u00f6vl\u0259t \u0130mtahan M\u0259rk\u0259zinin Direktorlar \u015euras\u0131n\u0131n s\u0259dri\u00a0M\u0259leyk\u0259 Abbaszad\u0259\u00a0deyib. Onun s\u00f6zl\u0259rin\u0259 g\u00f6r\u0259, h\u0259l\u0259lik \u015fagirdl\u0259rin dan\u0131\u015fma standartlar\u0131 yoxlan\u0131lm\u0131r: \u201c\u015eagirdl\u0259rin dan\u0131\u015fmaq standartlar\u0131n\u0131 da yoxmalama\u011fa haz\u0131r\u0131q. Amma iki il&hellip;","_links":{"self":[{"href":"https:\/\/arantv.az\/index.php?rest_route=\/wp\/v2\/posts\/23764"}],"collection":[{"href":"https:\/\/arantv.az\/index.php?rest_route=\/wp\/v2\/posts"}],"about":[{"href":"https:\/\/arantv.az\/index.php?rest_route=\/wp\/v2\/types\/post"}],"author":[{"embeddable":true,"href":"https:\/\/arantv.az\/index.php?rest_route=\/wp\/v2\/users\/2"}],"replies":[{"embeddable":true,"href":"https:\/\/arantv.az\/index.php?rest_route=%2Fwp%2Fv2%2Fcomments&post=23764"}],"version-history":[{"count":0,"href":"https:\/\/arantv.az\/index.php?rest_route=\/wp\/v2\/posts\/23764\/revisions"}],"wp:featuredmedia":[{"embeddable":true,"href":"https:\/\/arantv.az\/index.php?rest_route=\/wp\/v2\/media\/23765"}],"wp:attachment":[{"href":"https:\/\/arantv.az\/index.php?rest_route=%2Fwp%2Fv2%2Fmedia&parent=23764"}],"wp:term":[{"taxonomy":"category","embeddable":true,"href":"https:\/\/arantv.az\/index.php?rest_route=%2Fwp%2Fv2%2Fcategories&post=23764"},{"taxonomy":"post_tag","embeddable":true,"href":"https:\/\/arantv.az\/index.php?rest_route=%2Fwp%2Fv2%2Ftags&post=23764"}],"curies":[{"name":"wp","href":"https:\/\/api.w.org\/{rel}","templated":true}]}}