{"id":23770,"date":"2018-11-17T13:49:17","date_gmt":"2018-11-17T10:49:17","guid":{"rendered":"http:\/\/arantv.az\/?p=23770"},"modified":"2018-11-17T13:49:17","modified_gmt":"2018-11-17T10:49:17","slug":"r%c9%99smi-baki-bel%c9%99-q%c9%99r%c9%99zli-addimlar-fransanin-minsk-qrupunun-h%c9%99ms%c9%99dri-kimi-uz%c9%99rin%c9%99-goturduyu-ohd%c9%99likl%c9%99rl%c9%99-bir-araya-sigmir","status":"publish","type":"post","link":"https:\/\/arantv.az\/?p=23770","title":{"rendered":"R\u0259smi Bak\u0131: Bel\u0259 q\u0259r\u0259zli add\u0131mlar Fransan\u0131n Minsk qrupunun h\u0259ms\u0259dri kimi \u00fcz\u0259rin\u0259 g\u00f6t\u00fcrd\u00fcy\u00fc \u00f6hd\u0259likl\u0259rl\u0259 bir araya s\u0131\u011fm\u0131r"},"content":{"rendered":"<p>Az\u0259rbaycan\u0131n i\u015f\u011fal alt\u0131ndak\u0131 torpaqlar\u0131nda h\u0259yata ke\u00e7iril\u0259n qeyri-qanuni \u0259m\u0259ll\u0259rin t\u0259rkib elementl\u0259rind\u0259n biri d\u0259 i\u015f\u011fal olunmu\u015f \u0259razil\u0259rimizd\u0259 yarad\u0131lm\u0131\u015f qondarma rejimin n\u00fcmay\u0259nd\u0259l\u0259ri kimi \u00f6z\u00fcn\u00fc t\u0259qdim ed\u0259n \u015f\u0259xsl\u0259rin bir s\u0131ra \u00f6lk\u0259l\u0259r\u0259, x\u00fcsusil\u0259 d\u0259 AT\u018fT-in Minsk qrupunun h\u0259ms\u0259dri olan \u00f6lk\u0259l\u0259r\u0259 s\u0259f\u0259ridir.<\/p>\n<p><strong>ARANTV.AZ<\/strong> trend-\u0259 istinad\u0259n bildirir ki, bunu jurnalistl\u0259r\u0259 Az\u0259rbaycan Prezidenti Administrasiyas\u0131n\u0131n Xarici siyas\u0259t m\u0259s\u0259l\u0259l\u0259ri \u015f\u00f6b\u0259sinin m\u00fcdir m\u00fcavini Hikm\u0259t Hac\u0131yev deyib.<\/p>\n<p>H.Hac\u0131yevin s\u00f6zl\u0259rin\u0259 g\u00f6r\u0259, Fransa h\u0259ms\u0259dr \u00f6lk\u0259l\u0259rd\u0259n biridir v\u0259 vasit\u0259\u00e7ilik institutunun mahiyy\u0259ti onu t\u0259l\u0259b edir ki, vasit\u0259\u00e7i \u00f6lk\u0259 tarazl\u0131 m\u00fcnasib\u0259t g\u00f6st\u0259rm\u0259lidir v\u0259 bu kimi q\u0259r\u0259zli add\u0131mlar\u0131n at\u0131lmas\u0131na imkan verm\u0259m\u0259lidir:<\/p>\n<p>&#8220;Fransan\u0131n b\u0259zi \u015f\u0259h\u0259rl\u0259rinin Az\u0259rbaycan\u0131n i\u015f\u011fal olunmu\u015f \u0259razil\u0259ri, \u015f\u0259h\u0259rl\u0259ri il\u0259 &#8220;qarda\u015f olma&#8221; prosesi, \u00f6z\u00fcn\u00fc qondarma rejimin r\u0259hb\u0259rl\u0259ri kimi t\u0259qdim ed\u0259n \u015f\u0259xsl\u0259rin Fransaya s\u0259f\u0259ri kimi hallar ba\u015f verir v\u0259 hesab edirik ki, bunlar Fransan\u0131n AT\u018fT-in Minsk qrupunun h\u0259ms\u0259dr \u00f6lk\u0259si kimi \u00fcz\u0259rin\u0259 g\u00f6t\u00fcrd\u00fcy\u00fc \u00f6hd\u0259likl\u0259rl\u0259 bir araya s\u0131\u011fm\u0131r v\u0259 bunun qar\u015f\u0131s\u0131 al\u0131nmal\u0131d\u0131r&#8221;.<\/p>\n<div id=\"AdributorNativeVideo0\" class=\"AdributorNativeVideo\"><\/div>\n<p>PA r\u0259smisi vur\u011fulay\u0131b ki, Az\u0259rbaycan\u0131n diplomatik n\u00fcmay\u0259nd\u0259likl\u0259ri bu x\u00fcsusda Fransa t\u0259r\u0259fin\u0259 Az\u0259rbaycan\u0131n ciddi etiraz\u0131n\u0131 \u00e7atd\u0131racaqlar:<\/p>\n<p>&#8220;Onu da qeyd etm\u0259k laz\u0131md\u0131r ki, Da\u011fl\u0131q Qaraba\u011f B\u00f6lg\u0259sinin Az\u0259rbaycanl\u0131 \u0130cmas\u0131 da m\u0259s\u0259l\u0259y\u0259 m\u00fcnasib\u0259tini bildirib. \u018fg\u0259r Bako Saakyan kimi bir \u015f\u0259xs Fransa \u0259razisin\u0259 gedirs\u0259, burada icmalara m\u00fcnasib\u0259td\u0259 b\u0259rab\u0259rh\u00fcquqlu m\u00fcnasib\u0259t t\u0259min olunmal\u0131d\u0131r. \u018fg\u0259r insan h\u00fcquqlar\u0131 konsepsiyas\u0131 \u00e7\u0259r\u00e7iv\u0259sind\u0259 m\u0259s\u0259l\u0259y\u0259 bax\u0131r\u0131qsa, h\u0259r iki icma b\u0259rab\u0259rh\u00fcquqlu xarakter da\u015f\u0131y\u0131r v\u0259 h\u0259r hans\u0131 icmaya x\u00fcsusi m\u00fcnasib\u0259t g\u00f6st\u0259rib dig\u0259rl\u0259rinin h\u00fcququnun pozulmas\u0131 insan h\u00fcquqlar\u0131n\u0131n kobud \u015f\u0259kild\u0259 pozulmas\u0131d\u0131r. Ona g\u00f6r\u0259 d\u0259 Fransa v\u0259 dig\u0259r d\u00f6vl\u0259tl\u0259r m\u00fcnaqi\u015f\u0259nin h\u0259lli prosesin\u0259 t\u00f6hf\u0259 verm\u0259k ist\u0259yirl\u0259rs\u0259, ilk n\u00f6vb\u0259d\u0259 Erm\u0259nistan qo\u015funlar\u0131n\u0131n i\u015f\u011fal olunmu\u015f Az\u0259rbaycan torpaqlar\u0131ndan \u00e7\u0131xar\u0131lmas\u0131 t\u0259min olunmal\u0131d\u0131r v\u0259 m\u0259cburi k\u00f6\u00e7k\u00fcnl\u0259rin \u00f6z do\u011fma torpaqlar\u0131na qay\u0131tmas\u0131 h\u00fcququ t\u0259sbit olunmal\u0131d\u0131r&#8221;.<\/p>\n<p>O \u0259lav\u0259 edib ki, bu proses \u00e7\u0259r\u00e7iv\u0259sind\u0259 Da\u011fl\u0131q Qaraba\u011f\u0131n erm\u0259ni v\u0259 az\u0259rbaycanl\u0131 icmalar\u0131 aras\u0131nda dialoq t\u0259\u015fviq olunmal\u0131d\u0131r v\u0259 d\u0259st\u0259kl\u0259nm\u0259lidir: &#8220;Ona g\u00f6r\u0259 d\u0259 h\u0259ms\u0259dr \u00f6lk\u0259l\u0259r v\u0259 beyn\u0259lxalq ictimaiyy\u0259tin bu istiqam\u0259td\u0259 f\u0259aliyy\u0259t g\u00f6st\u0259rm\u0259si faydal\u0131 olard\u0131&#8221;.<\/p>\n","protected":false},"excerpt":{"rendered":"<p>Az\u0259rbaycan\u0131n i\u015f\u011fal alt\u0131ndak\u0131 torpaqlar\u0131nda h\u0259yata ke\u00e7iril\u0259n qeyri-qanuni \u0259m\u0259ll\u0259rin t\u0259rkib elementl\u0259rind\u0259n biri d\u0259 i\u015f\u011fal olunmu\u015f \u0259razil\u0259rimizd\u0259 yarad\u0131lm\u0131\u015f qondarma rejimin n\u00fcmay\u0259nd\u0259l\u0259ri kimi \u00f6z\u00fcn\u00fc t\u0259qdim ed\u0259n \u015f\u0259xsl\u0259rin bir s\u0131ra \u00f6lk\u0259l\u0259r\u0259, x\u00fcsusil\u0259 d\u0259 AT\u018fT-in Minsk qrupunun h\u0259ms\u0259dri olan \u00f6lk\u0259l\u0259r\u0259 s\u0259f\u0259ridir. ARANTV.AZ trend-\u0259 istinad\u0259n bildirir ki, bunu jurnalistl\u0259r\u0259 Az\u0259rbaycan Prezidenti Administrasiyas\u0131n\u0131n Xarici siyas\u0259t m\u0259s\u0259l\u0259l\u0259ri \u015f\u00f6b\u0259sinin m\u00fcdir m\u00fcavini Hikm\u0259t Hac\u0131yev deyib. H.Hac\u0131yevin s\u00f6zl\u0259rin\u0259 g\u00f6r\u0259, Fransa h\u0259ms\u0259dr \u00f6lk\u0259l\u0259rd\u0259n biridir v\u0259 vasit\u0259\u00e7ilik institutunun mahiyy\u0259ti onu t\u0259l\u0259b edir ki, vasit\u0259\u00e7i \u00f6lk\u0259 tarazl\u0131 m\u00fcnasib\u0259t g\u00f6st\u0259rm\u0259lidir v\u0259 bu kimi q\u0259r\u0259zli add\u0131mlar\u0131n at\u0131lmas\u0131na imkan verm\u0259m\u0259lidir: &#8220;Fransan\u0131n b\u0259zi \u015f\u0259h\u0259rl\u0259rinin Az\u0259rbaycan\u0131n i\u015f\u011fal olunmu\u015f \u0259razil\u0259ri,&hellip;<\/p>\n","protected":false},"author":2,"featured_media":23771,"comment_status":"closed","ping_status":"closed","sticky":false,"template":"","format":"standard","meta":{"om_disable_all_campaigns":false,"_monsterinsights_skip_tracking":false,"_monsterinsights_sitenote_active":false,"_monsterinsights_sitenote_note":"","_monsterinsights_sitenote_category":0},"categories":[4],"tags":[],"aioseo_notices":[],"gutentor_comment":0,"rttpg_featured_image_url":{"full":["https:\/\/arantv.az\/wp-content\/uploads\/2018\/11\/704723.jpg",800,600,false],"landscape":["https:\/\/arantv.az\/wp-content\/uploads\/2018\/11\/704723.jpg",800,600,false],"portraits":["https:\/\/arantv.az\/wp-content\/uploads\/2018\/11\/704723.jpg",800,600,false],"thumbnail":["https:\/\/arantv.az\/wp-content\/uploads\/2018\/11\/704723-150x150.jpg",150,150,true],"medium":["https:\/\/arantv.az\/wp-content\/uploads\/2018\/11\/704723-300x225.jpg",300,225,true],"large":["https:\/\/arantv.az\/wp-content\/uploads\/2018\/11\/704723.jpg",640,480,false],"1536x1536":["https:\/\/arantv.az\/wp-content\/uploads\/2018\/11\/704723.jpg",800,600,false],"2048x2048":["https:\/\/arantv.az\/wp-content\/uploads\/2018\/11\/704723.jpg",800,600,false],"post-thumbnail":["https:\/\/arantv.az\/wp-content\/uploads\/2018\/11\/704723-240x172.jpg",240,172,true],"advps-thumb-one":["https:\/\/arantv.az\/wp-content\/uploads\/2018\/11\/704723.jpg",800,600,false]},"rttpg_author":{"display_name":"V\u00fcsal Rafiqo\u011flu","author_link":"https:\/\/arantv.az\/?author=2"},"rttpg_comment":0,"rttpg_category":"<a href=\"https:\/\/arantv.az\/?cat=4\" rel=\"category\">Siyas\u0259t<\/a>","rttpg_excerpt":"Az\u0259rbaycan\u0131n i\u015f\u011fal alt\u0131ndak\u0131 torpaqlar\u0131nda h\u0259yata ke\u00e7iril\u0259n qeyri-qanuni \u0259m\u0259ll\u0259rin t\u0259rkib elementl\u0259rind\u0259n biri d\u0259 i\u015f\u011fal olunmu\u015f \u0259razil\u0259rimizd\u0259 yarad\u0131lm\u0131\u015f qondarma rejimin n\u00fcmay\u0259nd\u0259l\u0259ri kimi \u00f6z\u00fcn\u00fc t\u0259qdim ed\u0259n \u015f\u0259xsl\u0259rin bir s\u0131ra \u00f6lk\u0259l\u0259r\u0259, x\u00fcsusil\u0259 d\u0259 AT\u018fT-in Minsk qrupunun h\u0259ms\u0259dri olan \u00f6lk\u0259l\u0259r\u0259 s\u0259f\u0259ridir. ARANTV.AZ trend-\u0259 istinad\u0259n bildirir ki, bunu jurnalistl\u0259r\u0259 Az\u0259rbaycan Prezidenti Administrasiyas\u0131n\u0131n Xarici siyas\u0259t m\u0259s\u0259l\u0259l\u0259ri \u015f\u00f6b\u0259sinin m\u00fcdir m\u00fcavini Hikm\u0259t Hac\u0131yev deyib.&hellip;","_links":{"self":[{"href":"https:\/\/arantv.az\/index.php?rest_route=\/wp\/v2\/posts\/23770"}],"collection":[{"href":"https:\/\/arantv.az\/index.php?rest_route=\/wp\/v2\/posts"}],"about":[{"href":"https:\/\/arantv.az\/index.php?rest_route=\/wp\/v2\/types\/post"}],"author":[{"embeddable":true,"href":"https:\/\/arantv.az\/index.php?rest_route=\/wp\/v2\/users\/2"}],"replies":[{"embeddable":true,"href":"https:\/\/arantv.az\/index.php?rest_route=%2Fwp%2Fv2%2Fcomments&post=23770"}],"version-history":[{"count":0,"href":"https:\/\/arantv.az\/index.php?rest_route=\/wp\/v2\/posts\/23770\/revisions"}],"wp:featuredmedia":[{"embeddable":true,"href":"https:\/\/arantv.az\/index.php?rest_route=\/wp\/v2\/media\/23771"}],"wp:attachment":[{"href":"https:\/\/arantv.az\/index.php?rest_route=%2Fwp%2Fv2%2Fmedia&parent=23770"}],"wp:term":[{"taxonomy":"category","embeddable":true,"href":"https:\/\/arantv.az\/index.php?rest_route=%2Fwp%2Fv2%2Fcategories&post=23770"},{"taxonomy":"post_tag","embeddable":true,"href":"https:\/\/arantv.az\/index.php?rest_route=%2Fwp%2Fv2%2Ftags&post=23770"}],"curies":[{"name":"wp","href":"https:\/\/api.w.org\/{rel}","templated":true}]}}