{"id":23773,"date":"2018-11-17T13:50:16","date_gmt":"2018-11-17T10:50:16","guid":{"rendered":"http:\/\/arantv.az\/?p=23773"},"modified":"2018-11-17T13:50:16","modified_gmt":"2018-11-17T10:50:16","slug":"oqtay-%c9%99s%c9%99dov-turkpa-nin-10-illik-yubileyi-il%c9%99-bagli-turkiy%c9%99d%c9%99-keciril%c9%99n-konfransda-istirak-ed%c9%99c%c9%99k","status":"publish","type":"post","link":"https:\/\/arantv.az\/?p=23773","title":{"rendered":"Oqtay \u018fs\u0259dov T\u00dcRKPA-n\u0131n 10 illik yubileyi il\u0259 ba\u011fl\u0131 T\u00fcrkiy\u0259d\u0259 ke\u00e7iril\u0259n konfransda i\u015ftirak ed\u0259c\u0259k"},"content":{"rendered":"<p><strong>Milli M\u0259clisin s\u0259dri Oqtay \u018fs\u0259dovun ba\u015f\u00e7\u0131l\u0131\u011f\u0131 il\u0259 parlament n\u00fcmay\u0259nd\u0259 hey\u0259ti T\u00dcRKPA-n\u0131n 8-ci plenar iclas\u0131nda v\u0259 qurumun 10 illik yubileyin\u0259 h\u0259sr olunmu\u015f konfransda i\u015ftirak etm\u0259k \u00fc\u00e7\u00fcn noyabr\u0131n 19-dan 21-d\u0259k T\u00fcrkiy\u0259nin \u0130zmir \u015f\u0259h\u0259rind\u0259 s\u0259f\u0259rd\u0259 olacaq.<\/strong><\/p>\n<p><strong>ARANTV.AZ<\/strong> x\u0259b\u0259r verir ki, M\u0259clis Aparat\u0131ndan\u00a0 trend-\u0259 veril\u0259n m\u0259lumata g\u00f6r\u0259, n\u00fcmay\u0259nd\u0259 hey\u0259tinin t\u0259rkibin\u0259 Milli M\u0259clisin S\u0259hiyy\u0259 komit\u0259sinin s\u0259dri \u018fhliman \u018fmiraslanov, deputatlardan Sevinc H\u00fcseynova, Nizami C\u0259f\u0259rov, \u0130lham \u018fliyev, S\u0259daq\u0259t V\u0259liyeva, Hikm\u0259t M\u0259mm\u0259dov, A\u011falar V\u0259liyev, parlament Aparat\u0131n\u0131n r\u0259hb\u0259ri S\u0259fa Mirz\u0259yev v\u0259 dig\u0259r r\u0259smi \u015f\u0259xsl\u0259r daxildirl\u0259r.<\/p>\n<p>Assambleya \u015euras\u0131n\u0131n 8-ci iclas\u0131nda t\u0259\u015fkilata s\u0259drliyin Q\u0131r\u011f\u0131z\u0131standan T\u00fcrkiy\u0259y\u0259 t\u0259hvil verilm\u0259si m\u0259rasimi ke\u00e7iril\u0259c\u0259k. \u0130clasda T\u00dcRKPA Katibliyinin illik f\u0259aliyy\u0259ti, 2019-2020-ci ill\u0259r \u00fczr\u0259 strateji plan\u0131n t\u0259sdiqi, qurumun h\u00fcquqi bazas\u0131n\u0131n t\u0259kmill\u0259\u015fdirilm\u0259si, t\u0259\u015fkilat\u0131 m\u0259s\u0259l\u0259l\u0259r v\u0259 s. m\u00fczakir\u0259 olunacaq. Sessiyan\u0131n sonunda \u0130zmir B\u0259yannam\u0259si imzalanacaq.<\/p>\n<p>Qurumun 10 illik yubileyi il\u0259 \u0259laq\u0259dar &#8220;T\u00dcRKPA-n\u0131n ilk 10 ili v\u0259 parlamentl\u0259raras\u0131 \u0259m\u0259kda\u015fl\u0131\u011f\u0131n g\u0259l\u0259c\u0259yi: \u0259m\u0259kda\u015fl\u0131\u011fa dair yeni yana\u015fmalar&#8221; m\u00f6vzusunda ke\u00e7iril\u0259c\u0259k konfransda Milli M\u0259clisin s\u0259dri Oqtay \u018fs\u0259dov \u00e7\u0131x\u0131\u015f ed\u0259c\u0259k. Burada t\u0259\u015fkilat\u0131n 10 illik yubileyi m\u00fcnasib\u0259ti il\u0259 T\u00dcRKPA Medal\u0131 il\u0259 m\u00fckafatland\u0131rma m\u0259rasimi d\u0259 ke\u00e7iril\u0259c\u0259k.<\/p>\n<p>S\u0259f\u0259r \u00e7\u0259r\u00e7iv\u0259sind\u0259 Milli M\u0259clis s\u0259drinin t\u0259dbird\u0259 i\u015ftirak ed\u0259n n\u00fcmay\u0259nd\u0259 hey\u0259tl\u0259rinin ba\u015f\u00e7\u0131lar\u0131 il\u0259 bir s\u0131ra g\u00f6r\u00fc\u015fl\u0259ri g\u00f6zl\u0259nilir.<\/p>\n","protected":false},"excerpt":{"rendered":"<p>Milli M\u0259clisin s\u0259dri Oqtay \u018fs\u0259dovun ba\u015f\u00e7\u0131l\u0131\u011f\u0131 il\u0259 parlament n\u00fcmay\u0259nd\u0259 hey\u0259ti T\u00dcRKPA-n\u0131n 8-ci plenar iclas\u0131nda v\u0259 qurumun 10 illik yubileyin\u0259 h\u0259sr olunmu\u015f konfransda i\u015ftirak etm\u0259k \u00fc\u00e7\u00fcn noyabr\u0131n 19-dan 21-d\u0259k T\u00fcrkiy\u0259nin \u0130zmir \u015f\u0259h\u0259rind\u0259 s\u0259f\u0259rd\u0259 olacaq. ARANTV.AZ x\u0259b\u0259r verir ki, M\u0259clis Aparat\u0131ndan\u00a0 trend-\u0259 veril\u0259n m\u0259lumata g\u00f6r\u0259, n\u00fcmay\u0259nd\u0259 hey\u0259tinin t\u0259rkibin\u0259 Milli M\u0259clisin S\u0259hiyy\u0259 komit\u0259sinin s\u0259dri \u018fhliman \u018fmiraslanov, deputatlardan Sevinc H\u00fcseynova, Nizami C\u0259f\u0259rov, \u0130lham \u018fliyev, S\u0259daq\u0259t V\u0259liyeva, Hikm\u0259t M\u0259mm\u0259dov, A\u011falar V\u0259liyev, parlament Aparat\u0131n\u0131n r\u0259hb\u0259ri S\u0259fa Mirz\u0259yev v\u0259 dig\u0259r r\u0259smi \u015f\u0259xsl\u0259r daxildirl\u0259r. Assambleya \u015euras\u0131n\u0131n 8-ci iclas\u0131nda t\u0259\u015fkilata s\u0259drliyin Q\u0131r\u011f\u0131z\u0131standan T\u00fcrkiy\u0259y\u0259 t\u0259hvil verilm\u0259si m\u0259rasimi ke\u00e7iril\u0259c\u0259k. \u0130clasda T\u00dcRKPA&hellip;<\/p>\n","protected":false},"author":2,"featured_media":23774,"comment_status":"closed","ping_status":"closed","sticky":false,"template":"","format":"standard","meta":{"om_disable_all_campaigns":false,"_monsterinsights_skip_tracking":false,"_monsterinsights_sitenote_active":false,"_monsterinsights_sitenote_note":"","_monsterinsights_sitenote_category":0},"categories":[4],"tags":[],"aioseo_notices":[],"gutentor_comment":0,"rttpg_featured_image_url":{"full":["https:\/\/arantv.az\/wp-content\/uploads\/2018\/11\/oqtay_esedov_06.jpg",482,361,false],"landscape":["https:\/\/arantv.az\/wp-content\/uploads\/2018\/11\/oqtay_esedov_06.jpg",482,361,false],"portraits":["https:\/\/arantv.az\/wp-content\/uploads\/2018\/11\/oqtay_esedov_06.jpg",482,361,false],"thumbnail":["https:\/\/arantv.az\/wp-content\/uploads\/2018\/11\/oqtay_esedov_06-150x150.jpg",150,150,true],"medium":["https:\/\/arantv.az\/wp-content\/uploads\/2018\/11\/oqtay_esedov_06-300x225.jpg",300,225,true],"large":["https:\/\/arantv.az\/wp-content\/uploads\/2018\/11\/oqtay_esedov_06.jpg",482,361,false],"1536x1536":["https:\/\/arantv.az\/wp-content\/uploads\/2018\/11\/oqtay_esedov_06.jpg",482,361,false],"2048x2048":["https:\/\/arantv.az\/wp-content\/uploads\/2018\/11\/oqtay_esedov_06.jpg",482,361,false],"post-thumbnail":["https:\/\/arantv.az\/wp-content\/uploads\/2018\/11\/oqtay_esedov_06-240x172.jpg",240,172,true],"advps-thumb-one":["https:\/\/arantv.az\/wp-content\/uploads\/2018\/11\/oqtay_esedov_06.jpg",482,361,false]},"rttpg_author":{"display_name":"V\u00fcsal Rafiqo\u011flu","author_link":"https:\/\/arantv.az\/?author=2"},"rttpg_comment":0,"rttpg_category":"<a href=\"https:\/\/arantv.az\/?cat=4\" rel=\"category\">Siyas\u0259t<\/a>","rttpg_excerpt":"Milli M\u0259clisin s\u0259dri Oqtay \u018fs\u0259dovun ba\u015f\u00e7\u0131l\u0131\u011f\u0131 il\u0259 parlament n\u00fcmay\u0259nd\u0259 hey\u0259ti T\u00dcRKPA-n\u0131n 8-ci plenar iclas\u0131nda v\u0259 qurumun 10 illik yubileyin\u0259 h\u0259sr olunmu\u015f konfransda i\u015ftirak etm\u0259k \u00fc\u00e7\u00fcn noyabr\u0131n 19-dan 21-d\u0259k T\u00fcrkiy\u0259nin \u0130zmir \u015f\u0259h\u0259rind\u0259 s\u0259f\u0259rd\u0259 olacaq. ARANTV.AZ x\u0259b\u0259r verir ki, M\u0259clis Aparat\u0131ndan\u00a0 trend-\u0259 veril\u0259n m\u0259lumata g\u00f6r\u0259, n\u00fcmay\u0259nd\u0259 hey\u0259tinin t\u0259rkibin\u0259 Milli M\u0259clisin S\u0259hiyy\u0259 komit\u0259sinin s\u0259dri \u018fhliman \u018fmiraslanov, deputatlardan Sevinc&hellip;","_links":{"self":[{"href":"https:\/\/arantv.az\/index.php?rest_route=\/wp\/v2\/posts\/23773"}],"collection":[{"href":"https:\/\/arantv.az\/index.php?rest_route=\/wp\/v2\/posts"}],"about":[{"href":"https:\/\/arantv.az\/index.php?rest_route=\/wp\/v2\/types\/post"}],"author":[{"embeddable":true,"href":"https:\/\/arantv.az\/index.php?rest_route=\/wp\/v2\/users\/2"}],"replies":[{"embeddable":true,"href":"https:\/\/arantv.az\/index.php?rest_route=%2Fwp%2Fv2%2Fcomments&post=23773"}],"version-history":[{"count":0,"href":"https:\/\/arantv.az\/index.php?rest_route=\/wp\/v2\/posts\/23773\/revisions"}],"wp:featuredmedia":[{"embeddable":true,"href":"https:\/\/arantv.az\/index.php?rest_route=\/wp\/v2\/media\/23774"}],"wp:attachment":[{"href":"https:\/\/arantv.az\/index.php?rest_route=%2Fwp%2Fv2%2Fmedia&parent=23773"}],"wp:term":[{"taxonomy":"category","embeddable":true,"href":"https:\/\/arantv.az\/index.php?rest_route=%2Fwp%2Fv2%2Fcategories&post=23773"},{"taxonomy":"post_tag","embeddable":true,"href":"https:\/\/arantv.az\/index.php?rest_route=%2Fwp%2Fv2%2Ftags&post=23773"}],"curies":[{"name":"wp","href":"https:\/\/api.w.org\/{rel}","templated":true}]}}