{"id":23779,"date":"2018-11-17T13:58:07","date_gmt":"2018-11-17T10:58:07","guid":{"rendered":"http:\/\/arantv.az\/?p=23779"},"modified":"2018-11-17T14:23:32","modified_gmt":"2018-11-17T11:23:32","slug":"beyn%c9%99lxalq-m%c9%99tbuat-m%c9%99rk%c9%99zind%c9%99-g%c9%99l-ayrilaq-mahni-v%c9%99-klipinin-t%c9%99qdimati-kecirildi-fotolar","status":"publish","type":"post","link":"https:\/\/arantv.az\/?p=23779","title":{"rendered":"Beyn\u0259lxalq M\u0259tbuat m\u0259rk\u0259zind\u0259 \u201cG\u018fl AYRILAQ\u201d Mahn\u0131 v\u0259 klipinin t\u0259qdimati ke\u00e7irildi.-Fotolar"},"content":{"rendered":"<p><strong>ARANTV.AZ<\/strong>\u00a0x\u0259b\u0259r verir ki, t\u0259dbirin t\u0259\u015fkilat\u00e7\u0131s\u0131 Mail\u0259 Kamran bildidirdi ki, 10.11 2018 ci il saat 13.00 da M\u0259nim t\u0259\u015fkilat\u00e7\u0131l\u0131\u011f\u0131m il\u0259 Beyn\u0259lxalq M\u0259tbuat m\u0259rk\u0259zind\u0259 g\u0259nc v\u0259 istedadl\u0131 m\u00fc\u011f\u0259nni Rza Zaman\u0131n s\u00f6zl\u0259ri v\u0259 musiqisi R\u00f6yal Altunun olan \u201cG\u018fl AYRILAQ\u201d Mahn\u0131 v\u0259 klipinin t\u0259qdimat\u0131 ke\u00e7irildi. T\u0259qdimatda ilk s\u00f6z\u00fc t\u0259dbirin t\u0259\u015fkilat\u00e7\u0131s\u0131 Mail\u0259 Kamran a\u00e7araq s\u00f6z\u00fc \u015fair apar\u0131c\u0131 G\u00fcnay Fuadq\u0131z\u0131na verdi. Sonra M\u00fc\u011f\u0259ninin \u00f6z\u00fc mahn\u0131n\u0131n nec\u0259 yaranmas\u0131ndan dan\u0131\u015fd\u0131, Rza Zaman mahn\u0131n\u0131n \u00f6z h\u0259yat\u0131ndan qaynaqland\u0131\u011f\u0131n\u0131 etiraf eder\u0259k vur\u011fulad\u0131k\u0131 bir xan\u0131mla sevgi ya\u015fayib v\u0259 xan\u0131m\u0131n evli olmas\u0131n\u0131 bil\u0259nd\u0259n sonra bu sevgiy\u0259 son qoyub v\u0259 bu mahn\u0131da buna \u0259sas\u0259n yaran\u0131b. Klipin rejissoru Ulvi \u018fsg\u0259rov klip haqq\u0131nda geni\u015f m\u0259lumat verdi, sonra mahn\u0131n mu\u0259llifi, v\u0259 klipd\u0259 rol alan g\u0259nc m\u00fc\u011f\u0259nni v\u0259 aktrisa H\u0259sr\u0259t N\u0259cimsad\u0259 klip haqq\u0131nda dan\u015fd\u0131lar. t\u0259qdimatda bir \u00e7ox tan\u0131nm\u0131\u015f simalar, i\u015f adamlar\u0131 v\u0259 KIV n\u00fcmay\u0259nd\u0259l\u0259ri i\u015ftirak etdil\u0259r. Rza Zaman\u0131 t\u0259brik edir u\u011furlar dil\u0259yirik. MA\u0130L\u018f KAMRAN<\/p>\n<p><img loading=\"lazy\" class=\"alignnone size-medium wp-image-23787\" src=\"https:\/\/arantv.az\/wp-content\/uploads\/2018\/11\/45841118_517903035343692_3322623078558597120_n-1-300x200.jpg\" alt=\"\" width=\"300\" height=\"200\" \/><\/p>\n<p>&nbsp;<\/p>\n<p>&nbsp;<\/p>\n<p><img loading=\"lazy\" class=\"alignnone size-medium wp-image-23785\" src=\"https:\/\/arantv.az\/wp-content\/uploads\/2018\/11\/45858720_294273754550437_2847393382571966464_n-300x200.jpg\" alt=\"\" width=\"300\" height=\"200\" \/><\/p>\n<p><img loading=\"lazy\" class=\"alignnone size-medium wp-image-23786\" src=\"https:\/\/arantv.az\/wp-content\/uploads\/2018\/11\/46003606_1418710914929402_3534648498517442560_n-300x200.jpg\" alt=\"\" width=\"300\" height=\"200\" \/><\/p>\n<p>&nbsp;<\/p>\n","protected":false},"excerpt":{"rendered":"<p>ARANTV.AZ\u00a0x\u0259b\u0259r verir ki, t\u0259dbirin t\u0259\u015fkilat\u00e7\u0131s\u0131 Mail\u0259 Kamran bildidirdi ki, 10.11 2018 ci il saat 13.00 da M\u0259nim t\u0259\u015fkilat\u00e7\u0131l\u0131\u011f\u0131m il\u0259 Beyn\u0259lxalq M\u0259tbuat m\u0259rk\u0259zind\u0259 g\u0259nc v\u0259 istedadl\u0131 m\u00fc\u011f\u0259nni Rza Zaman\u0131n s\u00f6zl\u0259ri v\u0259 musiqisi R\u00f6yal Altunun olan \u201cG\u018fl AYRILAQ\u201d Mahn\u0131 v\u0259 klipinin t\u0259qdimat\u0131 ke\u00e7irildi. T\u0259qdimatda ilk s\u00f6z\u00fc t\u0259dbirin t\u0259\u015fkilat\u00e7\u0131s\u0131 Mail\u0259 Kamran a\u00e7araq s\u00f6z\u00fc \u015fair apar\u0131c\u0131 G\u00fcnay Fuadq\u0131z\u0131na verdi. Sonra M\u00fc\u011f\u0259ninin \u00f6z\u00fc mahn\u0131n\u0131n nec\u0259 yaranmas\u0131ndan dan\u0131\u015fd\u0131, Rza Zaman mahn\u0131n\u0131n \u00f6z h\u0259yat\u0131ndan qaynaqland\u0131\u011f\u0131n\u0131 etiraf eder\u0259k vur\u011fulad\u0131k\u0131 bir xan\u0131mla sevgi ya\u015fayib v\u0259 xan\u0131m\u0131n evli olmas\u0131n\u0131 bil\u0259nd\u0259n sonra bu sevgiy\u0259 son qoyub v\u0259 bu mahn\u0131da buna \u0259sas\u0259n&hellip;<\/p>\n","protected":false},"author":2,"featured_media":23787,"comment_status":"closed","ping_status":"closed","sticky":false,"template":"","format":"standard","meta":{"om_disable_all_campaigns":false,"_monsterinsights_skip_tracking":false,"_monsterinsights_sitenote_active":false,"_monsterinsights_sitenote_note":"","_monsterinsights_sitenote_category":0},"categories":[20],"tags":[],"aioseo_notices":[],"gutentor_comment":0,"rttpg_featured_image_url":{"full":["https:\/\/arantv.az\/wp-content\/uploads\/2018\/11\/45841118_517903035343692_3322623078558597120_n-1.jpg",960,640,false],"landscape":["https:\/\/arantv.az\/wp-content\/uploads\/2018\/11\/45841118_517903035343692_3322623078558597120_n-1.jpg",960,640,false],"portraits":["https:\/\/arantv.az\/wp-content\/uploads\/2018\/11\/45841118_517903035343692_3322623078558597120_n-1.jpg",960,640,false],"thumbnail":["https:\/\/arantv.az\/wp-content\/uploads\/2018\/11\/45841118_517903035343692_3322623078558597120_n-1-150x150.jpg",150,150,true],"medium":["https:\/\/arantv.az\/wp-content\/uploads\/2018\/11\/45841118_517903035343692_3322623078558597120_n-1-300x200.jpg",300,200,true],"large":["https:\/\/arantv.az\/wp-content\/uploads\/2018\/11\/45841118_517903035343692_3322623078558597120_n-1.jpg",640,427,false],"1536x1536":["https:\/\/arantv.az\/wp-content\/uploads\/2018\/11\/45841118_517903035343692_3322623078558597120_n-1.jpg",960,640,false],"2048x2048":["https:\/\/arantv.az\/wp-content\/uploads\/2018\/11\/45841118_517903035343692_3322623078558597120_n-1.jpg",960,640,false],"post-thumbnail":["https:\/\/arantv.az\/wp-content\/uploads\/2018\/11\/45841118_517903035343692_3322623078558597120_n-1-240x172.jpg",240,172,true],"advps-thumb-one":["https:\/\/arantv.az\/wp-content\/uploads\/2018\/11\/45841118_517903035343692_3322623078558597120_n-1-960x620.jpg",960,620,true]},"rttpg_author":{"display_name":"V\u00fcsal Rafiqo\u011flu","author_link":"https:\/\/arantv.az\/?author=2"},"rttpg_comment":0,"rttpg_category":"<a href=\"https:\/\/arantv.az\/?cat=20\" rel=\"category\">\u015eou biznes<\/a>","rttpg_excerpt":"ARANTV.AZ\u00a0x\u0259b\u0259r verir ki, t\u0259dbirin t\u0259\u015fkilat\u00e7\u0131s\u0131 Mail\u0259 Kamran bildidirdi ki, 10.11 2018 ci il saat 13.00 da M\u0259nim t\u0259\u015fkilat\u00e7\u0131l\u0131\u011f\u0131m il\u0259 Beyn\u0259lxalq M\u0259tbuat m\u0259rk\u0259zind\u0259 g\u0259nc v\u0259 istedadl\u0131 m\u00fc\u011f\u0259nni Rza Zaman\u0131n s\u00f6zl\u0259ri v\u0259 musiqisi R\u00f6yal Altunun olan \u201cG\u018fl AYRILAQ\u201d Mahn\u0131 v\u0259 klipinin t\u0259qdimat\u0131 ke\u00e7irildi. T\u0259qdimatda ilk s\u00f6z\u00fc t\u0259dbirin t\u0259\u015fkilat\u00e7\u0131s\u0131 Mail\u0259 Kamran a\u00e7araq s\u00f6z\u00fc \u015fair apar\u0131c\u0131 G\u00fcnay Fuadq\u0131z\u0131na verdi.&hellip;","_links":{"self":[{"href":"https:\/\/arantv.az\/index.php?rest_route=\/wp\/v2\/posts\/23779"}],"collection":[{"href":"https:\/\/arantv.az\/index.php?rest_route=\/wp\/v2\/posts"}],"about":[{"href":"https:\/\/arantv.az\/index.php?rest_route=\/wp\/v2\/types\/post"}],"author":[{"embeddable":true,"href":"https:\/\/arantv.az\/index.php?rest_route=\/wp\/v2\/users\/2"}],"replies":[{"embeddable":true,"href":"https:\/\/arantv.az\/index.php?rest_route=%2Fwp%2Fv2%2Fcomments&post=23779"}],"version-history":[{"count":0,"href":"https:\/\/arantv.az\/index.php?rest_route=\/wp\/v2\/posts\/23779\/revisions"}],"wp:featuredmedia":[{"embeddable":true,"href":"https:\/\/arantv.az\/index.php?rest_route=\/wp\/v2\/media\/23787"}],"wp:attachment":[{"href":"https:\/\/arantv.az\/index.php?rest_route=%2Fwp%2Fv2%2Fmedia&parent=23779"}],"wp:term":[{"taxonomy":"category","embeddable":true,"href":"https:\/\/arantv.az\/index.php?rest_route=%2Fwp%2Fv2%2Fcategories&post=23779"},{"taxonomy":"post_tag","embeddable":true,"href":"https:\/\/arantv.az\/index.php?rest_route=%2Fwp%2Fv2%2Ftags&post=23779"}],"curies":[{"name":"wp","href":"https:\/\/api.w.org\/{rel}","templated":true}]}}