{"id":23802,"date":"2018-11-17T15:30:58","date_gmt":"2018-11-17T12:30:58","guid":{"rendered":"http:\/\/arantv.az\/?p=23802"},"modified":"2018-11-17T15:30:58","modified_gmt":"2018-11-17T12:30:58","slug":"prezident-ilham-%c9%99liyev-gomruk-komit%c9%99si-kollegiyasinin-yeni-t%c9%99rkibini-t%c9%99sdiq-edib","status":"publish","type":"post","link":"https:\/\/arantv.az\/?p=23802","title":{"rendered":"Prezident \u0130lham \u018fliyev G\u00f6mr\u00fck Komit\u0259si kollegiyas\u0131n\u0131n yeni t\u0259rkibini t\u0259sdiq edib"},"content":{"rendered":"<p><strong>Prezident \u0130lham \u018fliyev &#8220;Az\u0259rbaycan Respublikas\u0131 D\u00f6vl\u0259t G\u00f6mr\u00fck Komit\u0259si kollegiyas\u0131n\u0131n t\u0259rkibinin t\u0259sdiq edilm\u0259si haqq\u0131nda&#8221; Az\u0259rbaycan Respublikas\u0131 Prezidentinin 1995-ci il 1 may tarixli 170 n\u00f6mr\u0259li s\u0259r\u0259ncam\u0131nda d\u0259yi\u015fiklik edilm\u0259si bar\u0259d\u0259 S\u0259r\u0259ncam imzalay\u0131b.<\/strong><\/p>\n<p><strong>ARANTV.AZ<\/strong> az\u0259rtac-a istinad\u0259n bildirir ki, s\u0259r\u0259ncama g\u00f6r\u0259, D\u00f6vl\u0259t G\u00f6mr\u00fck Komit\u0259sinin kollegiyas\u0131 a\u015fa\u011f\u0131dak\u0131 t\u0259rkibd\u0259 t\u0259sdiq edilib:<\/p>\n<p>Kollegiyan\u0131n s\u0259dri:<\/p>\n<p>D\u00f6vl\u0259t G\u00f6mr\u00fck Komit\u0259sinin s\u0259dri;<\/p>\n<p>Kollegiyan\u0131n \u00fczvl\u0259ri:<\/p>\n<p>D\u00f6vl\u0259t G\u00f6mr\u00fck Komit\u0259si s\u0259drinin birinci m\u00fcavini;<br \/>\nD\u00f6vl\u0259t G\u00f6mr\u00fck Komit\u0259si s\u0259drinin m\u00fcavinl\u0259ri;<br \/>\nD\u00f6vl\u0259t G\u00f6mr\u00fck Komit\u0259si Aparat\u0131n\u0131n ba\u015f idar\u0259 r\u0259isl\u0259ri;<br \/>\nD\u00f6vl\u0259t G\u00f6mr\u00fck Komit\u0259si Aparat\u0131n\u0131n \u0130nsan Resurslar\u0131 idar\u0259sinin r\u0259isi;<br \/>\nD\u00f6vl\u0259t G\u00f6mr\u00fck Komit\u0259si Aparat\u0131n\u0131n H\u00fcquqi t\u0259minat idar\u0259sinin r\u0259isi;<br \/>\nNax\u00e7\u0131van Muxtar Respublikas\u0131 D\u00f6vl\u0259t G\u00f6mr\u00fck Komit\u0259sinin s\u0259dri;<br \/>\nHava N\u0259qliyyat\u0131nda Ba\u015f G\u00f6mr\u00fck \u0130dar\u0259sinin r\u0259isi;<br \/>\nBak\u0131 Ba\u015f G\u00f6mr\u00fck \u0130dar\u0259sinin r\u0259isi;<br \/>\nSumqay\u0131t Ba\u015f G\u00f6mr\u00fck \u0130dar\u0259sinin r\u0259isi&#8221;.<\/p>\n<p>S\u0259r\u0259ncam imzaland\u0131\u011f\u0131 g\u00fcnd\u0259n q\u00fcvv\u0259y\u0259 minir.<\/p>\n","protected":false},"excerpt":{"rendered":"<p>Prezident \u0130lham \u018fliyev &#8220;Az\u0259rbaycan Respublikas\u0131 D\u00f6vl\u0259t G\u00f6mr\u00fck Komit\u0259si kollegiyas\u0131n\u0131n t\u0259rkibinin t\u0259sdiq edilm\u0259si haqq\u0131nda&#8221; Az\u0259rbaycan Respublikas\u0131 Prezidentinin 1995-ci il 1 may tarixli 170 n\u00f6mr\u0259li s\u0259r\u0259ncam\u0131nda d\u0259yi\u015fiklik edilm\u0259si bar\u0259d\u0259 S\u0259r\u0259ncam imzalay\u0131b. ARANTV.AZ az\u0259rtac-a istinad\u0259n bildirir ki, s\u0259r\u0259ncama g\u00f6r\u0259, D\u00f6vl\u0259t G\u00f6mr\u00fck Komit\u0259sinin kollegiyas\u0131 a\u015fa\u011f\u0131dak\u0131 t\u0259rkibd\u0259 t\u0259sdiq edilib: Kollegiyan\u0131n s\u0259dri: D\u00f6vl\u0259t G\u00f6mr\u00fck Komit\u0259sinin s\u0259dri; Kollegiyan\u0131n \u00fczvl\u0259ri: D\u00f6vl\u0259t G\u00f6mr\u00fck Komit\u0259si s\u0259drinin birinci m\u00fcavini; D\u00f6vl\u0259t G\u00f6mr\u00fck Komit\u0259si s\u0259drinin m\u00fcavinl\u0259ri; D\u00f6vl\u0259t G\u00f6mr\u00fck Komit\u0259si Aparat\u0131n\u0131n ba\u015f idar\u0259 r\u0259isl\u0259ri; D\u00f6vl\u0259t G\u00f6mr\u00fck Komit\u0259si Aparat\u0131n\u0131n \u0130nsan Resurslar\u0131 idar\u0259sinin r\u0259isi; D\u00f6vl\u0259t G\u00f6mr\u00fck Komit\u0259si Aparat\u0131n\u0131n H\u00fcquqi t\u0259minat idar\u0259sinin r\u0259isi; Nax\u00e7\u0131van Muxtar Respublikas\u0131 D\u00f6vl\u0259t&hellip;<\/p>\n","protected":false},"author":2,"featured_media":23803,"comment_status":"closed","ping_status":"closed","sticky":false,"template":"","format":"standard","meta":{"om_disable_all_campaigns":false,"_monsterinsights_skip_tracking":false,"_monsterinsights_sitenote_active":false,"_monsterinsights_sitenote_note":"","_monsterinsights_sitenote_category":0},"categories":[8],"tags":[],"aioseo_notices":[],"gutentor_comment":0,"rttpg_featured_image_url":{"full":["https:\/\/arantv.az\/wp-content\/uploads\/2018\/11\/2018_ilham_aliyev_01-1.jpg",600,450,false],"landscape":["https:\/\/arantv.az\/wp-content\/uploads\/2018\/11\/2018_ilham_aliyev_01-1.jpg",600,450,false],"portraits":["https:\/\/arantv.az\/wp-content\/uploads\/2018\/11\/2018_ilham_aliyev_01-1.jpg",600,450,false],"thumbnail":["https:\/\/arantv.az\/wp-content\/uploads\/2018\/11\/2018_ilham_aliyev_01-1-150x150.jpg",150,150,true],"medium":["https:\/\/arantv.az\/wp-content\/uploads\/2018\/11\/2018_ilham_aliyev_01-1-300x225.jpg",300,225,true],"large":["https:\/\/arantv.az\/wp-content\/uploads\/2018\/11\/2018_ilham_aliyev_01-1.jpg",600,450,false],"1536x1536":["https:\/\/arantv.az\/wp-content\/uploads\/2018\/11\/2018_ilham_aliyev_01-1.jpg",600,450,false],"2048x2048":["https:\/\/arantv.az\/wp-content\/uploads\/2018\/11\/2018_ilham_aliyev_01-1.jpg",600,450,false],"post-thumbnail":["https:\/\/arantv.az\/wp-content\/uploads\/2018\/11\/2018_ilham_aliyev_01-1-240x172.jpg",240,172,true],"advps-thumb-one":["https:\/\/arantv.az\/wp-content\/uploads\/2018\/11\/2018_ilham_aliyev_01-1.jpg",600,450,false]},"rttpg_author":{"display_name":"V\u00fcsal Rafiqo\u011flu","author_link":"https:\/\/arantv.az\/?author=2"},"rttpg_comment":0,"rttpg_category":"<a href=\"https:\/\/arantv.az\/?cat=8\" rel=\"category\">\u018fsas s\u0259hif\u0259<\/a>","rttpg_excerpt":"Prezident \u0130lham \u018fliyev &#8220;Az\u0259rbaycan Respublikas\u0131 D\u00f6vl\u0259t G\u00f6mr\u00fck Komit\u0259si kollegiyas\u0131n\u0131n t\u0259rkibinin t\u0259sdiq edilm\u0259si haqq\u0131nda&#8221; Az\u0259rbaycan Respublikas\u0131 Prezidentinin 1995-ci il 1 may tarixli 170 n\u00f6mr\u0259li s\u0259r\u0259ncam\u0131nda d\u0259yi\u015fiklik edilm\u0259si bar\u0259d\u0259 S\u0259r\u0259ncam imzalay\u0131b. ARANTV.AZ az\u0259rtac-a istinad\u0259n bildirir ki, s\u0259r\u0259ncama g\u00f6r\u0259, D\u00f6vl\u0259t G\u00f6mr\u00fck Komit\u0259sinin kollegiyas\u0131 a\u015fa\u011f\u0131dak\u0131 t\u0259rkibd\u0259 t\u0259sdiq edilib: Kollegiyan\u0131n s\u0259dri: D\u00f6vl\u0259t G\u00f6mr\u00fck Komit\u0259sinin s\u0259dri; Kollegiyan\u0131n \u00fczvl\u0259ri: D\u00f6vl\u0259t G\u00f6mr\u00fck Komit\u0259si&hellip;","_links":{"self":[{"href":"https:\/\/arantv.az\/index.php?rest_route=\/wp\/v2\/posts\/23802"}],"collection":[{"href":"https:\/\/arantv.az\/index.php?rest_route=\/wp\/v2\/posts"}],"about":[{"href":"https:\/\/arantv.az\/index.php?rest_route=\/wp\/v2\/types\/post"}],"author":[{"embeddable":true,"href":"https:\/\/arantv.az\/index.php?rest_route=\/wp\/v2\/users\/2"}],"replies":[{"embeddable":true,"href":"https:\/\/arantv.az\/index.php?rest_route=%2Fwp%2Fv2%2Fcomments&post=23802"}],"version-history":[{"count":0,"href":"https:\/\/arantv.az\/index.php?rest_route=\/wp\/v2\/posts\/23802\/revisions"}],"wp:featuredmedia":[{"embeddable":true,"href":"https:\/\/arantv.az\/index.php?rest_route=\/wp\/v2\/media\/23803"}],"wp:attachment":[{"href":"https:\/\/arantv.az\/index.php?rest_route=%2Fwp%2Fv2%2Fmedia&parent=23802"}],"wp:term":[{"taxonomy":"category","embeddable":true,"href":"https:\/\/arantv.az\/index.php?rest_route=%2Fwp%2Fv2%2Fcategories&post=23802"},{"taxonomy":"post_tag","embeddable":true,"href":"https:\/\/arantv.az\/index.php?rest_route=%2Fwp%2Fv2%2Ftags&post=23802"}],"curies":[{"name":"wp","href":"https:\/\/api.w.org\/{rel}","templated":true}]}}